{"id":152440,"date":"2025-10-02T09:42:13","date_gmt":"2025-10-02T09:42:13","guid":{"rendered":"https:\/\/www.europesays.com\/es\/152440\/"},"modified":"2025-10-02T09:42:13","modified_gmt":"2025-10-02T09:42:13","slug":"jesulin-de-ubrique-habla-de-sus-cuatro-hijos-y-explica-lo-que-siente-por-uno-de-ellos-especialmente","status":"publish","type":"post","link":"https:\/\/www.europesays.com\/es\/152440\/","title":{"rendered":"Jesul\u00edn de Ubrique habla de sus cuatro hijos y explica lo que siente por uno de ellos especialmente"},"content":{"rendered":"<p><strong>Jesul\u00edn de Ubrique<\/strong>\u00a0(51 a\u00f1os) no suele conceder entrevistas en televisi\u00f3n. De hecho, estuvo a\u00f1os alejado de la peque\u00f1a pantalla. Eso s\u00ed, desde hace un tiempo, s\u00ed que tiene cierta presencia en los medios, pero siempre eligiendo bien los programas a los que acudir. Concursos como <strong>\u2018El Desaf\u00edo\u2019 o \u2018MasterChef Celebrity\u2019, <\/strong>en los que dejaba alguna pincelada sobre su vida, implicaban para \u00e9l divertirse y aprender sin tener que estar expuesto a preguntas sobre su lado m\u00e1s personal. Pero de vez en cuando, el torero s\u00ed que sorprende y se sienta en alg\u00fan plat\u00f3<strong>\u00a0<\/strong>para <a href=\"https:\/\/www.lecturas.com\/actualidad\/jesulin-ubrique-revela-dos-parejas-y-destino-como-son-sus-noches-junto-a-maria-jose-campanario_98834\" target=\"_self\" rel=\"nofollow noopener\">tratar temas m\u00e1s \u00edntimos<\/a>. Especialmente, si tiene complicidad con la persona que le entrevista.<\/p>\n<p>Eso es lo que pasaba hace unas horas <strong>en Canal Sur.<\/strong> Jesul\u00edn de Ubrique se convert\u00eda en el<a href=\"https:\/\/www.lecturas.com\/television\/jesulin-ubrique-toni-moreno-recuerdan-su-pasado-juntos-gente-maravillosa-yo-estuve-enamorada_182097\" rel=\"nofollow noopener\" target=\"_blank\"> protagonista del programa \u2018Gente Maravillosa\u2019<\/a> que <strong>presenta To\u00f1i Moreno. <\/strong>El diestro y la presentadora tienen una relaci\u00f3n de amistad desde hace a\u00f1os. Incluso To\u00f1i llegaba a confesar en el programa que <strong>\u201cyo estuve enamorada de \u00e9l\u201d.<\/strong> Una buena relaci\u00f3n que hizo que Jes\u00fas Janeiro se mostrara c\u00f3modo a la hora de hablar de algunos aspectos de su vida con los que suele ser muy reservado. Entre ellos, <strong>sus hijos.<\/strong><\/p>\n<p><img loading=\"lazy\" decoding=\"async\"   src=\"https:\/\/www.europesays.com\/es\/wp-content\/uploads\/2025\/10\/toni-moreno-y-jesulin-de-ubrique_4da356c5_251002061309_1200x624.webp.webp\" alt=\"To\u00f1i Moreno y Jesul\u00edn de Ubrique\" class=\"lazyload\" width=\"1200\" height=\"624\" data-aspectratio=\"1200\/624\"\/><\/p>\n<p>La presentadora y el torero mantuvieron una extensa charla en la que \u00e9l se abri\u00f3 en canal sobre varios temas, entre ellos el de sus hijos.<\/p>\n<p>&#13;Canal Sur<\/p>\n<p>Hay que recordar que<strong> Jesul\u00edn de Ubrique tiene cuatro hijos.<\/strong> La mayor, fruto de su relaci\u00f3n con Bel\u00e9n Esteban. Despu\u00e9s, con su actual mujer Mar\u00eda Jos\u00e9 Campanario,\u00a0 \u00a0se convirti\u00f3 en padre tres veces m\u00e1s. Tres hijos de los que hay que destacar que entre los dos mayores y el peque\u00f1o, hay bastante diferencia de edad. Y es precisamente de esto de lo que ha habl\u00f3 ayer el torero en el programa de la cadena p\u00fablica andaluza.<\/p>\n<p><img loading=\"lazy\" decoding=\"async\"   src=\"https:\/\/www.europesays.com\/es\/wp-content\/uploads\/2025\/10\/jesulin-de-ubrique_ee6c040a_251002061418_1200x669.webp.webp\" alt=\"Jesul\u00edn de Ubrique\" class=\"lazyload\" width=\"1200\" height=\"669\" data-aspectratio=\"1200\/669\"\/><\/p>\n<p>Aunque no suele hablar de sus hijos, durante su entrevista en Canal Sur s\u00ed que habl\u00f3 de los cuatro.<\/p>\n<p>&#13;Canal Sur<br \/>\nEl comentario en el que Jesul\u00edn englob\u00f3 a sus cuatro hijos<\/p>\n<p>Jesul\u00edn de Ubrique sorprendi\u00f3 al hacer <strong>una afirmaci\u00f3n en la que englob\u00f3 a sus cuatro hijos<\/strong>. \u201c<strong>Quiero a todos mis hijos por igual<\/strong>, eso est\u00e1 m\u00e1s que controlado\u201d, asegur\u00f3.<\/p>\n<p>Aunque no los nombr\u00f3 a todos, hay que tener en cuenta que siempre se ha hablado de c\u00f3mo con la mayor tendr\u00eda una relaci\u00f3n mucho m\u00e1s fr\u00eda que con sus otros tres hijos. A d\u00eda de hoy, <strong>incluso su ex Bel\u00e9n Esteban<\/strong> sigue diciendo que le gustar\u00eda contar de este asunto mucho m\u00e1s de lo que cuenta. As\u00ed lo hizo saber esta misma semana en su programa &#8216;No somos nadie&#8217; <a href=\"https:\/\/www.lecturas.com\/television\/belen-esteban-se-pronuncia-tras-conocer-la-ultima-hora-del-estado-de-salud-de-jesulin-de-ubrique_182046\" rel=\"nofollow noopener\" target=\"_blank\">cuando le pusieron un v\u00eddeo de declaraciones de Jesul\u00edn<\/a>. Pero por petici\u00f3n de su hija, no lo hace, puesto que la joven quiere que este tema no salga a relucir ya que ella no quiere la fama que s\u00ed tienen sus padres.<\/p>\n<p><img loading=\"lazy\" decoding=\"async\"   src=\"https:\/\/www.europesays.com\/es\/wp-content\/uploads\/2025\/10\/belen-esteban_77150e0a_251002062121_1200x1800.webp.webp\" alt=\"Bel\u00e9n Esteban\" class=\"lazyload\" width=\"1200\" height=\"1800\" data-aspectratio=\"1200\/1800\"\/><\/p>\n<p>Bel\u00e9n Esteban siempre asegura que calla m\u00e1s de lo que le gustar\u00eda a la hora de hablar de Jesul\u00edn de Ubrique como padre de su hija.<\/p>\n<p>&#13;GTRES<\/p>\n<p>Pero Jesul\u00edn aprovech\u00f3 su presencia en el programa de Canal Sur para <strong>no hacer ninguna diferencia ni entre la mayor <\/strong>ni entre sus tres hijos fruto de su relaci\u00f3n con Mar\u00eda Jos\u00e9 Campanario a la hora de decir si quiere m\u00e1s a alguno u a otro. Eso s\u00ed, lo que s\u00ed que reconoci\u00f3 el torero fue que hay uno con el que todo es diferente. Se trata <strong>de su hijo peque\u00f1o.<\/strong><\/p>\n<p>La diferenciaci\u00f3n que hizo el torero con uno de sus hijos<\/p>\n<p>Jesul\u00edn de Ubrique sac\u00f3 <strong>su lado m\u00e1s tierno <\/strong>durante su conversaci\u00f3n con To\u00f1i Moreno para contar que \u201ces verdad que el peque\u00f1o, cuando ha llegado, que yo ya estoy un poco retirado de todo, pues tengo m\u00e1s tiempo para disfrutar de la vida y <strong>el ni\u00f1o lleg\u00f3 en un momento muy especial<\/strong>. No lo esper\u00e1bamos y cuando lo vimos por primera vez fue\u2026 Puff. Es el juguete de todos\u201d. De este modo, el torero reconoc\u00eda que el hecho de haber sido padre de nuevo tantos a\u00f1os despu\u00e9s y en un momento de su vida muy diferente, hace que esa paternidad la est\u00e9 viviendo de una forma especial.<\/p>\n<p><img loading=\"lazy\" decoding=\"async\"   src=\"https:\/\/www.europesays.com\/es\/wp-content\/uploads\/2025\/10\/jesulin-de-ubrique_16fec1ee_251002061651_1200x606.webp.webp\" alt=\"Jesul\u00edn de Ubrique\" class=\"lazyload\" width=\"1200\" height=\"606\" data-aspectratio=\"1200\/606\"\/><\/p>\n<p>Habl\u00f3 de forma especial de su hijo peque\u00f1o, con el que est\u00e1 viviendo la paternidad de una forma muy diferente.<\/p>\n<p>&#13;Canal Sur<\/p>\n<p>Sobre cu\u00e1ndo naci\u00f3 el peque\u00f1o, cabe recordar que Mar\u00eda Jos\u00e9 Campanario dio a luz a su hijo <strong>en junio del a\u00f1o 2022.<\/strong> Por tanto, el peque\u00f1o tiene tres a\u00f1itos mientras que sus hermanos ya son todos mayores de edad.<\/p>\n<p><img loading=\"lazy\" decoding=\"async\"   src=\"https:\/\/www.europesays.com\/es\/wp-content\/uploads\/2025\/10\/jesulin-de-ubrique-y-maria-jose-campanario_82b1f8aa_251002061531_1200x1501.webp.webp\" alt=\"Jesul\u00edn de Ubrique y Mar\u00eda Jos\u00e9 Campanario \" class=\"lazyload\" width=\"1200\" height=\"1501\" data-aspectratio=\"1200\/1501\"\/><\/p>\n<p>La pareja dio la bienvenida a su tercer hijo en el a\u00f1o 2022. El peque\u00f1o tiene bastante diferencia de edad con sus hermanos, ya que los otros tres son todos mayores de edad.<\/p>\n<p>&#13;GTRES<br \/>\n<img decoding=\"async\" src=\"https:\/\/www.europesays.com\/es\/wp-content\/uploads\/2025\/10\/paloma-rocasolano_4f5ae57a_251002102605_800x800.webp.webp\" alt=\"paloma rocasolano\" class=\"image lazyload\"\/><img loading=\"lazy\" decoding=\"async\" src=\"https:\/\/www.europesays.com\/es\/wp-content\/uploads\/2025\/10\/paloma_5988cac5_251002102656_1280x720.webp.webp\" alt=\"Pisos y cuidados: la incansable ayuda en la sombra de Paloma Rocasolano para Telma Ortiz tras su separaci\u00f3n\" class=\"image lazyload\" width=\"1280\" height=\"720\" data-aspectratio=\"1280\/720\"\/><\/p>\n<p>Adem\u00e1s, el torero confes\u00f3 qu\u00e9 pensar\u00eda en un futuro<strong> si su hijo le dijese que quiere dedicarse a su misma profesi\u00f3n<\/strong>. Sobre esta posibilidad de que su ni\u00f1o sea torero, asegur\u00f3 que \u201csi me dice que quiere ser torero me muero. Lo pasar\u00eda muy mal. En muchas ocasiones dec\u00eda que quer\u00eda que lo fuera, pero me llevar\u00eda un disgusto muy grande. Lo <strong>aceptar\u00eda y lo entender\u00eda <\/strong>y lo apoyar\u00eda\u201d.<\/p>\n<p>El comentario de To\u00f1i Moreno sobre Mar\u00eda Jos\u00e9 Campanario<\/p>\n<p>De la que tambi\u00e9n hablaron To\u00f1i Moreno y Jesul\u00edn de Ubrique, fue <strong>de Mar\u00eda Jos\u00e9 Campanario.<\/strong> Fue cuando la presentadora coment\u00f3 eso de que en el pasado estuvo enamorada de Jes\u00fas cuando pronunci\u00f3 el nombre de la mujer del diestro. \u00abTenemos una broma los tres. Ellos siempre me dicen que cuando quiera me ense\u00f1an y <strong>somos un matrimonio de tres. <\/strong>No saben las que les caer\u00eda encima\u00bb, dec\u00eda To\u00f1i con humor y despertando las carcajadas de su invitado, que se mostr\u00f3 muy c\u00f3modo durante toda la entrevista.<\/p>\n","protected":false},"excerpt":{"rendered":"Jesul\u00edn de Ubrique\u00a0(51 a\u00f1os) no suele conceder entrevistas en televisi\u00f3n. De hecho, estuvo a\u00f1os alejado de la peque\u00f1a&hellip;\n","protected":false},"author":2,"featured_media":152441,"comment_status":"","ping_status":"","sticky":false,"template":"","format":"standard","meta":{"footnotes":""},"categories":[91],"tags":[146,147,25,24,23],"class_list":{"0":"post-152440","1":"post","2":"type-post","3":"status-publish","4":"format-standard","5":"has-post-thumbnail","7":"category-entretenimiento","8":"tag-entertainment","9":"tag-entretenimiento","10":"tag-es","11":"tag-espana","12":"tag-spain"},"share_on_mastodon":{"url":"","error":""},"_links":{"self":[{"href":"https:\/\/www.europesays.com\/es\/wp-json\/wp\/v2\/posts\/152440","targetHints":{"allow":["GET"]}}],"collection":[{"href":"https:\/\/www.europesays.com\/es\/wp-json\/wp\/v2\/posts"}],"about":[{"href":"https:\/\/www.europesays.com\/es\/wp-json\/wp\/v2\/types\/post"}],"author":[{"embeddable":true,"href":"https:\/\/www.europesays.com\/es\/wp-json\/wp\/v2\/users\/2"}],"replies":[{"embeddable":true,"href":"https:\/\/www.europesays.com\/es\/wp-json\/wp\/v2\/comments?post=152440"}],"version-history":[{"count":0,"href":"https:\/\/www.europesays.com\/es\/wp-json\/wp\/v2\/posts\/152440\/revisions"}],"wp:featuredmedia":[{"embeddable":true,"href":"https:\/\/www.europesays.com\/es\/wp-json\/wp\/v2\/media\/152441"}],"wp:attachment":[{"href":"https:\/\/www.europesays.com\/es\/wp-json\/wp\/v2\/media?parent=152440"}],"wp:term":[{"taxonomy":"category","embeddable":true,"href":"https:\/\/www.europesays.com\/es\/wp-json\/wp\/v2\/categories?post=152440"},{"taxonomy":"post_tag","embeddable":true,"href":"https:\/\/www.europesays.com\/es\/wp-json\/wp\/v2\/tags?post=152440"}],"curies":[{"name":"wp","href":"https:\/\/api.w.org\/{rel}","templated":true}]}}