{"id":152450,"date":"2025-10-02T09:47:11","date_gmt":"2025-10-02T09:47:11","guid":{"rendered":"https:\/\/www.europesays.com\/es\/152450\/"},"modified":"2025-10-02T09:47:11","modified_gmt":"2025-10-02T09:47:11","slug":"portal-de-noticias-del-gobierno-de-canarias-157","status":"publish","type":"post","link":"https:\/\/www.europesays.com\/es\/152450\/","title":{"rendered":"Portal de Noticias del Gobierno de Canarias"},"content":{"rendered":"<blockquote>\n<p>El Bolet\u00edn Oficial de Canarias publica la resoluci\u00f3n provisional de subvenciones concedidas por la Direcci\u00f3n General de Mayores y Participaci\u00f3n Activa por un importe que asciende a 3,5 millones d euros<\/p>\n<\/blockquote>\n<p><strong>A trav\u00e9s de estas ayudas se financian proyectos dirigidos a promocionar el envejecimiento activo e inclusi\u00f3n social, intervenci\u00f3n en soledad no deseada y mayores tutelados y promoci\u00f3n y actividades de voluntariado<\/strong><\/p>\n<p>La Consejer\u00eda de Bienestar Social, Igualdad, Juventud, Infancia y Familias del Gobierno de Canarias ha publicado el jueves, 2 de octubre, en el <a href=\"https:\/\/www.gobiernodecanarias.org\/boc\/archivo\/2025\/195\/\" rel=\"nofollow noopener\" target=\"_blank\">Bolet\u00edn Oficial de Canarias<\/a> la resoluci\u00f3n provisional de la convocatoria de subvenciones para el a\u00f1o 2025, destinadas a la ejecuci\u00f3n de proyectos de las \u00e1reas de mayores y voluntariado, por un importe que asciende a 3,5 millones de euros.<\/p>\n<p>A trav\u00e9s de estas ayudas, otorgadas a trav\u00e9s de la Direcci\u00f3n General de Mayores y Participaci\u00f3n Activa, se financian un total de 125 proyectos que tienen como fin la mejora del bienestar de las personas mayores e impulsar acciones de voluntariado.<\/p>\n<p>Seg\u00fan explic\u00f3 la consejera regional del \u00e1rea de Bienestar Social, Candelaria Delgado, \u201ca trav\u00e9s de estas ayudas se busca garantizar la financiaci\u00f3n de proyectos e iniciativas que favorezcan la inclusi\u00f3n social del colectivo de personas mayores de nuestra tierra as\u00ed como promocionen su envejecimiento activo y saludable a la vez que se lucha contra la soledad no deseada y se atiende a las personas mayores que est\u00e1n bajo la tutela del Ejecutivo, adem\u00e1s de buscar el refuerzo del tejido social a trav\u00e9s de la promoci\u00f3n de los proyectos en materia de voluntariado\u201d.<\/p>\n<p>\u201cEstas l\u00edneas de ayudas responden a las pol\u00edticas impulsadas desde la consejer\u00eda de Bienestar Social con el fin de garantizar proyectos y programas en los que se vele por el cuidado y atenci\u00f3n de nuestras personas mayores\u201d, indica la directora general de Mayores y Participaci\u00f3n Activa, Ver\u00f3nica Meseguer, quien recuerda que a estas ayudas pueden acceder las Corporaciones Locales, Mancomunidades y Agrupaciones de Municipios, Cabildos y sus organismos aut\u00f3nomos, as\u00ed como Fundaciones y Universidades P\u00fablicas adem\u00e1s de Entidades privadas sin \u00e1nimo de lucro que desarrollan su actividad en las \u00e1reas objeto de esta convocatoria de ayudas.<\/p>\n<p>Por \u00e1reas de actuaci\u00f3n, la convocatoria de ayudas contempla una partida destinada a financiar los proyectos actividades de envejecimiento activo e inclusi\u00f3n social de personas mayores que asciende a 2 millones de euros, mientras que para las actividades de intervenci\u00f3n en soledad no deseada de las personas mayores se destianan 900.000 euros y para mayores tutelados 100.000 euros.<\/p>\n<p>En relaci\u00f3n al \u00e1mbito de promoci\u00f3n del voluntariado, la cuant\u00eda de las ayudas se sit\u00faa en 200.000 euros, mientras que para los proyectos que realicen actividades de voluntariado se destinan 285.000 euros.<\/p>\n<p>La resoluci\u00f3n provisional de esta convocotoria de ayudas establece un plazo de cinco d\u00edas h\u00e1biles a partir de la publicaci\u00f3n de esta resoluci\u00f3n, es decir, hasta el viernes, 9 de octubre, inclusivo, para que las entidades puedan presentar la documentaci\u00f3n pertinente a trav\u00e9s de Sede electr\u00f3nica: <a href=\"https:\/\/sede.gobiernodecanarias.org\/sede\/area_personal\" rel=\"nofollow noopener\" target=\"_blank\">SUBVENCIONES MAYORES Y VOLUNTARIADO<\/a><\/p>\n","protected":false},"excerpt":{"rendered":"El Bolet\u00edn Oficial de Canarias publica la resoluci\u00f3n provisional de subvenciones concedidas por la Direcci\u00f3n General de Mayores&hellip;\n","protected":false},"author":2,"featured_media":152451,"comment_status":"","ping_status":"","sticky":false,"template":"","format":"standard","meta":{"footnotes":""},"categories":[5],"tags":[17,18,25,24,13,14,11,19,20,9,10,15,16,23,12,21,22],"class_list":{"0":"post-152450","1":"post","2":"type-post","3":"status-publish","4":"format-standard","5":"has-post-thumbnail","7":"category-titulares","8":"tag-breaking-news","9":"tag-breakingnews","10":"tag-es","11":"tag-espana","12":"tag-featured-news","13":"tag-featurednews","14":"tag-headlines","15":"tag-latest-news","16":"tag-latestnews","17":"tag-news","18":"tag-noticias","19":"tag-noticias-destacadas","20":"tag-noticiasdestacadas","21":"tag-spain","22":"tag-titulares","23":"tag-ultimas-noticias","24":"tag-ultimasnoticias"},"share_on_mastodon":{"url":"","error":""},"_links":{"self":[{"href":"https:\/\/www.europesays.com\/es\/wp-json\/wp\/v2\/posts\/152450","targetHints":{"allow":["GET"]}}],"collection":[{"href":"https:\/\/www.europesays.com\/es\/wp-json\/wp\/v2\/posts"}],"about":[{"href":"https:\/\/www.europesays.com\/es\/wp-json\/wp\/v2\/types\/post"}],"author":[{"embeddable":true,"href":"https:\/\/www.europesays.com\/es\/wp-json\/wp\/v2\/users\/2"}],"replies":[{"embeddable":true,"href":"https:\/\/www.europesays.com\/es\/wp-json\/wp\/v2\/comments?post=152450"}],"version-history":[{"count":0,"href":"https:\/\/www.europesays.com\/es\/wp-json\/wp\/v2\/posts\/152450\/revisions"}],"wp:featuredmedia":[{"embeddable":true,"href":"https:\/\/www.europesays.com\/es\/wp-json\/wp\/v2\/media\/152451"}],"wp:attachment":[{"href":"https:\/\/www.europesays.com\/es\/wp-json\/wp\/v2\/media?parent=152450"}],"wp:term":[{"taxonomy":"category","embeddable":true,"href":"https:\/\/www.europesays.com\/es\/wp-json\/wp\/v2\/categories?post=152450"},{"taxonomy":"post_tag","embeddable":true,"href":"https:\/\/www.europesays.com\/es\/wp-json\/wp\/v2\/tags?post=152450"}],"curies":[{"name":"wp","href":"https:\/\/api.w.org\/{rel}","templated":true}]}}