{"id":152454,"date":"2025-10-02T09:50:08","date_gmt":"2025-10-02T09:50:08","guid":{"rendered":"https:\/\/www.europesays.com\/es\/152454\/"},"modified":"2025-10-02T09:50:08","modified_gmt":"2025-10-02T09:50:08","slug":"ian-machado-garry-vs-belal-muhammad-partido-de-peso-mediano-establecido-para-ufc-qatar","status":"publish","type":"post","link":"https:\/\/www.europesays.com\/es\/152454\/","title":{"rendered":"Ian Machado Garry vs Belal Muhammad: Partido de peso mediano establecido para UFC Qatar"},"content":{"rendered":"<p>        <a href=\"https:\/\/www.europesays.com\/es\/wp-content\/uploads\/2025\/10\/3b2326e0-9f68-11f0-99d3-79886bca9dc5.jpg\" data-caption=\"\"><img decoding=\"async\" post-id=\"55068\" fifu-featured=\"1\" width=\"640\" height=\"\" class=\"entry-thumb td-modal-image\" src=\"https:\/\/www.europesays.com\/es\/wp-content\/uploads\/2025\/10\/3b2326e0-9f68-11f0-99d3-79886bca9dc5.jpg\" alt=\"Ian Machado Garry vs Belal Muhammad: Partido de peso mediano establecido para UFC Qatar\" title=\"Ian Machado Garry vs Belal Muhammad: Partido de peso mediano establecido para UFC Qatar\"\/><\/a><\/p>\n<p class=\"ssrcss-1q0x1qg-Paragraph e1jhz7w10\"><b class=\"ssrcss-1xjjfut-BoldText e5tfeyi3\">Ian Machado Garry de Irlanda se enfrentar\u00e1 al ex campe\u00f3n de peso mediano Belal Muhammad en un evento conjunto en UFC Qatar el 22 de noviembre.<\/b><\/p>\n<p class=\"ssrcss-1q0x1qg-Paragraph e1jhz7w10\">El jugador de 27 a\u00f1os venci\u00f3 a Carlos Prates en diciembre de 2024 para vencer a Shavkat Rakhmonov en la primera victoria del grupo.<\/p>\n<p class=\"ssrcss-1q0x1qg-Paragraph e1jhz7w10\">Muhammad, Estados Unidos, perdi\u00f3 el cintur\u00f3n de Jack Della Maddalena en mayo y competir\u00e1 con Machado Garry para regresar al marco del t\u00edtulo.<\/p>\n<p class=\"ssrcss-1q0x1qg-Paragraph e1jhz7w10\">El ganador se enfrentar\u00e1 al primer t\u00edtulo defensivo del Australia Della Maddalena contra el Islam Makhachev en UFC 322 en noviembre.<\/p>\n<p class=\"ssrcss-1q0x1qg-Paragraph e1jhz7w10\">Makhachev de Rusia retir\u00f3 su t\u00edtulo ligero para enfrentar a los australianos.<\/p>\n<p class=\"ssrcss-1q0x1qg-Paragraph e1jhz7w10\">Arman Tsarukyan de Armenia y Dan Hooker de Nueva Zelanda se enfrentar\u00e1n en un conflicto liviano en Qatar.<\/p>\n<p class=\"ssrcss-1q0x1qg-Paragraph e1jhz7w10\">Esta ser\u00e1 la primera vez que Tsarukyan regres\u00f3 al oct\u00e1gono despu\u00e9s de retirarse de la batalla del t\u00edtulo contra Makhachev en enero, ya que Hooker no ha podido competir desde agosto de 2024 debido a lesiones en las manos en curso.<\/p>\n<p><a href=\"https:\/\/www.bbc.com\/sport\/mixed-martial-arts\/articles\/cx2n13355e0o?at_medium=RSS&amp;at_campaign=rss&amp;rand=115\" rel=\"nofollow noopener\" target=\"_blank\">Enlace de origen<\/a><\/p>\n","protected":false},"excerpt":{"rendered":"Ian Machado Garry de Irlanda se enfrentar\u00e1 al ex campe\u00f3n de peso mediano Belal Muhammad en un evento&hellip;\n","protected":false},"author":2,"featured_media":152455,"comment_status":"","ping_status":"","sticky":false,"template":"","format":"standard","meta":{"footnotes":""},"categories":[276],"tags":[168,25,24,23,167,343],"class_list":{"0":"post-152454","1":"post","2":"type-post","3":"status-publish","4":"format-standard","5":"has-post-thumbnail","7":"category-ufc","8":"tag-deportes","9":"tag-es","10":"tag-espana","11":"tag-spain","12":"tag-sports","13":"tag-ufc"},"share_on_mastodon":{"url":"","error":""},"_links":{"self":[{"href":"https:\/\/www.europesays.com\/es\/wp-json\/wp\/v2\/posts\/152454","targetHints":{"allow":["GET"]}}],"collection":[{"href":"https:\/\/www.europesays.com\/es\/wp-json\/wp\/v2\/posts"}],"about":[{"href":"https:\/\/www.europesays.com\/es\/wp-json\/wp\/v2\/types\/post"}],"author":[{"embeddable":true,"href":"https:\/\/www.europesays.com\/es\/wp-json\/wp\/v2\/users\/2"}],"replies":[{"embeddable":true,"href":"https:\/\/www.europesays.com\/es\/wp-json\/wp\/v2\/comments?post=152454"}],"version-history":[{"count":0,"href":"https:\/\/www.europesays.com\/es\/wp-json\/wp\/v2\/posts\/152454\/revisions"}],"wp:featuredmedia":[{"embeddable":true,"href":"https:\/\/www.europesays.com\/es\/wp-json\/wp\/v2\/media\/152455"}],"wp:attachment":[{"href":"https:\/\/www.europesays.com\/es\/wp-json\/wp\/v2\/media?parent=152454"}],"wp:term":[{"taxonomy":"category","embeddable":true,"href":"https:\/\/www.europesays.com\/es\/wp-json\/wp\/v2\/categories?post=152454"},{"taxonomy":"post_tag","embeddable":true,"href":"https:\/\/www.europesays.com\/es\/wp-json\/wp\/v2\/tags?post=152454"}],"curies":[{"name":"wp","href":"https:\/\/api.w.org\/{rel}","templated":true}]}}