{"id":152458,"date":"2025-10-02T09:53:04","date_gmt":"2025-10-02T09:53:04","guid":{"rendered":"https:\/\/www.europesays.com\/es\/152458\/"},"modified":"2025-10-02T09:53:04","modified_gmt":"2025-10-02T09:53:04","slug":"el-israel-y-su-exclusion-del-giro-dellemilia-es-lamentable-que-las-amenazas-alteren-el-ciclismo","status":"publish","type":"post","link":"https:\/\/www.europesays.com\/es\/152458\/","title":{"rendered":"El Israel y su exclusi\u00f3n del Giro dell\u2019Emilia: \u201cEs lamentable que las amenazas alteren el ciclismo\u201d"},"content":{"rendered":"<p class=\"\"><b>El equipo Israel &#8211; Premier Tech sigue en el ojo del hurac\u00e1n<\/b> en el mundo del ciclismo por su presencia en las grandes carreras ciclistas del calendario (algo que se han ganado por m\u00e9ritos deportivos al ser uno de los dos mejores equipos de categor\u00eda UCI ProTeam) <b>a ra\u00edz del genocidio en Gaza.<\/b><\/p>\n<p class=\"\"><b>La presencia del equipo en la pasada Vuelta a Espa\u00f1a ya provoc\u00f3 incidentes por las protestas pro-Palestina <\/b>en varias etapas como la crono de Figueres, donde varios manifestantes pararon el paso de los ciclistas en la crono por equipos; y en las etapas de Bilbao, Mos (donde no se pudo llegar a meta), de la Bola del Mundo y en la jornada final de Madrid, donde no pudo terminar la carrera.<\/p>\n<p class=\"\">A ra\u00edz de los incidentes sucedidos en La Vuelta,<b> la organizaci\u00f3n del Giro dell\u2019Emilia <\/b>sigui\u00f3 la recomendaci\u00f3n del ayuntamiento de Bolonia, donde se celebra la prueba, <b>y decidi\u00f3 retirar la invitaci\u00f3n a la escuadra israel\u00ed <\/b>ante la amenaza de posibles bloqueos de la carrera por su presencia.<\/p>\n<p class=\"\">Una exclusi\u00f3n que ya ha tenido respuesta por parte del equipo Israel, que en declaraciones al portal Cyclingnews valoraban as\u00ed el hecho de no poder competir en el Giro dell\u2019Emilia. <b>\u201cConsideramos extremadamente lamentable que las amenazas de violencia hayan alterado el ciclismo\u201d,<\/b> a la vez que deseaban, pese a su exclusi\u00f3n, mucho \u00e9xito a los organizadores de la carrera. <\/p>\n<p>Noticias relacionadas<\/p>\n<p class=\"\">Por el momento, <b>el Israel s\u00ed tiene previsto competir en el resto de cl\u00e1sicas de oto\u00f1o<\/b> en Italia previstas para las pr\u00f3ximas semanas, entre ellas el Giro del Lombard\u00eda (11 octubre), el \u00faltimo monumento de la temporada.<\/p>\n<p class=\"\"><b>\u00a1Tus opiniones importan!<\/b> Comenta en los art\u00edculos y suscr\u00edbete gratis a nuestra <a href=\"https:\/\/asfan.as.com\/newsletters\/\" target=\"_blank\" rel=\"nofollow noopener\" title=\"https:\/\/asfan.as.com\/newsletters\/\">newsletter<\/a> y a las alertas informativas en la <a href=\"https:\/\/as.com\/aplicacion-de-as-n\/\" target=\"_blank\" rel=\"nofollow noopener\" title=\"https:\/\/as.com\/aplicacion-de-as-n\/\">App<\/a> o el canal de <a href=\"https:\/\/www.whatsapp.com\/channel\/0029VaAasdA7j6g745nz9M10\" target=\"_blank\" rel=\"nofollow noopener\" title=\"https:\/\/www.whatsapp.com\/channel\/0029VaAasdA7j6g745nz9M10\">WhatsApp<\/a>. \u00bfBuscas licenciar contenido? Haz clic <a href=\"https:\/\/profesional.elpais.com\/soluciones-sindicacion?utm_medium=interno&amp;utm_source=crosslinking&amp;utm_campaign=sindicacion_as_pie_articulos\" target=\"_blank\" rel=\"nofollow noopener\" title=\"https:\/\/profesional.elpais.com\/soluciones-sindicacion?utm_medium=interno&amp;utm_source=crosslinking&amp;utm_campaign=sindicacion_as_pie_articulos\">aqu\u00ed<\/a><\/p>\n","protected":false},"excerpt":{"rendered":"El equipo Israel &#8211; Premier Tech sigue en el ojo del hurac\u00e1n en el mundo del ciclismo por&hellip;\n","protected":false},"author":2,"featured_media":152459,"comment_status":"","ping_status":"","sticky":false,"template":"","format":"standard","meta":{"footnotes":""},"categories":[273],"tags":[313,312,168,25,24,23,167],"class_list":{"0":"post-152458","1":"post","2":"type-post","3":"status-publish","4":"format-standard","5":"has-post-thumbnail","7":"category-ciclismo","8":"tag-ciclismo","9":"tag-cycling","10":"tag-deportes","11":"tag-es","12":"tag-espana","13":"tag-spain","14":"tag-sports"},"share_on_mastodon":{"url":"","error":""},"_links":{"self":[{"href":"https:\/\/www.europesays.com\/es\/wp-json\/wp\/v2\/posts\/152458","targetHints":{"allow":["GET"]}}],"collection":[{"href":"https:\/\/www.europesays.com\/es\/wp-json\/wp\/v2\/posts"}],"about":[{"href":"https:\/\/www.europesays.com\/es\/wp-json\/wp\/v2\/types\/post"}],"author":[{"embeddable":true,"href":"https:\/\/www.europesays.com\/es\/wp-json\/wp\/v2\/users\/2"}],"replies":[{"embeddable":true,"href":"https:\/\/www.europesays.com\/es\/wp-json\/wp\/v2\/comments?post=152458"}],"version-history":[{"count":0,"href":"https:\/\/www.europesays.com\/es\/wp-json\/wp\/v2\/posts\/152458\/revisions"}],"wp:featuredmedia":[{"embeddable":true,"href":"https:\/\/www.europesays.com\/es\/wp-json\/wp\/v2\/media\/152459"}],"wp:attachment":[{"href":"https:\/\/www.europesays.com\/es\/wp-json\/wp\/v2\/media?parent=152458"}],"wp:term":[{"taxonomy":"category","embeddable":true,"href":"https:\/\/www.europesays.com\/es\/wp-json\/wp\/v2\/categories?post=152458"},{"taxonomy":"post_tag","embeddable":true,"href":"https:\/\/www.europesays.com\/es\/wp-json\/wp\/v2\/tags?post=152458"}],"curies":[{"name":"wp","href":"https:\/\/api.w.org\/{rel}","templated":true}]}}