{"id":152466,"date":"2025-10-02T09:57:08","date_gmt":"2025-10-02T09:57:08","guid":{"rendered":"https:\/\/www.europesays.com\/es\/152466\/"},"modified":"2025-10-02T09:57:08","modified_gmt":"2025-10-02T09:57:08","slug":"begona-gomez-daba-el-movil-oficial-de-su-asesora-en-la-moncloa-para-cerrar-promociones-de-su-catedra","status":"publish","type":"post","link":"https:\/\/www.europesays.com\/es\/152466\/","title":{"rendered":"Bego\u00f1a G\u00f3mez daba el m\u00f3vil oficial de su asesora en La Moncloa para cerrar promociones de su c\u00e1tedra"},"content":{"rendered":"<p><strong>Bego\u00f1a G\u00f3mez<\/strong> no s\u00f3lo se serv\u00eda de la directora de programas de la Presidencia del Gobierno, <strong>Cristina \u00c1lvarez<\/strong>, como secretaria personal para sus actividades profesionales. Tambi\u00e9n emplazaba a contactar con ella, a trav\u00e9s de su tel\u00e9fono m\u00f3vil oficial de La Moncloa, para organizar <strong>sus eventos privados<\/strong>.<\/p>\n<p>As\u00ed se desprende de los correos analizados por la<strong> Unidad Central Operativa<\/strong> (UCO) de la Guardia Civil, que ponen de manifiesto que \u00c1lvarez se ocupaba de las gestiones relacionadas con la c\u00e1tedra de Transformaci\u00f3n Social Competitiva que dirig\u00eda la mujer de Pedro S\u00e1nchez en la Complutense de Madrid y de otros asuntos estrictamente privados.<\/p>\n<p>Bego\u00f1a G\u00f3mez empleaba a Cristina \u00c1lvarez <strong>como intermediaria<\/strong> para m\u00faltiples actividades de distinta \u00edndole, relacionadas con su c\u00e1tedra. E incluso facilitaba medios oficiales para organizar esta agenda.<\/p>\n<p>As\u00ed, el informe de la Guardia Civil detalla que el 21 de noviembre de 2022 G\u00f3mez recibe un mensaje del Centro Nacional de Investigaci\u00f3n sobre la Evoluci\u00f3n Humana (CENIEH), un centro cient\u00edfico financiado por el Estado, \u00abinvitando a visitar el centro y mostrando inter\u00e9s en la materia de la c\u00e1tedra\u00bb. \u00abEse mismo d\u00eda, G\u00f3mez emite respuesta mostrando su disposici\u00f3n para colaborar con el CENIEH, de tal manera <strong>que facilita el tel\u00e9fono de contacto de \u00c1lvarez<\/strong> para concertar una videollamada en aras de tratar el asunto\u00bb, recogen los investigadores.<\/p>\n<p>\u00abMi compa\u00f1era Cristina\u00bb<\/p>\n<p>La mujer de S\u00e1nchez responde as\u00ed a la invitaci\u00f3n del CENIEH, que se gestiona a trav\u00e9s de un consorcio integrado al 50% por la Administraci\u00f3n General del Estado -a trav\u00e9s del Ministerio de Ciencia- y por el Gobierno de Castilla y Le\u00f3n:<\/p>\n<p>\u00abHola Mar\u00eda, encantada de saludarte y felicidades por vuestro trabajo, veo que tenemos muchas cosas en com\u00fan y varias l\u00edneas de trabajo abiertas con el mismo prop\u00f3sito. Como te habr\u00e1 contado Juan Carlos, uno de los objetivos de la c\u00e1tedra TSC es la difusi\u00f3n y divulgaci\u00f3n de la Agenda 2030 y c\u00f3mo contribuir positivamente al impacto social y medioambiental\u00bb.<\/p>\n<p>\u00abPara m\u00ed ser\u00eda un orgullo poder participar en esta jornada y que pueda realizarse en la semana de la mujer y la ciencia me parece un marco muy oportuno. Te propongo <strong>que hables con mi compa\u00f1era Cristina<\/strong> tlf 609xxxxxx para agendar una videollamada en las pr\u00f3ximas semanas y hablar m\u00e1s extensamente de las posibilidades que ofrece esta jornada. Un cordial saludo a todos y nos vemos pronto\u00bb, remiti\u00f3 personalmente Bego\u00f1a G\u00f3mez, emplazando as\u00ed al CENIEH a ponerse en contacto con Cristina \u00c1lvarez, contratada como directora de Programas de la Presidencia del Gobierno, para organizar su colaboraci\u00f3n en las jornadas.<\/p>\n<p>Experta en ciencia<\/p>\n<p>El CENIEH tiene entre sus actividades principales la gesti\u00f3n y conservaci\u00f3n de las colecciones paleontol\u00f3gicas y arqueol\u00f3gicas procedentes de las <strong>excavaciones de Atapuerca<\/strong>.<\/p>\n<p>Como\u00a0<a href=\"https:\/\/okdiario.com\/espana\/gobierno-promociono-begona-gomez-como-experta-ciencia-quimicos-medicos-arqueologos-14074384\" data-mrf-link=\"https:\/\/okdiario.com\/espana\/gobierno-promociono-begona-gomez-como-experta-ciencia-quimicos-medicos-arqueologos-14074384\" rel=\"nofollow noopener\" target=\"_blank\">revel\u00f3 OKDIARIO<\/a>, en febrero de 2023 la mujer de Pedro S\u00e1nchez ejerci\u00f3 como ponente en las jornadas de la\u00a0Semana Mujer y Ciencia, organizadas por el centro <strong>con la colaboraci\u00f3n del Ministerio de Ciencia<\/strong>.<\/p>\n<p>La conferencia de G\u00f3mez llevaba por t\u00edtulo Mujer y Ciencia: Pilares de la Transformaci\u00f3n Social\u00a0y su presencia result\u00f3 especialmente llamativa en un programa <strong>con conferencias sobre gen\u00e9tica, arqueolog\u00eda o qu\u00edmica y expertos en dichas materias.<\/strong><\/p>\n<p>\u00abEs preocupante <strong>la escasez de mujeres en los escalones de las carreras investigadoras<\/strong>. El 84% de los proyectos de investigaci\u00f3n est\u00e1n dirigidos por hombres\u00bb, critic\u00f3 Bego\u00f1a G\u00f3mez, que reclam\u00f3 \u00ableyes\u00bb y \u00abalianzas\u00bb para la financiaci\u00f3n.<strong>\u00a0<\/strong><\/p>\n<p>Igualmente, aprovech\u00f3 el foro para promocionar su c\u00e1tedra de la Complutense:<\/p>\n<p>\u00abDesde la c\u00e1tedra de Transformaci\u00f3n Social Competitiva trabajamos con las empresas para que puedan transitar el camino de la empresa tradicional y sostenible con impacto, facilitando procesos, formaci\u00f3n,<strong>\u00a0herramientas tecnol\u00f3gicas para generar impacto positivo<\/strong> pero tambi\u00e9n beneficios, porque la sostenibilidad no est\u00e1 re\u00f1ida con la rentabilidad\u00bb, destac\u00f3 la esposa del presidente del Gobierno.<\/p>\n<p>El an\u00e1lisis de los correos entre el ex vicerrector Juan Carlos Doadrio y la asesora Cristina \u00c1lvarez, en el marco de la causa sobre malversaci\u00f3n, acredita que \u00e9sta <strong>se ocupaba de numerosas gestiones<\/strong> para la c\u00e1tedra de Bego\u00f1a G\u00f3mez, entre ellas, contactar con distintas empresas y entidades para lograr financiaci\u00f3n. \u00c1lvarez se encargaba directamente de los convenios firmados para patrocinar la c\u00e1tedra de la esposa de S\u00e1nchez.<\/p>\n","protected":false},"excerpt":{"rendered":"Bego\u00f1a G\u00f3mez no s\u00f3lo se serv\u00eda de la directora de programas de la Presidencia del Gobierno, Cristina \u00c1lvarez,&hellip;\n","protected":false},"author":2,"featured_media":152467,"comment_status":"","ping_status":"","sticky":false,"template":"","format":"standard","meta":{"footnotes":""},"categories":[174],"tags":[255,146,147,25,24,256,23],"class_list":{"0":"post-152466","1":"post","2":"type-post","3":"status-publish","4":"format-standard","5":"has-post-thumbnail","7":"category-famosos","8":"tag-celebrities","9":"tag-entertainment","10":"tag-entretenimiento","11":"tag-es","12":"tag-espana","13":"tag-famosos","14":"tag-spain"},"share_on_mastodon":{"url":"","error":""},"_links":{"self":[{"href":"https:\/\/www.europesays.com\/es\/wp-json\/wp\/v2\/posts\/152466","targetHints":{"allow":["GET"]}}],"collection":[{"href":"https:\/\/www.europesays.com\/es\/wp-json\/wp\/v2\/posts"}],"about":[{"href":"https:\/\/www.europesays.com\/es\/wp-json\/wp\/v2\/types\/post"}],"author":[{"embeddable":true,"href":"https:\/\/www.europesays.com\/es\/wp-json\/wp\/v2\/users\/2"}],"replies":[{"embeddable":true,"href":"https:\/\/www.europesays.com\/es\/wp-json\/wp\/v2\/comments?post=152466"}],"version-history":[{"count":0,"href":"https:\/\/www.europesays.com\/es\/wp-json\/wp\/v2\/posts\/152466\/revisions"}],"wp:featuredmedia":[{"embeddable":true,"href":"https:\/\/www.europesays.com\/es\/wp-json\/wp\/v2\/media\/152467"}],"wp:attachment":[{"href":"https:\/\/www.europesays.com\/es\/wp-json\/wp\/v2\/media?parent=152466"}],"wp:term":[{"taxonomy":"category","embeddable":true,"href":"https:\/\/www.europesays.com\/es\/wp-json\/wp\/v2\/categories?post=152466"},{"taxonomy":"post_tag","embeddable":true,"href":"https:\/\/www.europesays.com\/es\/wp-json\/wp\/v2\/tags?post=152466"}],"curies":[{"name":"wp","href":"https:\/\/api.w.org\/{rel}","templated":true}]}}