{"id":152470,"date":"2025-10-02T09:59:10","date_gmt":"2025-10-02T09:59:10","guid":{"rendered":"https:\/\/www.europesays.com\/es\/152470\/"},"modified":"2025-10-02T09:59:10","modified_gmt":"2025-10-02T09:59:10","slug":"la-libreria-murmuri-abre-sus-puertas-en-manresa-con-1-300-titulos","status":"publish","type":"post","link":"https:\/\/www.europesays.com\/es\/152470\/","title":{"rendered":"La Librer\u00eda Murmuri abre sus puertas en Manresa con 1.300 t\u00edtulos"},"content":{"rendered":"<p class=\"ft-text ft-helper-closenews\">Los libros ya est\u00e1n en las estanter\u00edas y, a partir de este s\u00e1bado, a disposici\u00f3n de los lectores que quieran entrar a curiosear y comprar. <strong>La Librer\u00eda Murmuri, que dirigen Anna Hern\u00e0ndez y Alba Gr\u00e0cia en Manresa, abre sus puertas con una festiva jornada inaugural que empezar\u00e1 a las 11 h e invita a todo el mundo a participar hasta el mediod\u00eda.<\/strong><\/p>\n<p class=\"ft-text\">\u00abQueremos que sea un espacio cultural\u00bb, explicaban ayer las libreras mientras daban los \u00faltimos retoques antes de subir hoy por primera vez la persiana del local de 47 m\u00b2 \u00fatiles, situado en el n\u00famero 8 de la calle del Cap del Rec, en el casco antiguo de Manresa, junto a la plaza Mayor. Las primeras actividades est\u00e1n programadas para hoy mismo: en una de las paredes del establecimiento se exhibe una selecci\u00f3n de ilustraciones de Maria i Punt; a las 12 h actuar\u00e1 el grupo musical Lamentos Manrusianos y, una hora m\u00e1s tarde, tomar\u00e1 el relevo Dj Ams Konta. \u00abEstar en este barrio es una elecci\u00f3n consciente\u00bb, dicen, convencidas de que es un buen lugar para una iniciativa con un fuerte componente comunitario.<\/p>\n<p class=\"ft-text\">Murmuri es un proyecto que se inscribe en la voluntad de promover y difundir la literatura de pensamiento cr\u00edtico, motivo por el cual \u00abtenemos bastante ensayo pol\u00edtico\u00bb. Pero entre los 1.300 t\u00edtulos que llenan la librer\u00eda tambi\u00e9n hay espacio para la novela y los \u00e1lbumes infantiles, entre otros g\u00e9neros. Hern\u00e1ndez y Gr\u00e0cia militan en movimientos sociales y forman parte de la Xarxa d\u2019Estructures Populars i Comunit\u00e0ries de Manresa. Adem\u00e1s, la librer\u00eda est\u00e1 integrada en la Fundaci\u00f3n de los Comunes \u2014\u00abno tiene nada que ver con el partido pol\u00edtico\u00bb, advierten\u2014, una red de \u00e1mbito estatal que agrupa diferentes proyectos pol\u00edticos y en la que tambi\u00e9n est\u00e1n inscritos establecimientos del mismo sector como Synusia, de Terrassa; Traficantes de Sue\u00f1os, en Madrid; Katakrak, en Pamplona; y Suburbia, en M\u00e1laga.<\/p>\n<p class=\"ft-text\"><strong>\u00abCreemos en la cultura del disenso, en recuperar el debate abierto e incentivar la curiosidad\u00bb, apunta Gr\u00e0cia.<\/strong> Las secciones tem\u00e1ticas en las que se agrupan los libros muestran la voluntad de incidir en los grandes hechos del presente. \u00abSi alguien quiere intentar entender qu\u00e9 est\u00e1 pasando en Ucrania, por ejemplo, puede venir y encontrar un libro que lo explique\u00bb, a\u00f1ade. El feminismo, el mundo digital y la ultraderecha, entre otros, son cuestiones candentes que reclaman textos que ayuden a descifrarlos.<\/p>\n<p class=\"ft-text\">En este sentido, Murmuri ya tiene programada para el 23 de febrero la presentaci\u00f3n de Al\u00e7ades per la Terra, un libro colectivo publicado por Descontrol que trata sobre el renacimiento de las luchas por el clima. En fechas a\u00fan por concretar tambi\u00e9n se organizar\u00e1n encuentros para hablar de Barcelona metr\u00f2poli-empresa (Virus) y Trumpismos, de Miguel Urb\u00e1n (Verso), la revista Zona de estrategia y los trabajos de Laura Macaya en defensa de los derechos de las trabajadoras sexuales.<\/p>\n<p data-close=\"closedContent\" class=\"subscribeHideForDisplay\">Suscr\u00edbete para seguir leyendo<\/p>\n","protected":false},"excerpt":{"rendered":"Los libros ya est\u00e1n en las estanter\u00edas y, a partir de este s\u00e1bado, a disposici\u00f3n de los lectores&hellip;\n","protected":false},"author":2,"featured_media":152471,"comment_status":"","ping_status":"","sticky":false,"template":"","format":"standard","meta":{"footnotes":""},"categories":[172],"tags":[490,224,360,2053,146,147,25,10558,24,11532,225,11993,46084,5748,23],"class_list":{"0":"post-152470","1":"post","2":"type-post","3":"status-publish","4":"format-standard","5":"has-post-thumbnail","7":"category-libros","8":"tag-abre","9":"tag-books","10":"tag-el-mundo","11":"tag-ensayo","12":"tag-entertainment","13":"tag-entretenimiento","14":"tag-es","15":"tag-espacio","16":"tag-espana","17":"tag-libreria","18":"tag-libros","19":"tag-manresa","20":"tag-murmuri","21":"tag-puertas","22":"tag-spain"},"share_on_mastodon":{"url":"","error":""},"_links":{"self":[{"href":"https:\/\/www.europesays.com\/es\/wp-json\/wp\/v2\/posts\/152470","targetHints":{"allow":["GET"]}}],"collection":[{"href":"https:\/\/www.europesays.com\/es\/wp-json\/wp\/v2\/posts"}],"about":[{"href":"https:\/\/www.europesays.com\/es\/wp-json\/wp\/v2\/types\/post"}],"author":[{"embeddable":true,"href":"https:\/\/www.europesays.com\/es\/wp-json\/wp\/v2\/users\/2"}],"replies":[{"embeddable":true,"href":"https:\/\/www.europesays.com\/es\/wp-json\/wp\/v2\/comments?post=152470"}],"version-history":[{"count":0,"href":"https:\/\/www.europesays.com\/es\/wp-json\/wp\/v2\/posts\/152470\/revisions"}],"wp:featuredmedia":[{"embeddable":true,"href":"https:\/\/www.europesays.com\/es\/wp-json\/wp\/v2\/media\/152471"}],"wp:attachment":[{"href":"https:\/\/www.europesays.com\/es\/wp-json\/wp\/v2\/media?parent=152470"}],"wp:term":[{"taxonomy":"category","embeddable":true,"href":"https:\/\/www.europesays.com\/es\/wp-json\/wp\/v2\/categories?post=152470"},{"taxonomy":"post_tag","embeddable":true,"href":"https:\/\/www.europesays.com\/es\/wp-json\/wp\/v2\/tags?post=152470"}],"curies":[{"name":"wp","href":"https:\/\/api.w.org\/{rel}","templated":true}]}}