{"id":152472,"date":"2025-10-02T10:00:10","date_gmt":"2025-10-02T10:00:10","guid":{"rendered":"https:\/\/www.europesays.com\/es\/152472\/"},"modified":"2025-10-02T10:00:10","modified_gmt":"2025-10-02T10:00:10","slug":"yo-hubiera-seguido-porque-estaba-muy-feliz","status":"publish","type":"post","link":"https:\/\/www.europesays.com\/es\/152472\/","title":{"rendered":"Yo hubiera seguido porque estaba muy feliz"},"content":{"rendered":"<p><a href=\"https:\/\/www.lecturas.com\/television\/giro-inesperado-promesa-otra-actriz-abandona-serie-tras-muerte-jana-exposito_172257\" target=\"_self\" rel=\"nofollow noopener\">&#8216;La Promesa&#8217;<\/a> no habr\u00eda ganado un Emmy a mejor telenovela si no hubiese sido por los\u00a0secretos de la familia Luj\u00e1n o los amores imposibles que terminaron siendo posibles. En cualquier historia que se precie, hay personajes que conquistan al p\u00fablico, pero tambi\u00e9n hay otros que consiguen ser odiados por la mayor\u00eda. Ella es la\u00a0marquesa Cruz Ezquerdo. Ha complicado el d\u00eda a d\u00eda de cualquiera que se cruzaba con ella por el palacio. Sin embargo, en marzo sorprend\u00eda <a href=\"https:\/\/www.lecturas.com\/television\/giro-inesperado-promesa-otra-actriz-abandona-serie-tras-muerte-jana-exposito_172257\" target=\"_self\" rel=\"nofollow noopener\">con una inesperada salida<\/a> tras <a href=\"https:\/\/www.lecturas.com\/television\/nueva-vida-ana-garces-tras-muerte-jana-exposito-la-promesa-vinculada-netflix-inesperado-romance_178797\" target=\"_self\" rel=\"nofollow noopener\">ser acusada y encarcelada por el asesinato de Jana Exp\u00f3sito<\/a>.\u00a0<\/p>\n<p>Aunque no aparezca en pantalla,\u00a0la marquesa <a href=\"https:\/\/www.lecturas.com\/television\/promesa-avance-capitulo-648-martes-agosto-petra-revive-mal-momento_179231\" target=\"_self\" rel=\"nofollow noopener\">sigue presente en &#8216;La Promesa&#8217;<\/a>. Hace apenas unas semanas ve\u00edamos c\u00f3mo la familia Luj\u00e1n recib\u00eda un inquietante retrato de ella. Su ausencia ha dejado muchas preguntas sin respuesta. Eva Mart\u00edn, la actriz que la interpreta, ha dado un paso al frente para <strong>hablar sobre su repentina marcha<\/strong>: \u00abYo hubiera seguido porque estaba muy feliz haci\u00e9ndolo\u00bb. Ha desvelado\u00a0el\u00a0verdadero motivo de su salida de la ficci\u00f3n y ha adelantado que s\u00ed que existen posibilidades de que regrese \u2013en alg\u00fan momento\u2013.\u00a0<\/p>\n<p>Lo ha hecho en una distendida charla con la periodista\u00a0costarricense Glenda Uma\u00f1a. &#8216;La Promesa&#8217; tiene adeptos m\u00e1s all\u00e1 de las fronteras espa\u00f1olas; Cruz Ezquerdo, tambi\u00e9n. La marquesa de Luj\u00e1n ha sido parte imprescindible en la ficci\u00f3n. Eva Mart\u00edn <strong>la ha interpretado durante m\u00e1s de 550 cap\u00edtulos<\/strong>, lo que para ella ha supuesto un desgaste\u00a0f\u00edsico y emocional.<\/p>\n<p><img loading=\"lazy\" decoding=\"async\"   src=\"https:\/\/www.europesays.com\/es\/wp-content\/uploads\/2025\/10\/la-promesa_139b22cf_251002103647_1200x675.webp.webp\" alt=\"La Promesa\" class=\"lazyload\" width=\"1200\" height=\"675\" data-aspectratio=\"1200\/675\"\/>&#13;RTVE<br \/>\nEl verdadero motivo por el que abandon\u00f3 &#8216;La Promesa&#8217;<\/p>\n<p>La actriz es consciente de que en una ficci\u00f3n coral como &#8216;La Promesa&#8217; es habitual que haya rotaci\u00f3n en los personajes. La llegada de nuevos protagonistas permite el descanso de aquellos que llevan m\u00e1s tiempo, algo que tanto ella como Ana Garc\u00e9s hab\u00edan solicitado. \u00abMe sorprendi\u00f3 que tanto Ana Garc\u00e9s, Jana en La Promesa, como yo <strong>pedimos a la producci\u00f3n ejecutiva sacarnos de la trama para descansar un tiempo <\/strong>y quiz\u00e1s hacer otras cosas\u00bb, relata, dejando claro que su salida no tiene que ver ni con problemas con la productora ni por exigencias del guion. \u00abObviamente, hab\u00eda que armar un argumento para hilar todo eso\u00bb, a\u00f1ad\u00eda.<\/p>\n<p><img loading=\"lazy\" decoding=\"async\"   src=\"https:\/\/www.europesays.com\/es\/wp-content\/uploads\/2025\/10\/cruz-y-jana-la-promesa_3fa67912_251002102745_1200x675.webp.webp\" alt=\"Cruz y Jana La Promesa\" class=\"lazyload\" width=\"1200\" height=\"675\" data-aspectratio=\"1200\/675\"\/><\/p>\n<p>Eva Mart\u00edn y Ana Garc\u00e9s pidieron que se sacaran a sus personajes de la trama \u00abpara descansar un tiempo y quiz\u00e1s hacer otras cosas\u201d<\/p>\n<p>&#13;RTVE<\/p>\n<p>Esta petici\u00f3n se tradujo en uno de los momentos m\u00e1s complejos de &#8216;La Promesa&#8217;. Los espectadores\u00a0tuvieron que afrontar la muerte de Jana y la detenci\u00f3n de la marquesa de Luj\u00e1n. Se trat\u00f3 de un giro inesperado en la trama, pero uno que justificaba la salida de ambas actrices.<\/p>\n<p>El reto que supuso interpretar a Cruz Ezquerdo<\/p>\n<p>Las jornadas de rodaje de &#8216;La Promesa&#8217; son maratonianas. Sacar adelante una serie diaria supone \u00abun trabajo intenso\u00bb. \u00abDespu\u00e9s de dos a\u00f1os y medio sin parar, <strong>necesitas descansar, dejar de estudiar un tiempo<\/strong>, atender tu vida personal y familiar y hacer diferentes personajes\u00bb, a\u00f1ad\u00eda en la citada entrevista.\u00a0No fue una decisi\u00f3n f\u00e1cil. \u00abYo lo disfrut\u00e9 mucho y me cost\u00f3 despedirme de todo el equipo\u00bb, aseguraba, dejando constancia de lo agradecida que est\u00e1 de haber formado parte de &#8216;La Promesa&#8217;.\u00a0<\/p>\n<p>Eva Mart\u00edn lleva desde marzo sin aparecer en las emisiones de &#8216;La Promesa&#8217;. Sin embargo, los espectadores de la ficci\u00f3n siguen pregunt\u00e1ndose si Cruz regresar\u00e1 a palacio o no. La marquesa de Luj\u00e1n est\u00e1 encarcelada por el asesinato de Jana, aunque la verdadera culpable es Leocadia. Seg\u00fan adelanta la propia actriz, todo apunta a que la condena que tendr\u00e1 que cumplir va a ser larga: \u00abEn principio esta etapa est\u00e1 concluida para m\u00ed, pero no se sabe\u00bb.\u00a0<\/p>\n<p><img loading=\"lazy\" decoding=\"async\"   src=\"https:\/\/www.europesays.com\/es\/wp-content\/uploads\/2025\/10\/la-promesa_db8d604a_251002103628_1200x800.webp.webp\" alt=\"La Promesa\" class=\"lazyload\" width=\"1200\" height=\"800\" data-aspectratio=\"1200\/800\"\/>&#13;RTVE<\/p>\n<p>\u00abCruz est\u00e1 en la c\u00e1rcel porque ha sido muy mala. \u00bfQue est\u00e9 pagando justo por algo que no cometi\u00f3? Es cierto, pero se merec\u00eda un escarmiento\u00bb, reflexionaba la actriz en la citada charla. El hecho de que siga viva \u2013aunque est\u00e9 encarcelada\u2013 mantiene viva la posibilidad de que regrese a la ficci\u00f3n. \u00abEn una serie diaria, un personaje que no muere puede reaparecer en cualquier momento si la historia lo requiere. (&#8230;) Mientras haya Promesa, hay marquesa. <strong>La marquesa, en la c\u00e1rcel, ha hecho de las suyas<\/strong>. Da se\u00f1ales\u00bb, concluye, dejando entrever que a\u00fan le queda guerra por dar.\u00a0<\/p>\n","protected":false},"excerpt":{"rendered":"&#8216;La Promesa&#8217; no habr\u00eda ganado un Emmy a mejor telenovela si no hubiese sido por los\u00a0secretos de la&hellip;\n","protected":false},"author":2,"featured_media":152473,"comment_status":"","ping_status":"","sticky":false,"template":"","format":"standard","meta":{"footnotes":""},"categories":[171],"tags":[146,147,25,24,23,214],"class_list":{"0":"post-152472","1":"post","2":"type-post","3":"status-publish","4":"format-standard","5":"has-post-thumbnail","7":"category-tv","8":"tag-entertainment","9":"tag-entretenimiento","10":"tag-es","11":"tag-espana","12":"tag-spain","13":"tag-tv"},"share_on_mastodon":{"url":"","error":""},"_links":{"self":[{"href":"https:\/\/www.europesays.com\/es\/wp-json\/wp\/v2\/posts\/152472","targetHints":{"allow":["GET"]}}],"collection":[{"href":"https:\/\/www.europesays.com\/es\/wp-json\/wp\/v2\/posts"}],"about":[{"href":"https:\/\/www.europesays.com\/es\/wp-json\/wp\/v2\/types\/post"}],"author":[{"embeddable":true,"href":"https:\/\/www.europesays.com\/es\/wp-json\/wp\/v2\/users\/2"}],"replies":[{"embeddable":true,"href":"https:\/\/www.europesays.com\/es\/wp-json\/wp\/v2\/comments?post=152472"}],"version-history":[{"count":0,"href":"https:\/\/www.europesays.com\/es\/wp-json\/wp\/v2\/posts\/152472\/revisions"}],"wp:featuredmedia":[{"embeddable":true,"href":"https:\/\/www.europesays.com\/es\/wp-json\/wp\/v2\/media\/152473"}],"wp:attachment":[{"href":"https:\/\/www.europesays.com\/es\/wp-json\/wp\/v2\/media?parent=152472"}],"wp:term":[{"taxonomy":"category","embeddable":true,"href":"https:\/\/www.europesays.com\/es\/wp-json\/wp\/v2\/categories?post=152472"},{"taxonomy":"post_tag","embeddable":true,"href":"https:\/\/www.europesays.com\/es\/wp-json\/wp\/v2\/tags?post=152472"}],"curies":[{"name":"wp","href":"https:\/\/api.w.org\/{rel}","templated":true}]}}