{"id":152474,"date":"2025-10-02T10:02:08","date_gmt":"2025-10-02T10:02:08","guid":{"rendered":"https:\/\/www.europesays.com\/es\/152474\/"},"modified":"2025-10-02T10:02:08","modified_gmt":"2025-10-02T10:02:08","slug":"un-documental-conmemorara-el-centenario-de-piedad-isla-en-palencia","status":"publish","type":"post","link":"https:\/\/www.europesays.com\/es\/152474\/","title":{"rendered":"Un documental conmemorar\u00e1 el centenario de Piedad Isla en Palencia"},"content":{"rendered":"<p>La Diputaci\u00f3n rendir\u00e1 tributo en el centenario de su nacimiento a la figura de la ilustre fot\u00f3grafa Piedad Isla, los ojos y el alma de la Monta\u00f1a Palentina durante buena parte del siglo XX. Seg\u00fan ha podido saber Diario Palentino, se trata de un proyecto de la productora Visual Crea que se estrenar\u00e1 previsiblemente en las pr\u00f3ximas semanas, con noviembre como una de las fechas que suenan con m\u00e1s fuerza. La intenci\u00f3n es que el filme recorra diferentes festivales que se celebran a lo largo y ancho de la geograf\u00eda nacional, si bien el preestreno tendr\u00eda lugar en Palencia en una fecha a\u00fan por determinar.<\/p>\n<p>La cinta est\u00e1 patrocinada por la instituci\u00f3n provincial, que adelanta que la pr\u00f3xima entrega del Premio Nacional de Fotograf\u00eda Piedad Isla \u00abser\u00e1 especial\u00bb y \u00abvendr\u00e1 cargada de sorpresas\u00bb en recuerdo de esta insigne fot\u00f3grafa con sede en Cervera dePisuerga, desde donde recorr\u00eda con su Vespa todos y cada uno de los rincones del norte de la provincia. Dicho galard\u00f3n se entregar\u00e1 en un acto p\u00fablico durante el mes de noviembre, en la fecha posterior m\u00e1s cercana al d\u00eda 6, fecha en la que la cerverana falleci\u00f3 en Madrid en el a\u00f1o 2009.<\/p>\n<p>Un homenaje que va en sinton\u00eda con el recuerdo que los cerveranos en particular, los monta\u00f1eses en general y la propia Diputaci\u00f3n profesa por esta mujer pionera en su \u00e9poca. Basta con adentrarse en el despacho de la presidenta, \u00c1ngeles Armis\u00e9n, donde cuelga una foto de Isla en una de las paredes junto a su escritorio.<\/p>\n<p><strong>UNA VIDA PEGADA AL OBJETIVO<\/strong><\/p>\n<p>La Real Academia de la Historia recuerda a Piedad Isla como una de las fot\u00f3grafas m\u00e1s importantes de Espa\u00f1a en la segunda mitad del siglo XX, y una de las pocas fot\u00f3grafas espa\u00f1olas profesionales con una actividad documentada desde la d\u00e9cada de 1950. \u00abDesarroll\u00f3 toda su vida profesional en Cervera y en los pueblos cercanos, en unos a\u00f1os en los que todav\u00eda no era habitual -y menos en una ciudad peque\u00f1a- que una mujer abriera un estudio de fotograf\u00eda y saliera a fotografiar por toda la comarca sin un apoyo masculino (padre, marido o hermano)\u00bb, resume la instituci\u00f3n.<\/p>\n<p>Durante sus a\u00f1os en activo, estuvo siempre preocupada por el patrimonio arquitect\u00f3nico, el medio ambiente y el turismo, si bien sus fotograf\u00edas son recordadas por los vecinos de la Monta\u00f1a por capturar im\u00e1genes costumbristas que reflejaban c\u00f3mo era la Palencia rural del pasado siglo. De hecho, su llegada era anunciada con antelaci\u00f3n por los alcaldes, de tal forma que su visita se convert\u00eda en todo un acontecimiento popular y casi una fiesta de la que los monta\u00f1eses conservan muy gratos recuerdos.<\/p>\n<p>Una vida pegada al objetivo que se custodia en el Archivo Piedad Isla de su localidad natal, dedicado a una mujer que organiz\u00f3 jornadas para la recuperaci\u00f3n de la arquitectura tradicional (2003), los parques naturales (2005) y turismo y naturaleza (2006).<\/p>\n","protected":false},"excerpt":{"rendered":"La Diputaci\u00f3n rendir\u00e1 tributo en el centenario de su nacimiento a la figura de la ilustre fot\u00f3grafa Piedad&hellip;\n","protected":false},"author":2,"featured_media":152475,"comment_status":"","ping_status":"","sticky":false,"template":"","format":"standard","meta":{"footnotes":""},"categories":[169],"tags":[30810,177,6084,146,147,25,24,176,7943,205,6688,7944,175,6442,46085,4193,23],"class_list":{"0":"post-152474","1":"post","2":"type-post","3":"status-publish","4":"format-standard","5":"has-post-thumbnail","7":"category-cine","8":"tag-angeles-armisen","9":"tag-cine","10":"tag-documental","11":"tag-entertainment","12":"tag-entretenimiento","13":"tag-es","14":"tag-espana","15":"tag-film","16":"tag-la-montana","17":"tag-madrid","18":"tag-medio-ambiente","19":"tag-montana-palentina","20":"tag-movies","21":"tag-palencia","22":"tag-parque-de-la-isla","23":"tag-siglo-xx","24":"tag-spain"},"share_on_mastodon":{"url":"","error":""},"_links":{"self":[{"href":"https:\/\/www.europesays.com\/es\/wp-json\/wp\/v2\/posts\/152474","targetHints":{"allow":["GET"]}}],"collection":[{"href":"https:\/\/www.europesays.com\/es\/wp-json\/wp\/v2\/posts"}],"about":[{"href":"https:\/\/www.europesays.com\/es\/wp-json\/wp\/v2\/types\/post"}],"author":[{"embeddable":true,"href":"https:\/\/www.europesays.com\/es\/wp-json\/wp\/v2\/users\/2"}],"replies":[{"embeddable":true,"href":"https:\/\/www.europesays.com\/es\/wp-json\/wp\/v2\/comments?post=152474"}],"version-history":[{"count":0,"href":"https:\/\/www.europesays.com\/es\/wp-json\/wp\/v2\/posts\/152474\/revisions"}],"wp:featuredmedia":[{"embeddable":true,"href":"https:\/\/www.europesays.com\/es\/wp-json\/wp\/v2\/media\/152475"}],"wp:attachment":[{"href":"https:\/\/www.europesays.com\/es\/wp-json\/wp\/v2\/media?parent=152474"}],"wp:term":[{"taxonomy":"category","embeddable":true,"href":"https:\/\/www.europesays.com\/es\/wp-json\/wp\/v2\/categories?post=152474"},{"taxonomy":"post_tag","embeddable":true,"href":"https:\/\/www.europesays.com\/es\/wp-json\/wp\/v2\/tags?post=152474"}],"curies":[{"name":"wp","href":"https:\/\/api.w.org\/{rel}","templated":true}]}}