{"id":152476,"date":"2025-10-02T10:05:08","date_gmt":"2025-10-02T10:05:08","guid":{"rendered":"https:\/\/www.europesays.com\/es\/152476\/"},"modified":"2025-10-02T10:05:08","modified_gmt":"2025-10-02T10:05:08","slug":"aun-hay-entradas-para-el-exitoso-espectaculo-farrucos-y-fernandez-navidad-en-familia","status":"publish","type":"post","link":"https:\/\/www.europesays.com\/es\/152476\/","title":{"rendered":"A\u00fan hay entradas para el exitoso espect\u00e1culo \u201cFarrucos y Fern\u00e1ndez, Navidad en Familia\u201d"},"content":{"rendered":"<p>El Ayuntamiento de San Roque ya comienza a preparar su agenda navide\u00f1a. El espect\u00e1culo flamenco \u201cFarrucos y Fern\u00e1ndez, Navidad en Familia\u201d vuelve al Teatro Juan Luis Galiardo el pr\u00f3ximo 21 de diciembre a las 19.00 horas tras su \u00e9xito el a\u00f1o pasado, que llen\u00f3 todos los asientos.<\/p>\n<p>El alcalde, Juan Carlos Ruiz Boix, la teniente de alcalde delegada de Fiestas y Tradiciones, Mar\u00eda del Mar Collado, y la teniente de alcalde de Cultura, Ana Ruiz, han animado a todos los sanroque\u00f1os a disfrutar de esta oportunidad \u00fanica, con uno de los espect\u00e1culos m\u00e1s importante de la Navidad, donde se une la fiesta y la calidad de nuestra tierra. Los precios, anfiteatro 18\u20ac, patio de butacas 25\u20ac.<\/p>\n<p>Antonio Fern\u00e1ndez Montoya, m\u00e1s conocido como el bailaor sevillano \u00abEl Farru\u00bb, traer\u00e1 a San Roque esta propuesta navide\u00f1a jerezana. Es el mediano de la saga de Los Farruco y dirige este espect\u00e1culo para todas las edades inspirado en una fiesta universal, concebido para acentuar las emociones y los valores que nos hacen sentir humanos: la hospitalidad, la generosidad, la capacidad de compartir y celebrar la reuni\u00f3n de nuestros seres queridos.<\/p>\n<p>Para ello re\u00fane a toda la familia donde se podr\u00e1 ver a todos los miembros como nunca, una celebraci\u00f3n al son de villancicos populares, una aut\u00e9ntica fiesta flamenca donde las expectativas de disfrutar de un espect\u00e1culo navide\u00f1o son superadas por el calor y la interacci\u00f3n con el p\u00fablico.<\/p>\n<p>En esta edici\u00f3n de \u00abUna Navidad en Familia\u00bb se rescatan los momentos m\u00e1s entra\u00f1ables de nuestra tradici\u00f3n navide\u00f1a&#8230;. De abuelos a padres e hijos&#8230;. Un legado moral y musical que hace repaso por cada uno de los sentimientos m\u00e1s puros de cada ser&#8230; \u00a1Luz, magia, esperanza y alegr\u00eda son el motor de este show!.<\/p>\n<p>Los Farrucos y los Fern\u00e1ndez vuelven un a\u00f1o m\u00e1s cargados de vida, de alegr\u00eda y villancicos flamencos para llevar a cabo su mensaje m\u00e1s concreto: La solidaridad y el buen augurio.<br \/>Al baile estar\u00e1n, Antonio Fern\u00e1ndez \u2018Farru\u2019, Rosario Montoya \u2018Farruca\u2019, Manuel Fern\u00e1ndez \u2018Carpeta\u2019, al teclado Jos\u00e9 Fern\u00e1ndez Guitarra, Josemi Carmona, la percusi\u00f3n de la mano de Manuel Lozano \u2018Lolo\u2019. Al cante, Julia Moreno, Sole\u00e1 Fern\u00e1ndez, Mari Vizarraga, Antonio Villar, Ezequiel Montoya \u2018Chanito\u2019, Juan Fern\u00e1ndez, Los Makarines, Estrella Fern\u00e1ndez, Macarena Fern\u00e1ndez Comp\u00e1s, y la narraci\u00f3n de Torombo Narraci\u00f3n Pilar Fern\u00e1ndez, Rosa Mar\u00eda Fern\u00e1ndez.<\/p>\n<p>Las entradas se podr\u00e1n obtener pr\u00f3ximamente en <a href=\"https:\/\/www.emell-eventos.es\" style=\"border-radius: var(--ds-border-radius-100, 4px); box-decoration-break: clone; color: var(--ds-link, #0052CC); display: inline; line-height: 22px; margin-left: var(--ds-space-negative-025, -2px); -moz-user-select: none; -ms-user-select: text; padding: var(--ds-space-025, 2px) 0px; transition: 0.1s all ease-in-out; user-select: text; -webkit-box-decoration-break: clone; -webkit-transition: 0.1s all ease-in-out; -webkit-user-select: text;\" rel=\"nofollow noopener\" target=\"_blank\">https:\/\/www.emell-eventos.es<\/a><br \/>Los precios, anfiteatro 18\u20ac, patio de butacas 25\u20ac.<\/p>\n","protected":false},"excerpt":{"rendered":"El Ayuntamiento de San Roque ya comienza a preparar su agenda navide\u00f1a. El espect\u00e1culo flamenco \u201cFarrucos y Fern\u00e1ndez,&hellip;\n","protected":false},"author":2,"featured_media":152477,"comment_status":"","ping_status":"","sticky":false,"template":"","format":"standard","meta":{"footnotes":""},"categories":[91],"tags":[1250,2193,2191,146,147,25,24,2190,2186,2189,2185,2187,23,2192,2188],"class_list":{"0":"post-152476","1":"post","2":"type-post","3":"status-publish","4":"format-standard","5":"has-post-thumbnail","7":"category-entretenimiento","8":"tag-ayuntamiento","9":"tag-cadiz","10":"tag-campamento","11":"tag-entertainment","12":"tag-entretenimiento","13":"tag-es","14":"tag-espana","15":"tag-guadiaro","16":"tag-roque","17":"tag-san-enrique","18":"tag-san-roque","19":"tag-soto-grande","20":"tag-spain","21":"tag-taraguilla","22":"tag-torreguadiaro"},"share_on_mastodon":{"url":"","error":""},"_links":{"self":[{"href":"https:\/\/www.europesays.com\/es\/wp-json\/wp\/v2\/posts\/152476","targetHints":{"allow":["GET"]}}],"collection":[{"href":"https:\/\/www.europesays.com\/es\/wp-json\/wp\/v2\/posts"}],"about":[{"href":"https:\/\/www.europesays.com\/es\/wp-json\/wp\/v2\/types\/post"}],"author":[{"embeddable":true,"href":"https:\/\/www.europesays.com\/es\/wp-json\/wp\/v2\/users\/2"}],"replies":[{"embeddable":true,"href":"https:\/\/www.europesays.com\/es\/wp-json\/wp\/v2\/comments?post=152476"}],"version-history":[{"count":0,"href":"https:\/\/www.europesays.com\/es\/wp-json\/wp\/v2\/posts\/152476\/revisions"}],"wp:featuredmedia":[{"embeddable":true,"href":"https:\/\/www.europesays.com\/es\/wp-json\/wp\/v2\/media\/152477"}],"wp:attachment":[{"href":"https:\/\/www.europesays.com\/es\/wp-json\/wp\/v2\/media?parent=152476"}],"wp:term":[{"taxonomy":"category","embeddable":true,"href":"https:\/\/www.europesays.com\/es\/wp-json\/wp\/v2\/categories?post=152476"},{"taxonomy":"post_tag","embeddable":true,"href":"https:\/\/www.europesays.com\/es\/wp-json\/wp\/v2\/tags?post=152476"}],"curies":[{"name":"wp","href":"https:\/\/api.w.org\/{rel}","templated":true}]}}