{"id":152484,"date":"2025-10-02T10:09:08","date_gmt":"2025-10-02T10:09:08","guid":{"rendered":"https:\/\/www.europesays.com\/es\/152484\/"},"modified":"2025-10-02T10:09:08","modified_gmt":"2025-10-02T10:09:08","slug":"el-parque-de-las-marionetas-rio-y-juego-el-tragachicos-la-comparsa-y-el-leon-garganchon-grandes-protagonistas-de-las-propuestas-infantiles-de-las-fiestas-del-pilar","status":"publish","type":"post","link":"https:\/\/www.europesays.com\/es\/152484\/","title":{"rendered":"El Parque de las Marionetas, Rio y Juego, el Tragachicos, la Comparsa y el Le\u00f3n Garganch\u00f3n, grandes protagonistas de las propuestas infantiles de las Fiestas del Pilar"},"content":{"rendered":"<p>      Cuerpo de la noticia<\/p>\n<p>Durante las Fiestas del Pilar, las actividades infantiles espec\u00edficas siguen incrementando el inter\u00e9s familiar de los zaragozanos y visitantes, adem\u00e1s de la multitudinaria presencia de los m\u00e1s peque\u00f1os en la gran mayor\u00eda de los actos m\u00e1s importantes de esta celebraci\u00f3n. Entre las propuestas m\u00e1s multitudinarias para el p\u00fablico infantil est\u00e1n el Parque de las Marionetas, Rio y Juego y los atractivos itinerantes m\u00e1s populares, la Comparsa de Gigantes, Cabezudos y Caballitos y el Tragachicos, a los que se une el nuevo \u00abLe\u00f3n Garganch\u00f3n\u00bb.\u00a0<\/p>\n<p>Esta ma\u00f1ana, en el espacio Xplora Ibercaja, la consejera de Cultura, Educaci\u00f3n y Turismo, Sara Fern\u00e1ndez, ha detallado esta programaci\u00f3n destinada a los m\u00e1s peque\u00f1os. El Parque de las Marionetas, referente del teatro de feria ubicado en el parque Jos\u00e9 Antonio Labordeta acoger\u00e1, del 5 al 13 de octubre, 195 actuaciones (42% aragonesas, 44% nacionales, 14% internacionales) su vig\u00e9simo sexta edici\u00f3n, adem\u00e1s de juegos y talleres, con la entrega al mejor espect\u00e1culo y la mejor trayectoria en el ep\u00edlogo de esta semana teatral. Como gran novedad, este a\u00f1o, se estrena una noche de marionetas para adultos el d\u00eda 10.<\/p>\n<p>El Parque de las Marionetas celebra su XV Festival Internacional de Teatro de Feria, como una alternativa cultural de gran importancia para el ocio de ni\u00f1os, j\u00f3venes y familias. Este evento ofrece una programaci\u00f3n amplia y heterog\u00e9nea y subraya el valor del teatro de t\u00edteres como herramienta de desarrollo y aprendizaje. Estos espect\u00e1culos han logrado crear un espacio donde la imaginaci\u00f3n y la tradici\u00f3n se encuentran, ofreciendo funciones que abordan tem\u00e1ticas profundas como la migraci\u00f3n, la identidad, el respeto y la reutilizaci\u00f3n de objetos, invitando al p\u00fablico a reflexionar a trav\u00e9s de la magia del teatro.<\/p>\n<p>Una de las grandes fortalezas, nuevamente, es la destacada presencia de artistas locales. Compa\u00f1\u00edas aragonesas como T\u00edteres sin Cabeza, con su espect\u00e1culo \u00abBurbuja\u00bb para la primera infancia, y Los Titiriteros de Bin\u00e9far, que regresan con \u00abEl abrazo\u00bb para celebrar el folclore popular, demuestran el talento aragon\u00e9s en este apartado de las artes esc\u00e9nicas. A estas se suman Teatro Arbol\u00e9 con \u00abLa gota aventurera\u00bb, un viaje po\u00e9tico y f\u00edsico sobre el ciclo del agua, Almozandia con \u00abLos Tropezantes\u00bb, que celebra la reutilizaci\u00f3n y la imaginaci\u00f3n, Caleidoscopio con su canto a la naturaleza en \u00abLos duendes del ba\u00fal\u00bb, Civi Civiac que llena de magia la Carpa M\u00e1gica con \u00abDon B\u00e1rtulos\u00bb , y la\u00a0 Orquesta de las Esquinas con su m\u00fasica en directo en \u00abCIRCUS DIXI BAND\u00bb.\u00a0<br \/>Esta importante representaci\u00f3n local refuerza el compromiso del festival con la escena art\u00edstica de Arag\u00f3n, ofreciendo una plataforma para que el talento aut\u00f3ctono se encuentre con propuestas de otras comunidades y pa\u00edses como Catalu\u00f1a, Madrid, Uruguay, Argentina e Italia.<br \/>La programaci\u00f3n del festival se desarrolla en horario matinal y vespertino para\u00a0 permitir a las familias disfrutar de una amplia variedad de propuestas distribuidas en carpas tem\u00e1ticas, con precios muy populares, entre 3 y 4 euros. La Carpa Cabeza Parlante acoge espect\u00e1culos como \u00abUn carro de cuentos\u00bb de La Guilla Teatre y \u00abEn un lugar de la granja\u00bb de Arte Fusion T\u00edteres, que promueven el respeto y el di\u00e1logo. La Carpa Palacio de los Prodigios presenta \u00abPeriplo variet\u00e9\u00bb, un show de marionetas con humor y m\u00fasica. Por su parte, la Carpa Sal\u00f3n de los Sue\u00f1os alberga \u00abBlu, Historia de una semilla\u00bb, de Naranja Lima, una on\u00edrica historia de teatro de sombras que habla de la b\u00fasqueda de la identidad. La Carpa Teatro Melod\u00edas, pensada para la primera infancia, invita a los m\u00e1s peque\u00f1os a unirse a la experiencia grupal de \u00abBurbuja\u00bb de T\u00edteres sin Cabeza.<br \/>Los escenarios al aire libre y con entrada gratuita presentan propuestas igualmente fascinantes. Adem\u00e1s de las compa\u00f1\u00edas locales mencionadas, el Escenario Infantil acoge obras como \u00abSoy una Nuez\u00bb de Zum-Zum Teatre, que aborda temas de migraci\u00f3n y esperanza a trav\u00e9s de la historia de un ni\u00f1o refugiado, y el Festival de los Maestros Titiriteros Internacionales, con rutinas de 15 minutos de artistas de Argentina e Italia. Las instalaciones interactivas, como la colecci\u00f3n de juegos artesanales \u00abPirene\u00bb de Apikipala, y los espect\u00e1culos itinerantes, completan la oferta del festival.<br \/>El festival ha reservado una de sus grandes novedades para un p\u00fablico que valora una perspectiva m\u00e1s madura del teatro de t\u00edteres y objetos. La noche del 10 de octubre estar\u00e1 dedicada a los adultos con la presentaci\u00f3n de \u00abPasos Largos\u00bb, de la compa\u00f1\u00eda uruguaya Coriolis Teatro.\u00a0<br \/>Este espect\u00e1culo se representar\u00e1 en la Carpa Bagdad en un horario \u00fanico de 21:00 a 22:00. La obra, un viaje que transita de lo po\u00e9tico al humor \u00e1cido, explora la vida, la vejez y las relaciones de pareja a trav\u00e9s del uso de tres vestidos que se transforman en escena. Es una propuesta que destaca por su lenguaje original y su versatilidad t\u00e9cnica, rompiendo con los moldes de la comunicaci\u00f3n teatral tradicional para ofrecer una experiencia art\u00edstica de gran sensibilidad y experimentaci\u00f3n.<\/p>\n<p>COMPARSA, TRAGACHICOS Y LE\u00d3N<\/p>\n<p>El elemento novedoso y con aspiraci\u00f3n de alcanzar una gran popularidad entre los m\u00e1s peque\u00f1os, es el nuevo tobog\u00e1n itinerante \u00abLe\u00f3n Garganch\u00f3n\u00bb, que permitir\u00e1 multiplicar las opciones de los ni\u00f1os zaragozanos con los elementos tradicionales m\u00e1s queridos, como son la \u00abComparsa de Gigantes y Cabezudos\u00bb, el \u00abTragachicos\u00bb y el propio \u00abLe\u00f3n Garganch\u00f3n\u00bb. Cada uno de ellos saldr\u00e1 en nueve ocasiones:\u00a0<\/p>\n<p>El Le\u00f3n Garganch\u00f3n girar\u00e1 por la Plaza del Pilar (zona Delegaci\u00f3n), Oliver, Las Fuentes, San Jos\u00e9, Valdefierro, Centro, La Jota, Plaza Salamero y Glorieta Esperanto.<\/p>\n<p>La Comparsa Municipal de Gigantes, Cabezudos y Caballitos pasar\u00e1 por el Hospital Infantil, el Preg\u00f3n, la Plaza del Pilar 9 salidas y los barrios de San Jos\u00e9, Romareda, Casetas, Montecanal, Puerto Venecia, La Jota y Monzalbarba.\u00a0<\/p>\n<p>El Tragachicos pasar\u00e1 por la plaza del Pilar (zona Delegaci\u00f3n del Gobierno), Universidad, Rosales del Canal, Parque Grande, Almozara, Actur, Miralbueno, Puerto Venecia, Picarral.<\/p>\n<p>RIO Y JUEGO\u00a0<\/p>\n<p>eEl p\u00fablico familiar contar\u00e1 con sus espacios habituales de fiestas para los m\u00e1s peque\u00f1os. R\u00edo y Juego, en la zona de la Expo, una de las propuestas sostenibles y favoritas de las familias se podr\u00e1 visitar entre el domingo 5 y el lunes 13 de octubre. Este espacio mantiene su compromiso para los ni\u00f1os con necesidades especiales y mantiene una jornada de ma\u00f1ana para el disfrute de Centros de Educaci\u00f3n Especial y aulas TEA el mi\u00e9rcoles 8 de octubre de 10:00 a 12:30 horas, adem\u00e1s de la tarde sin ruido, que tendr\u00e1 lugar el 6 de octubre. Para estos ni\u00f1os y sus familias, otro espacio, el recinto Ferial tambi\u00e9n mantiene su d\u00eda sin ruido, que se celebrar\u00e1 el 16 de octubre entre las 17:00 a 20:00 horas.<\/p>\n<p>Las zonas de juego, cuidadosamente pensadas, intentan cubrir muchos y variados tipos de juego, para que cualquier participantes pueda elegir y jugar.<br \/>En este parque, tan importantes como los juegos son los animadores que, en el<br \/>desarrollo de su trabajo, facilitan, proponen u observan el juego en funci\u00f3n de las<br \/>necesidades de los ni\u00f1os.<br \/>Horarios:\u00a0<br \/>5, 10, 11 y 12 de octubre de 11:30 a 14:00 y de 17:30 a 20:00 horas.\u00a0<br \/>6, 7, 8 y 9 de octubre, apertura en horario de tarde, de 17:30 a 20:00 horas.\u00a0<br \/>13 de octubre, apertura en horario de ma\u00f1ana, de 11:30 a 14:00 horas.\u00a0<br \/>Por \u00faltimo, la Barraca de T\u00edteres de Arbol\u00e9 de la calle Moret ofrecer\u00e1, del 3 al 13 de octubre, las aventuras de Pelegr\u00edn y los cuentos cl\u00e1sicos de \u00abLos tres cerditos\u00bb, \u00abPato feo\u00bb, \u00abCaperucita Roja\u00bb.\u00a0<\/p>\n<p>A esto hay que sumar toda la programaci\u00f3n preparada en los barrios como estrategia de descentralizaci\u00f3n, adem\u00e1s de muchos de los espect\u00e1culos que se celebran en la red de Centros Civicos municipales y que est\u00e1n enfocados al p\u00fablico infantil.\u00a0<\/p>\n","protected":false},"excerpt":{"rendered":"Cuerpo de la noticia Durante las Fiestas del Pilar, las actividades infantiles espec\u00edficas siguen incrementando el inter\u00e9s familiar&hellip;\n","protected":false},"author":2,"featured_media":152485,"comment_status":"","ping_status":"","sticky":false,"template":"","format":"standard","meta":{"footnotes":""},"categories":[8],"tags":[17,18,25,24,13,14,11,19,20,9,10,15,16,23,12,21,22],"class_list":{"0":"post-152484","1":"post","2":"type-post","3":"status-publish","4":"format-standard","5":"has-post-thumbnail","7":"category-espana","8":"tag-breaking-news","9":"tag-breakingnews","10":"tag-es","11":"tag-espana","12":"tag-featured-news","13":"tag-featurednews","14":"tag-headlines","15":"tag-latest-news","16":"tag-latestnews","17":"tag-news","18":"tag-noticias","19":"tag-noticias-destacadas","20":"tag-noticiasdestacadas","21":"tag-spain","22":"tag-titulares","23":"tag-ultimas-noticias","24":"tag-ultimasnoticias"},"share_on_mastodon":{"url":"","error":""},"_links":{"self":[{"href":"https:\/\/www.europesays.com\/es\/wp-json\/wp\/v2\/posts\/152484","targetHints":{"allow":["GET"]}}],"collection":[{"href":"https:\/\/www.europesays.com\/es\/wp-json\/wp\/v2\/posts"}],"about":[{"href":"https:\/\/www.europesays.com\/es\/wp-json\/wp\/v2\/types\/post"}],"author":[{"embeddable":true,"href":"https:\/\/www.europesays.com\/es\/wp-json\/wp\/v2\/users\/2"}],"replies":[{"embeddable":true,"href":"https:\/\/www.europesays.com\/es\/wp-json\/wp\/v2\/comments?post=152484"}],"version-history":[{"count":0,"href":"https:\/\/www.europesays.com\/es\/wp-json\/wp\/v2\/posts\/152484\/revisions"}],"wp:featuredmedia":[{"embeddable":true,"href":"https:\/\/www.europesays.com\/es\/wp-json\/wp\/v2\/media\/152485"}],"wp:attachment":[{"href":"https:\/\/www.europesays.com\/es\/wp-json\/wp\/v2\/media?parent=152484"}],"wp:term":[{"taxonomy":"category","embeddable":true,"href":"https:\/\/www.europesays.com\/es\/wp-json\/wp\/v2\/categories?post=152484"},{"taxonomy":"post_tag","embeddable":true,"href":"https:\/\/www.europesays.com\/es\/wp-json\/wp\/v2\/tags?post=152484"}],"curies":[{"name":"wp","href":"https:\/\/api.w.org\/{rel}","templated":true}]}}