{"id":152486,"date":"2025-10-02T10:10:08","date_gmt":"2025-10-02T10:10:08","guid":{"rendered":"https:\/\/www.europesays.com\/es\/152486\/"},"modified":"2025-10-02T10:10:08","modified_gmt":"2025-10-02T10:10:08","slug":"eduardo-mendoza-byung-chul-han-graciela-iturbide-y-mario-draghi-pronunciaran-discursos-en-la-ceremonia-de-entrega-de-los-premios-princesa-de-asturias-2025","status":"publish","type":"post","link":"https:\/\/www.europesays.com\/es\/152486\/","title":{"rendered":"Eduardo Mendoza, Byung\u2013Chul Han, Graciela Iturbide y Mario Draghi pronunciar\u00e1n discursos en la ceremonia de entrega de los Premios Princesa de Asturias 2025"},"content":{"rendered":"<p>El escritor Eduardo Mendoza, Premio Princesa de Asturias de las Letras; el fil\u00f3sofo Byung-Chul Han, Premio Princesa de Asturias de Comunicaci\u00f3n y Humanidades; la fot\u00f3grafa Graciela Iturbide, Premio Princesa de Asturias de las Artes; y el economista y pol\u00edtico Mario Draghi, Premio Princesa de Asturias de Cooperaci\u00f3n Internacional, ser\u00e1n los premiados encargados de pronunciar discursos en la cuadrag\u00e9sima quinta edici\u00f3n de los galardones.\u00a0<\/p>\n<p>La ceremonia de entrega de los Premios Princesa de Asturias se celebrar\u00e1 el pr\u00f3ximo viernes 24 de octubre en el Teatro Campoamor de Oviedo, bajo la presidencia de Sus Majestades los Reyes y con la presencia de Sus Altezas Reales la Princesa de Asturias y la Infanta do\u00f1a Sof\u00eda.<\/p>\n<p>El acto contar\u00e1 con un servicio de interpretaci\u00f3n simult\u00e1nea para todo el teatro que incluir\u00e1 cinco idiomas: espa\u00f1ol, ingl\u00e9s, franc\u00e9s, italiano y alem\u00e1n. La ceremonia ser\u00e1 accesible tambi\u00e9n para personas con discapacidad auditiva mediante su interpretaci\u00f3n en lengua de signos en el Teatro Campoamor y en la emisi\u00f3n a trav\u00e9s de la web de la Fundaci\u00f3n. Se incorporar\u00e1 tambi\u00e9n un servicio de bucle magn\u00e9tico en el propio teatro.\u00a0<\/p>\n<p>\u00a0<\/p>\n<p class=\"title8\">PREMIADOS<\/p>\n<p>Byung-Chul Han, Premio Princesa de Asturias de Comunicaci\u00f3n y Humanidades; Eduardo Mendoza, Premio Princesa de Asturias de las Letras; Douglas Massey, Premio Princesa de Asturias de Ciencias Sociales; Graciela Iturbide, Premio Princesa de Asturias de las Artes; Serena Williams, Premio Princesa de Asturias de los Deportes; Mary-Claire King, Premio Princesa de Asturias de Investigaci\u00f3n Cient\u00edfica y T\u00e9cnica; y Mario Draghi, Premio Princesa de Asturias Cooperaci\u00f3n Internacional, ya han confirmado su asistencia a la ceremonia.<\/p>\n<p>En representaci\u00f3n del Museo Nacional de Antropolog\u00eda de M\u00e9xico, Premio Princesa de Asturias de la Concordia, acudir\u00e1n a la ceremonia Antonio Saborit, director del Museo, y Madeleine Bremond Santa Cruz, presidenta de su Patronato.\u00a0<br \/>\u00a0<\/p>\n<p>\u00a0<\/p>\n","protected":false},"excerpt":{"rendered":"El escritor Eduardo Mendoza, Premio Princesa de Asturias de las Letras; el fil\u00f3sofo Byung-Chul Han, Premio Princesa de&hellip;\n","protected":false},"author":2,"featured_media":152487,"comment_status":"","ping_status":"","sticky":false,"template":"","format":"standard","meta":{"footnotes":""},"categories":[5],"tags":[17,18,25,24,13,14,11,19,20,9,10,15,16,23,12,21,22],"class_list":{"0":"post-152486","1":"post","2":"type-post","3":"status-publish","4":"format-standard","5":"has-post-thumbnail","7":"category-titulares","8":"tag-breaking-news","9":"tag-breakingnews","10":"tag-es","11":"tag-espana","12":"tag-featured-news","13":"tag-featurednews","14":"tag-headlines","15":"tag-latest-news","16":"tag-latestnews","17":"tag-news","18":"tag-noticias","19":"tag-noticias-destacadas","20":"tag-noticiasdestacadas","21":"tag-spain","22":"tag-titulares","23":"tag-ultimas-noticias","24":"tag-ultimasnoticias"},"share_on_mastodon":{"url":"","error":""},"_links":{"self":[{"href":"https:\/\/www.europesays.com\/es\/wp-json\/wp\/v2\/posts\/152486","targetHints":{"allow":["GET"]}}],"collection":[{"href":"https:\/\/www.europesays.com\/es\/wp-json\/wp\/v2\/posts"}],"about":[{"href":"https:\/\/www.europesays.com\/es\/wp-json\/wp\/v2\/types\/post"}],"author":[{"embeddable":true,"href":"https:\/\/www.europesays.com\/es\/wp-json\/wp\/v2\/users\/2"}],"replies":[{"embeddable":true,"href":"https:\/\/www.europesays.com\/es\/wp-json\/wp\/v2\/comments?post=152486"}],"version-history":[{"count":0,"href":"https:\/\/www.europesays.com\/es\/wp-json\/wp\/v2\/posts\/152486\/revisions"}],"wp:featuredmedia":[{"embeddable":true,"href":"https:\/\/www.europesays.com\/es\/wp-json\/wp\/v2\/media\/152487"}],"wp:attachment":[{"href":"https:\/\/www.europesays.com\/es\/wp-json\/wp\/v2\/media?parent=152486"}],"wp:term":[{"taxonomy":"category","embeddable":true,"href":"https:\/\/www.europesays.com\/es\/wp-json\/wp\/v2\/categories?post=152486"},{"taxonomy":"post_tag","embeddable":true,"href":"https:\/\/www.europesays.com\/es\/wp-json\/wp\/v2\/tags?post=152486"}],"curies":[{"name":"wp","href":"https:\/\/api.w.org\/{rel}","templated":true}]}}