{"id":152488,"date":"2025-10-02T10:11:07","date_gmt":"2025-10-02T10:11:07","guid":{"rendered":"https:\/\/www.europesays.com\/es\/152488\/"},"modified":"2025-10-02T10:11:07","modified_gmt":"2025-10-02T10:11:07","slug":"el-sanicentro-bm-guadalajara-se-aferra-al-santamaria-para-lograr-los-dos-primeros-puntos-del-curso-nuevaalcarria","status":"publish","type":"post","link":"https:\/\/www.europesays.com\/es\/152488\/","title":{"rendered":"El Sanicentro BM Guadalajara se aferra al Santamar\u00eda para lograr los dos primeros puntos del curso | NuevaAlcarria"},"content":{"rendered":"<p>Los alcarre\u00f1os, a\u00fan sin estrenar su casillero de puntos, afrontan el choque con la convicci\u00f3n de que puede ser el punto de inflexi\u00f3n que necesitan.<\/p>\n<p>El t\u00e9cnico morado, Juan Carlos Requena, reconoci\u00f3 que el inicio de temporada no est\u00e1 siendo el esperado, marcado por derrotas en partidos donde los fallos de lanzamiento y las p\u00e9rdidas de bal\u00f3n han pesado demasiado: \u201cSi no mejoramos en ataque y reducimos las p\u00e9rdidas absurdas que regalan goles f\u00e1ciles, va a ser complicado competir\u201d. \u201cValladolid nos hizo 15 goles de contraataque en el \u00faltimo partido\u201d, lament\u00f3.<\/p>\n<p>Aun as\u00ed, el entrenador prefiere mirar hacia adelante y quitar presi\u00f3n a sus jugadores: \u201cCada partido empieza de cero. Tenemos que desdramatizar los errores y motivar al equipo para que se sienta seguro y despliegue nuestro modelo de juego. Jugar en casa debe ser un aliciente para lograr la primera victoria\u201d.<\/p>\n<p>Sobre el rival de este domingo destac\u00f3 la solidez del conjunto de Javi M\u00e1rquez, con una plantilla larga \u2013hasta tres por puesto\u2013 y jugadores conocidos en Guadalajara como Sladkowsk, Poveda o Arthur Pereira. \u201cEl Villa de Aranda es un equipo muy completo, con porter\u00eda, defensa y un ataque r\u00e1pido, pero si nosotros hacemos lo que tenemos que hacer, podemos ganar en casa\u201d, asegur\u00f3.<\/p>\n<p>En el apartado f\u00edsico, Requena confirm\u00f3 la baja de Fabio Chiuffa por lesi\u00f3n muscular, mientras que jugadores como Vera y Gorositi apuran sus opciones para llegar al partido.<\/p>\n<p>\u00a0<\/p>\n<p><strong>J\u00f3dar: \u201cEl apoyo de la afici\u00f3n nos levanta\u201d<\/strong><br \/>&#13;<br \/>\nPor su parte, el lateral Juan J\u00f3dar, uno de los veteranos del vestuario, resalt\u00f3 la importancia de centrarse en el presente y no dejarse llevar por los malos resultados:<\/p>\n<p>\u201cCada semana hay un partido nuevo y tenemos que sobreponernos. El domingo empezamos 0-0, son 60 minutos para darlo todo\u201d.<\/p>\n<p>El jugador tambi\u00e9n subray\u00f3 el papel de la grada en momentos complicados:\u00a0\u201cLa afici\u00f3n influye much\u00edsimo. Cuando m\u00e1s abajo estamos, ellos son los que nos levantan. La \u2018Abeja Manca\u2019 juega un papel fundamental\u201d.<\/p>\n<p>El recuerdo de enfrentamientos recientes a\u00f1ade picante al choque: el Villa de Aranda se ha llevado las dos \u00faltimas visitas en Asobal al Santamar\u00eda, aunque Guadalajara tambi\u00e9n ha logrado imponerse como for\u00e1neo.<\/p>\n<p>\u00a0<\/p>\n<p>El Sanicentro sabe que una victoria le permitir\u00eda salir del fondo de la tabla y escalar varios puestos en la clasificaci\u00f3n: \u201cSi ganamos podr\u00edamos situarnos s\u00e9ptimo u octavos\u201d, recalc\u00f3 Requena.<\/p>\n<p>\u00a0<\/p>\n","protected":false},"excerpt":{"rendered":"Los alcarre\u00f1os, a\u00fan sin estrenar su casillero de puntos, afrontan el choque con la convicci\u00f3n de que puede&hellip;\n","protected":false},"author":2,"featured_media":152489,"comment_status":"","ping_status":"","sticky":false,"template":"","format":"standard","meta":{"footnotes":""},"categories":[278],"tags":[442,11836,376,383,168,25,24,439,375,441,23438,46086,443,440,34274,23,167,17025],"class_list":{"0":"post-152488","1":"post","2":"type-post","3":"status-publish","4":"format-standard","5":"has-post-thumbnail","7":"category-balonmano","8":"tag-actualidad-guadalajara","9":"tag-aranda","10":"tag-balonmano","11":"tag-bm","12":"tag-deportes","13":"tag-es","14":"tag-espana","15":"tag-guadalajara","16":"tag-handball","17":"tag-informacion-guadalajara","18":"tag-jodar","19":"tag-kuba","20":"tag-noticias-guadalajara","21":"tag-nueva-alcarria","22":"tag-sanicentro","23":"tag-spain","24":"tag-sports","25":"tag-villa-de-aranda"},"share_on_mastodon":{"url":"","error":""},"_links":{"self":[{"href":"https:\/\/www.europesays.com\/es\/wp-json\/wp\/v2\/posts\/152488","targetHints":{"allow":["GET"]}}],"collection":[{"href":"https:\/\/www.europesays.com\/es\/wp-json\/wp\/v2\/posts"}],"about":[{"href":"https:\/\/www.europesays.com\/es\/wp-json\/wp\/v2\/types\/post"}],"author":[{"embeddable":true,"href":"https:\/\/www.europesays.com\/es\/wp-json\/wp\/v2\/users\/2"}],"replies":[{"embeddable":true,"href":"https:\/\/www.europesays.com\/es\/wp-json\/wp\/v2\/comments?post=152488"}],"version-history":[{"count":0,"href":"https:\/\/www.europesays.com\/es\/wp-json\/wp\/v2\/posts\/152488\/revisions"}],"wp:featuredmedia":[{"embeddable":true,"href":"https:\/\/www.europesays.com\/es\/wp-json\/wp\/v2\/media\/152489"}],"wp:attachment":[{"href":"https:\/\/www.europesays.com\/es\/wp-json\/wp\/v2\/media?parent=152488"}],"wp:term":[{"taxonomy":"category","embeddable":true,"href":"https:\/\/www.europesays.com\/es\/wp-json\/wp\/v2\/categories?post=152488"},{"taxonomy":"post_tag","embeddable":true,"href":"https:\/\/www.europesays.com\/es\/wp-json\/wp\/v2\/tags?post=152488"}],"curies":[{"name":"wp","href":"https:\/\/api.w.org\/{rel}","templated":true}]}}