{"id":152494,"date":"2025-10-02T10:16:14","date_gmt":"2025-10-02T10:16:14","guid":{"rendered":"https:\/\/www.europesays.com\/es\/152494\/"},"modified":"2025-10-02T10:16:14","modified_gmt":"2025-10-02T10:16:14","slug":"malucelli-se-impone-en-kemaman-y-suma-su-tercera-victoria-en-el-tour-de-langkawi-ciclismo","status":"publish","type":"post","link":"https:\/\/www.europesays.com\/es\/152494\/","title":{"rendered":"Malucelli se impone en Kemaman y suma su tercera victoria en el Tour de Langkawi &#8211; Ciclismo"},"content":{"rendered":"<ol>\n<li><a href=\"https:\/\/news.google.com\/rss\/articles\/CBMiakFVX3lxTE5vNFd0WFNMS3NqYzlOM1lYSUFTSWpKYmloTDJkNnR6cjAtMTdmR3RzNVU5ZTg5eDk5bHFpOFBJT3VXV1l2alpSM2g0OGt5ZmNoaVRXeFJ6SFZKM3JfRzJIT3Ixb1RGelRTTWc?oc=5\" target=\"_blank\" rel=\"nofollow noopener\">Malucelli se impone en Kemaman y suma su tercera victoria en el Tour de Langkawi<\/a>&nbsp;&nbsp;Ciclismo<\/li>\n<li><a href=\"https:\/\/news.google.com\/rss\/articles\/CBMiZ0FVX3lxTE9rdnlXek1Ba2xoTGNYSl9YZldNYWswdFJWSC1YU1VQTE5aYlhCU2F3MlBWajVCbmNXTW9WdWRBaUxVZks2T0NuYkZtZzlOaU16SWpONkNJblktUUJxYmFydkJBVXN1V00?oc=5\" target=\"_blank\" rel=\"nofollow noopener\">2\u00aa Tour Langkawi: De Kleijn se lleva el segundo sprint<\/a>&nbsp;&nbsp;Ciclo21<\/li>\n<li><a href=\"https:\/\/news.google.com\/rss\/articles\/CBMi4gFBVV95cUxNSDFNR1hiVU1qUjA0NlVoY2ZIaW1NWnhiU0wwdjJ6ZXVfU2xxcHpmVkNtZjRXVEJpSVZnZjk2YkFTcGxHYkJ5MmNRNGhxOWJmWmFIcDdiVXQxWk9xUkFfVGVhWjlQckdYaE00ak1Femt2TnZJd0pxdzlIbTRNZnozQVhmUXJ2Z21qV0ZJSEw4aDRjVjdPMEZXSTJ0SG1fZGJ6RlE0dlBjRXBDZ09EeFhDZjJXWUJvcVNuLVRUY2czRXo0Q3FQWUoxWEN0SUE3dlpFVGpoSjRyYU9Sa2toVGtFRk130gHnAUFVX3lxTE90MTNndmVwdzlfUEJIMjFnd2JPVHBTMlljejQyUVZwZDZ2bmdJZ094ZEktSkl3d2VEMWRBa2pUWjRtdXV4QkFsOEdQWWo4NThMUmpEX2dISGw2bmFsYWFlSHpuMERGMndkR1ZDWXE2X2lDYmYyd1paZE1wR3YyUms4M1hYZWdqTUdES0ZaWm4wNWQ4cDhvYUE4andvTGFMT3VWaUtpTkNNQUtsXzBNMWVzLW1XM3JTdmlSUm1jdkttTl9BTG9fRHpCMDlSamhWLXdUdUd6OHZIbkpkLVJ0MlR5T0x1VHNxYw?oc=5\" target=\"_blank\" rel=\"nofollow noopener\">Matteo Malucelli logra su segundo triunfo en el Tour de Langkawi; Germ\u00e1n Dar\u00edo G\u00f3mez el mejor colombiano<\/a>&nbsp;&nbsp;Revista Mundo Cicl\u00edstico<\/li>\n<li><a href=\"https:\/\/news.google.com\/rss\/articles\/CBMi1AFBVV95cUxPS1JWOWlOcUJyTVhWeU13enRacVlSdzVGY0RBUGxXQzU4dDFrUWRFTEh4c2ctcDNqODdNajRYX2l5cnlDM0oxRy1RTDd1dHBCSkRxQ1dFMDA4XzZkd3N0ak80b0oxRFNiVHRaUHhobENEUG50X1pueWlMeUw1bkl2Wlp1Unk0SnBJcDJDNkUtTm5SWUVSdmM3X2ZtdUxJcF9VRzZwT0RtTXRfbnJtVHZ6OWt3a0ZoNi1HZFdyV1Rlbk5EaG1icUc4bnh4V3lzZmNpR1NHOdIB2gFBVV95cUxONHdHVnEzNjl1S05tTFhoUE5QUXBnOHNoZGVKRDFlSjNqaVZIMDBSWmgwZ3JQYllrWVU0MG9wd21ZZG93ZTgwaTVKbnF4S0tKUGtDNmFVSGpyX1RUdDhJNVlPTS1GRWQtUnJzdlE2aUxSa3hBMTBfV0pkSVgzMXlsQ1hjMEt1T1dodkl5eDVVM0hOWUo0aXB3YmktVmV0RmQxa01DLTIzNHpQTEdLdU1tV2JKQnRBXzVEbk9qWGRjTjlEMm9CZTk3UUZaY0d5TS1FRDRPWWdkcHpxdw?oc=5\" target=\"_blank\" rel=\"nofollow noopener\">Triplete de Malucelli en Langkawi, con Pe\u00f1alver segundo<\/a>&nbsp;&nbsp;Ciclismo a fondo<\/li>\n<li><a href=\"https:\/\/news.google.com\/rss\/articles\/CBMiakFVX3lxTE9pM2NJZE9TZC15b3FMNGhsd1lhZVEzZGQ5XzE1M1JFcTk4THhNeVByNHhTVzQ4ZjdSajlkRmMzbzRscWpyZ0g1UkJQR1lzMXNweFJBdzhvVjRvbGZNbVVMOUJTeHB1RzJQZFE?oc=5\" target=\"_blank\" rel=\"nofollow noopener\">Matteo Malucelli firma su segundo triunfo y consolida el liderato en el Tour de Langkawi<\/a>&nbsp;&nbsp;Ciclismo<\/li>\n<\/ol>\n","protected":false},"excerpt":{"rendered":"Malucelli se impone en Kemaman y suma su tercera victoria en el Tour de Langkawi&nbsp;&nbsp;Ciclismo 2\u00aa Tour Langkawi:&hellip;\n","protected":false},"author":2,"featured_media":152495,"comment_status":"","ping_status":"","sticky":false,"template":"","format":"standard","meta":{"footnotes":""},"categories":[273],"tags":[35095,313,1757,312,168,158,25,24,2872,44554,10646,23,167,35094],"class_list":{"0":"post-152494","1":"post","2":"type-post","3":"status-publish","4":"format-standard","5":"has-post-thumbnail","7":"category-ciclismo","8":"tag-astana","9":"tag-ciclismo","10":"tag-ciclista","11":"tag-cycling","12":"tag-deportes","13":"tag-el","14":"tag-es","15":"tag-espana","16":"tag-italiano","17":"tag-malucelli","18":"tag-matteo","19":"tag-spain","20":"tag-sports","21":"tag-xds"},"share_on_mastodon":{"url":"","error":""},"_links":{"self":[{"href":"https:\/\/www.europesays.com\/es\/wp-json\/wp\/v2\/posts\/152494","targetHints":{"allow":["GET"]}}],"collection":[{"href":"https:\/\/www.europesays.com\/es\/wp-json\/wp\/v2\/posts"}],"about":[{"href":"https:\/\/www.europesays.com\/es\/wp-json\/wp\/v2\/types\/post"}],"author":[{"embeddable":true,"href":"https:\/\/www.europesays.com\/es\/wp-json\/wp\/v2\/users\/2"}],"replies":[{"embeddable":true,"href":"https:\/\/www.europesays.com\/es\/wp-json\/wp\/v2\/comments?post=152494"}],"version-history":[{"count":0,"href":"https:\/\/www.europesays.com\/es\/wp-json\/wp\/v2\/posts\/152494\/revisions"}],"wp:featuredmedia":[{"embeddable":true,"href":"https:\/\/www.europesays.com\/es\/wp-json\/wp\/v2\/media\/152495"}],"wp:attachment":[{"href":"https:\/\/www.europesays.com\/es\/wp-json\/wp\/v2\/media?parent=152494"}],"wp:term":[{"taxonomy":"category","embeddable":true,"href":"https:\/\/www.europesays.com\/es\/wp-json\/wp\/v2\/categories?post=152494"},{"taxonomy":"post_tag","embeddable":true,"href":"https:\/\/www.europesays.com\/es\/wp-json\/wp\/v2\/tags?post=152494"}],"curies":[{"name":"wp","href":"https:\/\/api.w.org\/{rel}","templated":true}]}}