{"id":152502,"date":"2025-10-02T10:20:14","date_gmt":"2025-10-02T10:20:14","guid":{"rendered":"https:\/\/www.europesays.com\/es\/152502\/"},"modified":"2025-10-02T10:20:14","modified_gmt":"2025-10-02T10:20:14","slug":"desde-la-honestidad-mas-grande-os-quiero-contar-como-ha-sido-este-ano","status":"publish","type":"post","link":"https:\/\/www.europesays.com\/es\/152502\/","title":{"rendered":"\u00abDesde la honestidad m\u00e1s grande, os quiero contar c\u00f3mo ha sido este a\u00f1o\u201d"},"content":{"rendered":"<p>En los \u00faltimos a\u00f1os, <strong>Ana Mena<\/strong> ha vivido muchas emociones tanto a nivel laboral como a nivel personal. La cantante ha cosechado much\u00edsimos \u00e9xitos que le han llevado a cantar por diferentes partes del mundo. Hace unas semanas, estuvo incluso <strong>en Jap\u00f3n<\/strong> para ofrecer una actuaci\u00f3n <strong>en el festival A-Nation.<\/strong> Un evento musical en el que fue la \u00fanica artista no asi\u00e1tica que se subi\u00f3 al escenario.<\/p>\n<p>Hace cuatro semanas, cuando tuvo lugar este hito en su carrera, Ana Mena comparti\u00f3 un post en Instagram con el que mostr\u00f3 varias fotos del momentazo y en el que asegur\u00f3 que <strong>actuar en Tokio \u201cha sido un sue\u00f1o<\/strong>. Gracias por tanto amor, volvemos pronto\u201d. Un post tras el que lleg\u00f3 su\u00a0<strong>desaparici\u00f3n en redes sociales<\/strong>. Desde entonces y hasta hace unas horas, la artista no hab\u00eda hecho ninguna publicaci\u00f3n en su muro. Pero ahora <strong>ha reaparecido<\/strong> y ha comunicado <strong>el motivo de su ausencia.<\/strong><\/p>\n<p><img loading=\"lazy\" decoding=\"async\"   src=\"https:\/\/www.europesays.com\/es\/wp-content\/uploads\/2025\/10\/ana-mena_cc119a51_251002102521_1200x1465.webp.webp\" alt=\"Ana Mena\" class=\"lazyload\" width=\"1200\" height=\"1465\" data-aspectratio=\"1200\/1465\"\/><\/p>\n<p>Hace un mes, la malague\u00f1a actu\u00f3 en Tokio. Un viaje muy especial en su carrera tras el que se tom\u00f3 un necesario descanso.<\/p>\n<p>&#13;@anamenaoficial<br \/>\nUna vuelta con una profunda carta y un posado espectacular<\/p>\n<p>Bajo el t\u00edtulo \u201cQuer\u00eda sincerarme\u201d, Ana Mena ha compartido una publicaci\u00f3n en Instagram que no ha pasado desapercibida ni por la foto ni por el texto. En cuanto a la imagen que ha elegido, se trata de un espectacular<strong> posado en el que aparece sin ropa<\/strong>. La cantante ha posado en un entorno id\u00edlico y de una forma muy art\u00edstica en una foto que ha complementado con <strong>una carta <\/strong>con la que ha hablado de sus nuevas intenciones.<\/p>\n<p><img loading=\"lazy\" decoding=\"async\"   src=\"https:\/\/www.europesays.com\/es\/wp-content\/uploads\/2025\/10\/ana-mena_56dc0055_251002102414_1200x1187.webp.webp\" alt=\"Ana Mena\" class=\"lazyload\" width=\"1200\" height=\"1187\" data-aspectratio=\"1200\/1187\"\/><\/p>\n<p>El espectacular posado con el que la cantante ha reaparecido tras unas semanas de ausencia.<\/p>\n<p>&#13;@anamenaoficial<\/p>\n<p>La cantante ha comenzado su escrito explicando que <strong>\u201cdesde la honestidad m\u00e1s grande,<\/strong> os quiero contar c\u00f3mo ha sido este a\u00f1o para m\u00ed\u201d. Ana Mena ha revelado entonces que en las \u00faltimas semanas ha hecho un par\u00f3n porque \u201cde repente, <strong>necesitaba respirar\u201d<\/strong>. La malague\u00f1a ha hecho alusi\u00f3n a que \u201cen los \u00faltimos nueve a\u00f1os, he trabajado sin descanso y no he parado de dejarme la vida en esto porque me encanta lo que hago, con sus momentos maravillosos y sus \u00e9pocas duras\u201d.<\/p>\n<p><img loading=\"lazy\" decoding=\"async\"   src=\"https:\/\/www.europesays.com\/es\/wp-content\/uploads\/2025\/10\/ana-mena_ee83d068_251002102618_1200x1800.webp.webp\" alt=\"Ana Mena\" class=\"lazyload\" width=\"1200\" height=\"1800\" data-aspectratio=\"1200\/1800\"\/><\/p>\n<p>Ana ha contado que tras nueve a\u00f1os sin parar, ha necesitado tomarse unas semanas para recargar pilas.<\/p>\n<p>&#13;Gtres<\/p>\n<p>Pero despu\u00e9s de nueve a\u00f1os, el cuerpo y la mente le ped\u00edan ese descanso que ella misma ha explicado en qu\u00e9 ha consistido. Ana Mena ha compartido con su casi <strong>mill\u00f3n y medio de seguidores de Instagram<\/strong> que, tras encontrarse \u201crealmente agotada\u201d, ha disfrutado de d\u00edas en los que ha tenido tiempo para ver a sus padres, estar en casa, irse de viaje, tener vacaciones, tener vida, volverse a enamorar&#8230;<\/p>\n<p>Un tiempo en el que tambi\u00e9n ha habido <strong>hueco para algo de trabajo <\/strong>porque, tal y como ha escrito la cantante de \u00e9xitos como \u2018Se iluminaba\u2019, \u2018Carita triste\u2019 o \u2018Un beso de improviso\u2019, han sido semanas en las que ha aprovechado para <strong>\u201cescribir canciones sin presi\u00f3n<\/strong> ni prisas, encontrar lo que me gusta, probar, borrar, empezar otro tema\u2026\u201d.<\/p>\n<p><img loading=\"lazy\" decoding=\"async\"   src=\"https:\/\/www.europesays.com\/es\/wp-content\/uploads\/2025\/10\/ana-mena_1eedceda_251002102727_1200x801.webp.webp\" alt=\"Ana Mena\" class=\"lazyload\" width=\"1200\" height=\"801\" data-aspectratio=\"1200\/801\"\/><\/p>\n<p>La cantante ha anunciado que ya se encuentra trabajando en su pr\u00f3ximo \u00e1lbum y que su nuevo proyecto marcar\u00e1 un antes y un despu\u00e9s en su carrera.<\/p>\n<p>&#13;Gtres<\/p>\n<p>Adem\u00e1s, Ana Mena ha dado un paso al frente al <strong>compartir un sentimiento <\/strong>que lleva a\u00f1os intentando gestionar. La de Estepona se ha sincerado al escribir que \u201csiempre me ha costado agarrar confianza con las personas\u2026 Aunque os parezca incre\u00edble, me sigo poniendo <strong>terriblemente nerviosa <\/strong>cuando tengo una c\u00e1mara delante y no lo paso bien en los eventos\u201d. Para hacer frente a esto, la cantante ha desvelado que \u201c<strong>me protejo <\/strong>en una zona de seguridad y, por ese motivo, quiz\u00e1s no me he dejado ver del todo\u201d.<\/p>\n<p><img loading=\"lazy\" decoding=\"async\"   src=\"https:\/\/www.europesays.com\/es\/wp-content\/uploads\/2025\/10\/ana-mena_32d7a797_251002102826_1200x801.webp.webp\" alt=\"Ana Mena\" class=\"lazyload\" width=\"1200\" height=\"801\" data-aspectratio=\"1200\/801\"\/><\/p>\n<p>Ana Mena se ha sincerado en Instagram sobre su timidez y sobre c\u00f3mo ahora quiere romper con eso y dejarse conocer mucho m\u00e1s.<\/p>\n<p>&#13;Gtres<\/p>\n<p>Pero ahora, ha llegado a una conclusi\u00f3n que marcar\u00e1 un antes y un despu\u00e9s en ella y que ha querido anunciar en esta espectacular reaparici\u00f3n. Ana Mena ha reconocido que \u201cahora por fin <strong>me apetece atreverme<\/strong>, jugar, sincerarme, fluir\u2026 Me apetece relajarme con todo eso y hacerlo a vuestro lado\u201d.<\/p>\n<p>Esto es algo que la artista pretende que tambi\u00e9n se note<strong> en sus nuevas canciones<\/strong>, temas que ya est\u00e1 preparando \u201ccon todo mi coraz\u00f3n\u201d. Y aunque todav\u00eda le faltan cosas por hacer y todav\u00eda no sabe la fecha de lanzamiento, lo que s\u00ed ha compartido ya ha sido que \u201cva a ser m\u00e1s aut\u00e9ntico y m\u00e1s de verdad que nunca\u201d.<\/p>\n<p><img loading=\"lazy\" decoding=\"async\"   src=\"https:\/\/www.europesays.com\/es\/wp-content\/uploads\/2025\/10\/ana-mena_74ea0db8_251002103305_1200x1685.webp.webp\" alt=\"Ana Mena\" class=\"lazyload\" width=\"1200\" height=\"1685\" data-aspectratio=\"1200\/1685\"\/><\/p>\n<p>En su carta, ha prometido que su regreso va a ser \u00abm\u00e1s aut\u00e9ntico que nunca\u00bb.<\/p>\n<p>&#13;Gtres<\/p>\n<p>Como <strong>remate a esta carta<\/strong> tan especial y sincera, Ana Mena ha escrito que \u201cno puedo ni quiero esperar m\u00e1s, estoy<strong> lista para renacer<\/strong>. Por fin ha llegado el momento de dar el primer paso, la transici\u00f3n necesaria hacia esa nueva era en la que nos vamos a sentir m\u00e1s cerca que nunca\u201d.<\/p>\n<p>Ana Mena, feliz junto a \u00d3scar Casas desde hace casi un a\u00f1o<\/p>\n<p>De este modo, Ana Mena ha anunciado un regreso profesional por todo lo alto que llega en un momento en el que tambi\u00e9n est\u00e1 feliz en lo personal. Una felicidad en la que influye <strong>su relaci\u00f3n con \u00d3scar Casas.<\/strong> Fue en diciembre del a\u00f1o pasado cuando en el programa de Telecinco \u2018Fiesta\u2019 emitieron unas im\u00e1genes de la cantante y el actor d\u00e1ndose un beso. Despu\u00e9s de compartir rodaje en la pel\u00edcula \u2018\u00cddolos\u2019, la artista y el hermano de Mario Casas iniciaron <strong>un romance de lo m\u00e1s discreto<\/strong> del que en alguna ocasi\u00f3n dan alguna pincelada.<\/p>\n<p><img loading=\"lazy\" decoding=\"async\"   src=\"https:\/\/www.europesays.com\/es\/wp-content\/uploads\/2025\/10\/oscar-casas_6a8d78ac_251002103147_1200x789.webp.webp\" alt=\"\u00d3scar Casas\" class=\"lazyload\" width=\"1200\" height=\"789\" data-aspectratio=\"1200\/789\"\/><\/p>\n<p>Tras coincidir en la pel\u00edcula &#8216;\u00cddolos&#8217;, \u00d3scar Casas y Ana Mena iniciaron un noviazgo que siempre llevan con discreci\u00f3n.<\/p>\n<p>&#13;Gtres<\/p>\n<p>Los dos son de los que prefieren llevar su vida sentimental con privacidad, pero esto no est\u00e1 re\u00f1ido con que de vez en cuando<strong> hagan alguna excepci\u00f3n<\/strong> y presuman de su amor en alguna entrevista o v\u00eda redes sociales.<\/p>\n<p>Como ejemplo de las palabras que en alguna ocasi\u00f3n se han dedicado, est\u00e1n las que Ana Mena dijo en la fiesta del d\u00e9cimo aniversario de Netflix celebrada hace unos meses. \u00abEs muy lindo, es ideal, de verdad\u2026 <strong>Es maravilloso \u00e9l<\/strong>\u201d, dec\u00eda la artista cuando le preguntaron por su novio.<\/p>\n<p><img loading=\"lazy\" decoding=\"async\"   src=\"https:\/\/www.europesays.com\/es\/wp-content\/uploads\/2025\/10\/ana-mena_d10a856f_251002103030_1200x789.webp.webp\" alt=\"Ana Mena\" class=\"lazyload\" width=\"1200\" height=\"789\" data-aspectratio=\"1200\/789\"\/><\/p>\n<p>La de Estepona habl\u00f3 hace unos meses en una fiesta de Netflix sobre su novio \u00d3scar Casas. De \u00e9l dijo que \u00abes maravilloso\u00bb.<\/p>\n<p>&#13;Gtres<\/p>\n<p>En el caso de <strong>\u00d3scar Casas, <\/strong>en una entrevista concedida el pasado verano a la revista \u2018\u00a1Hola!\u2019, dec\u00eda que trabajar con Ana hab\u00eda sido un placer. Sobre compartir rodaje con su novia, el hermano de Mario Casas afirmaba que <strong>\u201cAna es muy buena persona <\/strong>y, a la vez, supertrabajadora y muy profesional.\u00a0Ya\u00a0no solo canta como los \u00e1ngeles, es muy buena actriz,\u00a0no solo en esta pel\u00edcula, sino en otros proyectos interesantes.\u00a0Va a sorprender\u201d. Y sobre c\u00f3mo llevaba el hecho de que se hable de su relaci\u00f3n, \u00d3scar aseguraba que \u00e9l intenta gestionar el asunto de la forma <strong>\u201cm\u00e1s normal posible\u201d.<\/strong><\/p>\n<p>Otro de los momentos en el que hicieron gala de su amor, fue durante<strong> las vacaciones de verano en El Salvador<\/strong>, donde viajaron con otros miembros de la familia Casas, como <strong>Mario<\/strong> y su novia, la influencer<strong> Melyssa Pinto.<\/strong><\/p>\n<p><img loading=\"lazy\" decoding=\"async\"   src=\"https:\/\/www.europesays.com\/es\/wp-content\/uploads\/2025\/10\/ana-mena-y-oscar-casas_4af89f83_251002103545_1200x1254.webp.webp\" alt=\"Ana Mena y \u00d3scar Casas\" class=\"lazyload\" width=\"1200\" height=\"1254\" data-aspectratio=\"1200\/1254\"\/><\/p>\n<p>La pareja durante sus vacaciones en El Salvador en una de las pocas fotos que han compartido juntos.<\/p>\n<p>&#13;@anamenaoficial<br \/>\n<img decoding=\"async\" src=\"https:\/\/www.europesays.com\/es\/wp-content\/uploads\/2025\/10\/letizia_f44049f2_251002110248_800x800.webp.webp\" alt=\"Letizia\" class=\"image lazyload\"\/><img loading=\"lazy\" decoding=\"async\" src=\"https:\/\/www.europesays.com\/es\/wp-content\/uploads\/2025\/10\/letizia_f44049f2_251002110300_1280x720.webp.webp\" alt=\"La reina Letizia, arrebatadora con la falda de cuero m\u00e1s atrevida de su armario: de silueta l\u00e1piz, rosa y con apertura\" class=\"image lazyload\" width=\"1280\" height=\"720\" data-aspectratio=\"1280\/720\"\/><\/p>\n<p>Desde all\u00ed, Ana Mena y \u00d3scar Casas compartieron en redes sociales <strong>fotos y v\u00eddeos <\/strong>entre los que colaron <a href=\"https:\/\/www.lecturas.com\/actualidad\/oscar-casas-y-ana-mena-ya-no-se-esconden-album-privado-sus-vacaciones-salvador_179851\" rel=\"nofollow noopener\" target=\"_blank\">algunos en el que aparec\u00edan juntos<\/a>. Unas redes sociales en las que, de vez en cuando, se dejan mensajes en los posts del otro con los que muestran su orgullo por los \u00e9xitos laborales que ambos cosechan.<\/p>\n","protected":false},"excerpt":{"rendered":"En los \u00faltimos a\u00f1os, Ana Mena ha vivido muchas emociones tanto a nivel laboral como a nivel personal.&hellip;\n","protected":false},"author":2,"featured_media":152503,"comment_status":"","ping_status":"","sticky":false,"template":"","format":"standard","meta":{"footnotes":""},"categories":[174],"tags":[255,146,147,25,24,256,23],"class_list":{"0":"post-152502","1":"post","2":"type-post","3":"status-publish","4":"format-standard","5":"has-post-thumbnail","7":"category-famosos","8":"tag-celebrities","9":"tag-entertainment","10":"tag-entretenimiento","11":"tag-es","12":"tag-espana","13":"tag-famosos","14":"tag-spain"},"share_on_mastodon":{"url":"","error":""},"_links":{"self":[{"href":"https:\/\/www.europesays.com\/es\/wp-json\/wp\/v2\/posts\/152502","targetHints":{"allow":["GET"]}}],"collection":[{"href":"https:\/\/www.europesays.com\/es\/wp-json\/wp\/v2\/posts"}],"about":[{"href":"https:\/\/www.europesays.com\/es\/wp-json\/wp\/v2\/types\/post"}],"author":[{"embeddable":true,"href":"https:\/\/www.europesays.com\/es\/wp-json\/wp\/v2\/users\/2"}],"replies":[{"embeddable":true,"href":"https:\/\/www.europesays.com\/es\/wp-json\/wp\/v2\/comments?post=152502"}],"version-history":[{"count":0,"href":"https:\/\/www.europesays.com\/es\/wp-json\/wp\/v2\/posts\/152502\/revisions"}],"wp:featuredmedia":[{"embeddable":true,"href":"https:\/\/www.europesays.com\/es\/wp-json\/wp\/v2\/media\/152503"}],"wp:attachment":[{"href":"https:\/\/www.europesays.com\/es\/wp-json\/wp\/v2\/media?parent=152502"}],"wp:term":[{"taxonomy":"category","embeddable":true,"href":"https:\/\/www.europesays.com\/es\/wp-json\/wp\/v2\/categories?post=152502"},{"taxonomy":"post_tag","embeddable":true,"href":"https:\/\/www.europesays.com\/es\/wp-json\/wp\/v2\/tags?post=152502"}],"curies":[{"name":"wp","href":"https:\/\/api.w.org\/{rel}","templated":true}]}}