{"id":152504,"date":"2025-10-02T10:21:12","date_gmt":"2025-10-02T10:21:12","guid":{"rendered":"https:\/\/www.europesays.com\/es\/152504\/"},"modified":"2025-10-02T10:21:12","modified_gmt":"2025-10-02T10:21:12","slug":"la-policia-italiana-incauta-21-supuestas-obras-falsificadas-de-salvador-dali-en-parma","status":"publish","type":"post","link":"https:\/\/www.europesays.com\/es\/152504\/","title":{"rendered":"La Polic\u00eda italiana incauta 21 supuestas obras falsificadas de Salvador Dal\u00ed en Parma"},"content":{"rendered":"\n<p> La polic\u00eda italiana<strong> especializada en arte<\/strong> ha incautado este mi\u00e9rcoles 21 presuntas obras de <a href=\"https:\/\/www.elconfidencial.com\/cultura\/2024-12-04\/de-dali-a-andy-warhol-estas-son-las-obras-de-arte-incautadas-a-la-mafia_4016388\/\" target=\"_self\" rel=\"nofollow noopener\">Salvador Dal\u00ed<\/a> sospechosas de<strong> ser falsificaciones,<\/strong> despu\u00e9s de recibir un aviso de la fundaci\u00f3n del artista surrealista en Espa\u00f1a sobre presuntas anomal\u00edas, seg\u00fan informa el Comando de Carabinieri para la Protecci\u00f3n del Patrimonio Cultural. <\/p>\n<p> Las obras, seg\u00fan la informaci\u00f3n citada, formaban parte de <strong>la exposici\u00f3n &#8216;Salvador Dal\u00ed, tra arte e mito&#8217;<\/strong> (Salvador Dal\u00ed, entre arte y mito) que<strong> estuvo en Roma <\/strong>la primera mitad del a\u00f1o y se inaugur\u00f3 la semana pasada en el Palazzo Tarasconi de Parma. <\/p>\n<p> La unidad especializada en arte de los Carabinieri ha explicado que, mientras la muestra estaba en Roma, recibi\u00f3 un reporte <strong>sobre anomal\u00edas sospechosas<\/strong> en algunas de las obras por parte de la<a href=\"https:\/\/www.salvador-dali.org\/es\/\" target=\"_blank\" rel=\"nofollow noopener\"> Fundaci\u00f2n Gala &#8211; Salvador Dal\u00ed.<\/a> <\/p>\n<p> As\u00ed, este mi\u00e9rcoles, mediante una orden judicial, la polic\u00eda <strong>ha incautado 21 obras<\/strong> en el <a href=\"https:\/\/www.elconfidencial.com\/cultura\/2025-07-08\/descubren-museo-clandestino-magnate-gunther-kiss-lago-maggiore-obras-robadas-picasso-modigliani-rodin-1qrt_4168595\/\" target=\"_self\" rel=\"nofollow noopener\">museo de Parma<\/a>, que inclu\u00edan tapices, dibujos y grabados. La polic\u00eda ha se\u00f1alado que<strong> la investigaci\u00f3n sigue en curso<\/strong> y pide aplicar la presunci\u00f3n de inocencia en los hechos investigados hasta que se dicte sentencia firme. <\/p>\n<p> La polic\u00eda italiana<strong> especializada en arte<\/strong> ha incautado este mi\u00e9rcoles 21 presuntas obras de <a href=\"https:\/\/www.elconfidencial.com\/cultura\/2024-12-04\/de-dali-a-andy-warhol-estas-son-las-obras-de-arte-incautadas-a-la-mafia_4016388\/\" target=\"_self\" rel=\"nofollow noopener\">Salvador Dal\u00ed<\/a> sospechosas de<strong> ser falsificaciones,<\/strong> despu\u00e9s de recibir un aviso de la fundaci\u00f3n del artista surrealista en Espa\u00f1a sobre presuntas anomal\u00edas, seg\u00fan informa el Comando de Carabinieri para la Protecci\u00f3n del Patrimonio Cultural. <\/p>\n","protected":false},"excerpt":{"rendered":"La polic\u00eda italiana especializada en arte ha incautado este mi\u00e9rcoles 21 presuntas obras de Salvador Dal\u00ed sospechosas de&hellip;\n","protected":false},"author":2,"featured_media":152505,"comment_status":"","ping_status":"","sticky":false,"template":"","format":"standard","meta":{"footnotes":""},"categories":[173],"tags":[229,233,231,230,232,234,146,147,25,24,23],"class_list":{"0":"post-152504","1":"post","2":"type-post","3":"status-publish","4":"format-standard","5":"has-post-thumbnail","7":"category-arte-y-diseno","8":"tag-arte","9":"tag-arte-y-diseno","10":"tag-arts","11":"tag-arts-and-design","12":"tag-design","13":"tag-diseno","14":"tag-entertainment","15":"tag-entretenimiento","16":"tag-es","17":"tag-espana","18":"tag-spain"},"share_on_mastodon":{"url":"","error":""},"_links":{"self":[{"href":"https:\/\/www.europesays.com\/es\/wp-json\/wp\/v2\/posts\/152504","targetHints":{"allow":["GET"]}}],"collection":[{"href":"https:\/\/www.europesays.com\/es\/wp-json\/wp\/v2\/posts"}],"about":[{"href":"https:\/\/www.europesays.com\/es\/wp-json\/wp\/v2\/types\/post"}],"author":[{"embeddable":true,"href":"https:\/\/www.europesays.com\/es\/wp-json\/wp\/v2\/users\/2"}],"replies":[{"embeddable":true,"href":"https:\/\/www.europesays.com\/es\/wp-json\/wp\/v2\/comments?post=152504"}],"version-history":[{"count":0,"href":"https:\/\/www.europesays.com\/es\/wp-json\/wp\/v2\/posts\/152504\/revisions"}],"wp:featuredmedia":[{"embeddable":true,"href":"https:\/\/www.europesays.com\/es\/wp-json\/wp\/v2\/media\/152505"}],"wp:attachment":[{"href":"https:\/\/www.europesays.com\/es\/wp-json\/wp\/v2\/media?parent=152504"}],"wp:term":[{"taxonomy":"category","embeddable":true,"href":"https:\/\/www.europesays.com\/es\/wp-json\/wp\/v2\/categories?post=152504"},{"taxonomy":"post_tag","embeddable":true,"href":"https:\/\/www.europesays.com\/es\/wp-json\/wp\/v2\/tags?post=152504"}],"curies":[{"name":"wp","href":"https:\/\/api.w.org\/{rel}","templated":true}]}}