{"id":152509,"date":"2025-10-02T10:26:07","date_gmt":"2025-10-02T10:26:07","guid":{"rendered":"https:\/\/www.europesays.com\/es\/152509\/"},"modified":"2025-10-02T10:26:07","modified_gmt":"2025-10-02T10:26:07","slug":"el-barcelona-tambien-jugara-en-montjuic-contra-el-olympiacos-futbol-deportes","status":"publish","type":"post","link":"https:\/\/www.europesays.com\/es\/152509\/","title":{"rendered":"El Barcelona tambi\u00e9n jugar\u00e1 en Montju\u00efc contra el Olympiacos | F\u00fatbol | Deportes"},"content":{"rendered":"<p class=\"\">El Barcelona ha anunciado este jueves, tras la derrota por la m\u00ednima contra el PSG, que el tercer partido de la fase de liga de la Champions League del martes 21 de octubre a las 18:45 horas, frente al Olympiacos, <a href=\"https:\/\/elpais.com\/deportes\/futbol\/2025-09-23\/el-ayuntamiento-niega-al-barcelona-la-licencia-para-jugar-en-el-nuevo-camp-nou-este-domingo.html\" target=\"_self\" rel=\"nofollow noopener\" title=\"https:\/\/elpais.com\/deportes\/futbol\/2025-09-23\/el-ayuntamiento-niega-al-barcelona-la-licencia-para-jugar-en-el-nuevo-camp-nou-este-domingo.html\">se disputar\u00e1 tambi\u00e9n en el Estadi Ol\u00edmpic Llu\u00eds Companys<\/a>. El equipo azulgrana seguir\u00e1 utilizando el estadio de Montju\u00efc,<a href=\"\" rel=\"\" title=\"\"> por el que paga una media de medio mill\u00f3n de euros<\/a> por partido por su alquiler, seg\u00fan explic\u00f3 Elena Fort. \u201cEl club contin\u00faa trabajando para obtener los permisos administrativos necesarios para la apertura del Spotify Camp Nou en las pr\u00f3ximas fechas. En este marco, el FC Barcelona est\u00e1 trabajando en las nuevas enmiendas que el Ayuntamiento de Barcelona comparti\u00f3 con el club la semana pasada\u201d, asegura el Bar\u00e7a en un comunicado publicado esta ma\u00f1ana.<\/p>\n<p class=\"\">Estas nuevas enmiendas fueron compartidas el martes pasado, cuando la instituci\u00f3n presidida por Joan Laporta organiz\u00f3 una visita guiada a las obras de remodelaci\u00f3n del Spotify Camp Nou a alrededor de 80 periodistas y una rueda de prensa de Elena Fort. El exceso de confianza del club azulgrana en recibir el visto bueno y la licencia de primera ocupaci\u00f3n del Ayuntamiento no sent\u00f3 bien en el consistorio, que organiz\u00f3 una sesi\u00f3n t\u00e9cnica y una rueda de prensa de Laia Bonet, teniente de alcalde, y Sebasti\u00e0 Massagu\u00e9, jefe de Bomberos, esa misma tarde. Ambos aseguraron que exist\u00edan \u201cdeficiencias de seguridad\u201d en la obra que no les permit\u00eda dar los permisos necesarios. \u201cNo estaremos ni un minuto m\u00e1s de lo necesario en otorgar la licencia de primera ocupaci\u00f3n <a href=\"\" rel=\"\" title=\"\">en cu\u00e1nto tengamos la garant\u00eda de la seguridad de los aficionados<\/a>\u201d, asegur\u00f3 Bonet. Fuentes del consistorio aseguran, eso s\u00ed, que el proceso se encuentra en la fase final.<\/p>\n<p class=\"\">En cuanto el Barcelona reciba la licencia necesaria, podr\u00eda abrir el Spotify Camp Nou, pero con 27.000 localidades entre el Gol Sur y la Tribuna, tal y como est\u00e1 previsto en la reapertura gradual pactada este verano. La pr\u00f3xima fecha en casa es contra el Girona el d\u00eda 18 de octubre. Mientras que en Liga no habr\u00eda ning\u00fan problema en regresar, el problema se encuentra en la Champions. Para jugar en Europa, y seg\u00fan las exigencias m\u00ednimas y reglamente de la UEFA, el Barcelona necesita la siguiente fase, la 1B, con el lateral abierto y un aforo de 47.000 personas, y sus correspondientes licencias de apertura que otorga el Ayuntamiento. Adem\u00e1s, la UEFA deber\u00eda aceptar que el Barcelona cambiase su estadio, ya que el organismo europeo obliga a jugar en el mismo campo durante toda la fase de la liguilla, aunque existe una excepci\u00f3n en caso de fuerza mayor. Pero, de momento, todo son hip\u00f3tesis. Y la \u00fanica realidad es que el Camp Nou se acerca, pero a\u00fan no lo suficiente.<\/p>\n","protected":false},"excerpt":{"rendered":"El Barcelona ha anunciado este jueves, tras la derrota por la m\u00ednima contra el PSG, que el tercer&hellip;\n","protected":false},"author":2,"featured_media":152510,"comment_status":"","ping_status":"","sticky":false,"template":"","format":"standard","meta":{"footnotes":""},"categories":[93],"tags":[1241,1540,168,927,1539,25,24,881,282,1538,2713,46087,4409,23,167],"class_list":{"0":"post-152509","1":"post","2":"type-post","3":"status-publish","4":"format-standard","5":"has-post-thumbnail","7":"category-deportes","8":"tag-champions-league","9":"tag-competiciones","10":"tag-deportes","11":"tag-deportistas","12":"tag-entrenadores","13":"tag-es","14":"tag-espana","15":"tag-fc-barcelona","16":"tag-futbol","17":"tag-futbolistas","18":"tag-jugadores","19":"tag-olympiakos","20":"tag-psg","21":"tag-spain","22":"tag-sports"},"share_on_mastodon":{"url":"","error":""},"_links":{"self":[{"href":"https:\/\/www.europesays.com\/es\/wp-json\/wp\/v2\/posts\/152509","targetHints":{"allow":["GET"]}}],"collection":[{"href":"https:\/\/www.europesays.com\/es\/wp-json\/wp\/v2\/posts"}],"about":[{"href":"https:\/\/www.europesays.com\/es\/wp-json\/wp\/v2\/types\/post"}],"author":[{"embeddable":true,"href":"https:\/\/www.europesays.com\/es\/wp-json\/wp\/v2\/users\/2"}],"replies":[{"embeddable":true,"href":"https:\/\/www.europesays.com\/es\/wp-json\/wp\/v2\/comments?post=152509"}],"version-history":[{"count":0,"href":"https:\/\/www.europesays.com\/es\/wp-json\/wp\/v2\/posts\/152509\/revisions"}],"wp:featuredmedia":[{"embeddable":true,"href":"https:\/\/www.europesays.com\/es\/wp-json\/wp\/v2\/media\/152510"}],"wp:attachment":[{"href":"https:\/\/www.europesays.com\/es\/wp-json\/wp\/v2\/media?parent=152509"}],"wp:term":[{"taxonomy":"category","embeddable":true,"href":"https:\/\/www.europesays.com\/es\/wp-json\/wp\/v2\/categories?post=152509"},{"taxonomy":"post_tag","embeddable":true,"href":"https:\/\/www.europesays.com\/es\/wp-json\/wp\/v2\/tags?post=152509"}],"curies":[{"name":"wp","href":"https:\/\/api.w.org\/{rel}","templated":true}]}}