{"id":152517,"date":"2025-10-02T10:31:10","date_gmt":"2025-10-02T10:31:10","guid":{"rendered":"https:\/\/www.europesays.com\/es\/152517\/"},"modified":"2025-10-02T10:31:10","modified_gmt":"2025-10-02T10:31:10","slug":"varios-heridos-en-un-ataque-con-cuchillo-en-una-sinagoga-de-manchester","status":"publish","type":"post","link":"https:\/\/www.europesays.com\/es\/152517\/","title":{"rendered":"Varios heridos en un ataque con cuchillo en una sinagoga de Manchester"},"content":{"rendered":"<p>\n  Por&amp;nbsp<b>Euronews<\/b>\n<\/p>\n<p>\n                    Publicado                 02\/10\/2025 &#8211; 11:52 CEST<br \/>\n                \u2022Ultima actualizaci\u00f3n<br \/>\n                                     11:55\n                                        <\/p>\n<p>          <img decoding=\"async\" class=\"c-ad__placeholder__logo\" src=\"https:\/\/static.euronews.com\/website\/images\/logos\/logo-euronews-stacked-outlined-72x72-grey-9.svg\" width=\"72\" height=\"72\" alt=\"\" loading=\"lazy\"\/><br \/>\n          PUBLICIDAD<\/p>\n<p>Varias personas han resultado heridas en un aparente ataque con cuchillo en <a href=\"https:\/\/es.euronews.com\/2021\/05\/12\/israel-palestina-violencia\" rel=\"nofollow noopener\" target=\"_blank\">una sinagoga<\/a> de Manchester el jueves, seg\u00fan las autoridades. La Polic\u00eda del Gran M\u00e1nchester ha informado de que <strong>el sospechoso ha sido abatido<\/strong>. Por el momento se desconoce el n\u00famero de heridos y el alcance de sus lesiones.<\/p>\n<p>El alcalde de M\u00e1nchester, Andy Burnham, declar\u00f3 a la &#8216;BBC&#8217; que se trataba de un \u00abincidente grave\u00bb que fue resuelto \u00abeficazmente\u00bb por la polic\u00eda y las personas que se encontraban en el lugar. El atentado se produjo cuando la comunidad jud\u00eda <strong>celebra el Yom Kipur<\/strong>, un d\u00eda en el que muchos fieles acuden a las sinagogas y ayunan.<\/p>\n<p>Se trata de una noticia en desarrollo y nuestros periodistas est\u00e1n trabajando en nuevas actualizaciones.<\/p>\n","protected":false},"excerpt":{"rendered":"Por&amp;nbspEuronews Publicado 02\/10\/2025 &#8211; 11:52 CEST \u2022Ultima actualizaci\u00f3n 11:55 PUBLICIDAD Varias personas han resultado heridas en un aparente&hellip;\n","protected":false},"author":2,"featured_media":152518,"comment_status":"","ping_status":"","sticky":false,"template":"","format":"standard","meta":{"footnotes":""},"categories":[42],"tags":[1422,17,18,13,14,11,61,62,63,64,19,20,9,10,15,16,2444,46088,12,21,22,65,66,67],"class_list":{"0":"post-152517","1":"post","2":"type-post","3":"status-publish","4":"format-standard","5":"has-post-thumbnail","7":"category-internacional","8":"tag-ataque","9":"tag-breaking-news","10":"tag-breakingnews","11":"tag-featured-news","12":"tag-featurednews","13":"tag-headlines","14":"tag-internacional","15":"tag-international","16":"tag-international-news","17":"tag-internationalnews","18":"tag-latest-news","19":"tag-latestnews","20":"tag-news","21":"tag-noticias","22":"tag-noticias-destacadas","23":"tag-noticiasdestacadas","24":"tag-reino-unido","25":"tag-sinagoga","26":"tag-titulares","27":"tag-ultimas-noticias","28":"tag-ultimasnoticias","29":"tag-world","30":"tag-world-news","31":"tag-worldnews"},"share_on_mastodon":{"url":"","error":""},"_links":{"self":[{"href":"https:\/\/www.europesays.com\/es\/wp-json\/wp\/v2\/posts\/152517","targetHints":{"allow":["GET"]}}],"collection":[{"href":"https:\/\/www.europesays.com\/es\/wp-json\/wp\/v2\/posts"}],"about":[{"href":"https:\/\/www.europesays.com\/es\/wp-json\/wp\/v2\/types\/post"}],"author":[{"embeddable":true,"href":"https:\/\/www.europesays.com\/es\/wp-json\/wp\/v2\/users\/2"}],"replies":[{"embeddable":true,"href":"https:\/\/www.europesays.com\/es\/wp-json\/wp\/v2\/comments?post=152517"}],"version-history":[{"count":0,"href":"https:\/\/www.europesays.com\/es\/wp-json\/wp\/v2\/posts\/152517\/revisions"}],"wp:featuredmedia":[{"embeddable":true,"href":"https:\/\/www.europesays.com\/es\/wp-json\/wp\/v2\/media\/152518"}],"wp:attachment":[{"href":"https:\/\/www.europesays.com\/es\/wp-json\/wp\/v2\/media?parent=152517"}],"wp:term":[{"taxonomy":"category","embeddable":true,"href":"https:\/\/www.europesays.com\/es\/wp-json\/wp\/v2\/categories?post=152517"},{"taxonomy":"post_tag","embeddable":true,"href":"https:\/\/www.europesays.com\/es\/wp-json\/wp\/v2\/tags?post=152517"}],"curies":[{"name":"wp","href":"https:\/\/api.w.org\/{rel}","templated":true}]}}