{"id":152519,"date":"2025-10-02T10:32:07","date_gmt":"2025-10-02T10:32:07","guid":{"rendered":"https:\/\/www.europesays.com\/es\/152519\/"},"modified":"2025-10-02T10:32:07","modified_gmt":"2025-10-02T10:32:07","slug":"el-iac-acercara-el-cosmos-a-le-good-market-con-actividades-de-divulgacion-en-el-parque-garcia-sanabria-con-motivo-de-plenilunio","status":"publish","type":"post","link":"https:\/\/www.europesays.com\/es\/152519\/","title":{"rendered":"El IAC acercar\u00e1 el Cosmos a Le Good Market con actividades de divulgaci\u00f3n en el Parque Garc\u00eda Sanabria con motivo de Plenilunio"},"content":{"rendered":"<p class=\"text-align-justify\">El Instituto de Astrof\u00edsica de Canarias (IAC) colabora con Le Good \u2018Cosmic\u2019 Market dentro del entorno de la celebraci\u00f3n de Plenilunio acercando con una amplia agenda de actividades divulgativas que tendr\u00e1n lugar en el Parque Garc\u00eda Sanabria, de Santa Cruz de Tenerife, los d\u00edas 4 y 5 de octubre.<\/p>\n<p class=\"text-align-justify\">En ocasi\u00f3n de la elecci\u00f3n de la tem\u00e1tica \u2018cosmic\u2019 de esta cita en la capital tinerfe\u00f1a, la Unidad de Comunicaci\u00f3n y Cultura Cient\u00edfica (UC3) del IAC ha asesorado a la organizaci\u00f3n del market para que toda su imagen y materiales tengan respaldo cient\u00edfico avalado. Adem\u00e1s, el centro ofrece un programa dise\u00f1ado para todas las edades y p\u00fablicos, con el objetivo de compartir el trabajo que se realiza en el centro de excelencia que alberga dos de los mejores observatorios del mundo.<\/p>\n<p class=\"text-align-justify\">La carpa del IAC ser\u00e1 el epicentro de la divulgaci\u00f3n, donde personal investigador y t\u00e9cnico del Instituto ofrecer\u00e1 charlas, talleres interactivos y observaciones astron\u00f3micas tanto diurnas como nocturnas. Todas estas actividades estar\u00e1n ubicadas en la Glorieta Patricio Est\u00e9vanez, justo en la subida de paseo P\u00e9rez Minik<\/p>\n<p class=\"text-align-justify\">Los asistentes tendr\u00e1n la oportunidad de adentrarse en la composici\u00f3n del Cosmos a trav\u00e9s de los Talleres de Infrarrojo (IR) y Espectroscop\u00eda, que se desarrollar\u00e1n en varias sesiones el s\u00e1bado (11:00-14:00 h y 17:00-20:00 h) y el domingo (11:00-14:00 h). Personal astrof\u00edsico como Alessandra Ambrifi, Alejandra Goded, Fernando Fr\u00edas, Nayra Rodr\u00edguez, Sara Mu\u00f1oz, Jos\u00e9 P\u00e9rez y Diego Godoy guiar\u00e1n al p\u00fablico en estas experiencias pr\u00e1cticas que revelan c\u00f3mo la ciencia desentra\u00f1a los misterios de la luz.<\/p>\n<p class=\"text-align-justify\">Las charlas divulgativas ser\u00e1n un punto fuerte del programa. As\u00ed, la astrof\u00edsica y divulgadora Alejandra Goded impartir\u00e1 \u00ab\u00bfDe qu\u00e9 est\u00e1n hechas las estrellas?\u00bb el s\u00e1bado y el domingo a las 12:00 horas, dirigida especialmente a un p\u00fablico infantil. Adem\u00e1s, el s\u00e1bado por la tarde, la astrof\u00edsica divulgadora Nayra Rodr\u00edguez ofrecer\u00e1 \u00abNuestra conexi\u00f3n con el Cosmos\u00bb (17:00 horas), y el domingo, Alfred Rosenberg nos guiar\u00e1 a trav\u00e9s de \u00abLa Historia del Universo en 24 horas\u00bb (17:00 horas).<\/p>\n<p class=\"text-align-justify\"><strong>Observaci\u00f3n Segura del Sol y la Luna<\/strong><\/p>\n<p class=\"text-align-justify\">A todo ello se suma la posibilidad de acceder a observaciones astron\u00f3micas desde el Parque Garc\u00eda Sanabria. El p\u00fablico podr\u00e1 contemplar nuestra estrella, el Sol, de forma totalmente segura con telescopios H-alpha que permiten ver sus erupciones y actividad en la superficie. Las Observaciones Solares ser\u00e1n dirigidas por Adri\u00e1n S\u00e1nchez (s\u00e1bado, 12:00-14:00 h) y Alfred Rosenberg (domingo, 12:00-14:00 h).<\/p>\n<p class=\"text-align-justify\">Al caer la noche del s\u00e1bado, la mirada se dirigir\u00e1 a nuestro sat\u00e9lite: La Luna. La Observaci\u00f3n Lunar (20:00 a 22:00 h), a cargo de Sara Mu\u00f1oz y Fernando Fr\u00edas, permitir\u00e1 a los visitantes disfrutar de los cr\u00e1teres y el relieve lunar con telescopios profesionales.<\/p>\n<p class=\"text-align-justify\">Adem\u00e1s, el Parque Garc\u00eda Sanabria se convertir\u00e1 en un museo al aire libre con la exposici\u00f3n \u201c100 Lunas cuadradas\u201d del Instituto de Astrof\u00edsica de Canarias (IAC) es una muestra educativa compuesta de nueve paneles con im\u00e1genes astron\u00f3micas acompa\u00f1adas de sus correspondientes paneles explicativos. Las im\u00e1genes fueron obtenidas con el Sky Treasure Chest (STC), un astr\u00f3grafo de la Unidad de Comunicaci\u00f3n y Cultura Cient\u00edfica (UC3) del IAC instalado en el Observatorio del Teide (Tenerife, Islas Canarias).<\/p>\n<p class=\"text-align-justify\">Las tem\u00e1ticas de las im\u00e1genes cubren pr\u00e1cticamente todo tipo de objetos astron\u00f3micos y algunos descubrimientos relevantes en Astrof\u00edsica, los cuales se presentan bajo los siguientes t\u00edtulos: Sistemas exoplanetarios, Cunas estelares, Estrellas adolescentes, F\u00f3siles c\u00f3smicos, L\u00e1pidas fugaces, Restos estelares, Universos Isla, Grupos gal\u00e1cticos y C\u00famulos gal\u00e1cticos.<\/p>\n<p class=\"text-align-justify\">Le Good Market es un evento que se encuadra dentro de la actividad Plenilunio organizada por la Sociedad de Desarrollo del Ayuntamiento de Santa Cruz de Tenerife con el apoyo de la empresa p\u00fablica Gesti\u00f3n del Medio Rural de Canarias (GMR) a trav\u00e9s de su marca Volcanic Xperience de Turismo de Tenerife, del Cabildo de Tenerife; y de la empresa p\u00fablica Promotur de la Consejer\u00eda de Turismo y Empleo del Gobierno de Canarias.<\/p>\n<p class=\"text-align-justify\">Con esta participaci\u00f3n, el IAC, a trav\u00e9s de su Unidad de Comunicaci\u00f3n y Cultura Cient\u00edfica (UC3) y con el proyecto IAC-POP, refuerza su compromiso de acercar el conocimiento de la Astrof\u00edsica a la ciudadan\u00eda en entornos culturales no convencionales, haciendo de Plenilunio Santa Cruz una cita imprescindible para los amantes de la ciencia y el Universo.<\/p>\n","protected":false},"excerpt":{"rendered":"El Instituto de Astrof\u00edsica de Canarias (IAC) colabora con Le Good \u2018Cosmic\u2019 Market dentro del entorno de la&hellip;\n","protected":false},"author":2,"featured_media":152520,"comment_status":"","ping_status":"","sticky":false,"template":"","format":"standard","meta":{"footnotes":""},"categories":[8],"tags":[17,18,25,24,13,14,11,19,20,9,10,15,16,23,12,21,22],"class_list":{"0":"post-152519","1":"post","2":"type-post","3":"status-publish","4":"format-standard","5":"has-post-thumbnail","7":"category-espana","8":"tag-breaking-news","9":"tag-breakingnews","10":"tag-es","11":"tag-espana","12":"tag-featured-news","13":"tag-featurednews","14":"tag-headlines","15":"tag-latest-news","16":"tag-latestnews","17":"tag-news","18":"tag-noticias","19":"tag-noticias-destacadas","20":"tag-noticiasdestacadas","21":"tag-spain","22":"tag-titulares","23":"tag-ultimas-noticias","24":"tag-ultimasnoticias"},"share_on_mastodon":{"url":"","error":""},"_links":{"self":[{"href":"https:\/\/www.europesays.com\/es\/wp-json\/wp\/v2\/posts\/152519","targetHints":{"allow":["GET"]}}],"collection":[{"href":"https:\/\/www.europesays.com\/es\/wp-json\/wp\/v2\/posts"}],"about":[{"href":"https:\/\/www.europesays.com\/es\/wp-json\/wp\/v2\/types\/post"}],"author":[{"embeddable":true,"href":"https:\/\/www.europesays.com\/es\/wp-json\/wp\/v2\/users\/2"}],"replies":[{"embeddable":true,"href":"https:\/\/www.europesays.com\/es\/wp-json\/wp\/v2\/comments?post=152519"}],"version-history":[{"count":0,"href":"https:\/\/www.europesays.com\/es\/wp-json\/wp\/v2\/posts\/152519\/revisions"}],"wp:featuredmedia":[{"embeddable":true,"href":"https:\/\/www.europesays.com\/es\/wp-json\/wp\/v2\/media\/152520"}],"wp:attachment":[{"href":"https:\/\/www.europesays.com\/es\/wp-json\/wp\/v2\/media?parent=152519"}],"wp:term":[{"taxonomy":"category","embeddable":true,"href":"https:\/\/www.europesays.com\/es\/wp-json\/wp\/v2\/categories?post=152519"},{"taxonomy":"post_tag","embeddable":true,"href":"https:\/\/www.europesays.com\/es\/wp-json\/wp\/v2\/tags?post=152519"}],"curies":[{"name":"wp","href":"https:\/\/api.w.org\/{rel}","templated":true}]}}