{"id":152521,"date":"2025-10-02T10:33:11","date_gmt":"2025-10-02T10:33:11","guid":{"rendered":"https:\/\/www.europesays.com\/es\/152521\/"},"modified":"2025-10-02T10:33:11","modified_gmt":"2025-10-02T10:33:11","slug":"el-centro-cultural-federico-garcia-lorca-reabre-tras-una-segunda-reforma-de-mejora","status":"publish","type":"post","link":"https:\/\/www.europesays.com\/es\/152521\/","title":{"rendered":"El centro cultural Federico Garc\u00eda Lorca reabre tras una segunda reforma de mejora"},"content":{"rendered":"<p>M\u00e1s informaci\u00f3n<\/p>\n<p> <a href=\"https:\/\/www.rivasciudad.es\/noticias\/cultura\/2024\/10\/12\/40-anos-de-la-universidad-popular-de-rivas\/862600237004\/\" rel=\"nofollow noopener\" target=\"_blank\"> <img loading=\"lazy\" decoding=\"async\" src=\"https:\/\/www.europesays.com\/es\/wp-content\/uploads\/2025\/09\/UP-Reportaje-2024-600x400.jpg\" width=\"600\" height=\"400\" alt=\"Desde 1984: los 40 a\u00f1os de la Universidad Popular en Rivas\"\/> <\/a> <a href=\"https:\/\/www.rivasciudad.es\/noticias\/cultura\/2025\/09\/08\/asi-sera-la-nueva-sede-de-la-escuela-municipal-de-musica\/862600258774\/\" rel=\"nofollow noopener\" target=\"_blank\"> <img loading=\"lazy\" decoding=\"async\" src=\"https:\/\/www.europesays.com\/es\/wp-content\/uploads\/2025\/10\/Nueva-EMM-600x400.png\" width=\"600\" height=\"400\" alt=\"As\u00ed ser\u00e1 la nueva sede de la Escuela Municipal de M\u00fasica\"\/> <\/a><\/p>\n<p>Tal como estaba previsto, el centro cultural Federico Garc\u00eda Lorca ha reabierto el 1 de octubre, retomando de nuevo las actividades, entre ellas las clases de la Universidad Popular (con unas 1.700 matr\u00edculas por curso) y de la Escuela Municipal de M\u00fasica (700 alumnas y alumnos), la biblioteca municipal o la sala de exposiciones Maruja Mallo.<\/p>\n<p>El centro, que tambi\u00e9n aloja al personal y oficinas de la Concejal\u00eda de Cultura y Fiestas, se ha sometido a una segunda fase de rehabilitaci\u00f3n, en este caso para renovar la carpinter\u00eda exterior (ventanas) y mejorar la impermeabilizaci\u00f3n y la climatizaci\u00f3n de un edificio ya con mucha historia, inaugurado en 1998. Las obras han durado seis meses. Y el Ayuntamiento ha invertido ahora 1,1 millones de euros que, se sumados a los 1,33 millones de la primera fase ejecutada en 2021, elevan la inversi\u00f3n a 2,43 millones de euros.<\/p>\n<p>Las obras han estado financiadas por el programa de rehabilitaci\u00f3n de edificios p\u00fablicos del Gobierno de Espa\u00f1a (PIREP).<\/p>\n<p>Entre otras actuaciones, se ha optimizado la instalaci\u00f3n de los panales solares, mejorando su mantenimiento y conservaci\u00f3n, se ha instalado un sistema de aerotermia que sustituye a la caldera de gas natural y se ha renovado el sistema de control dom\u00f3tico de las instalaciones. Tambi\u00e9n se ha apostado el alumbrado del edificio con tecnolog\u00eda led.<\/p>\n<p>El centro municipal, vertebrador de una parte importante de la vida cultural de la ciudad y utilizado por centenares de ripenses diariamente, configura un eje cultural de primer orden junto al auditorio Pilar Bardem y la pr\u00f3xima nueva sede de la Escuela Municipal de M\u00fasica (situada en un edificio entre ambos equipamientos que se est\u00e1 reformando).<\/p>\n<p>\u201cEl Consistorio est\u00e1 realizando una gran esfuerzo inversor en la mejora de la infraestructura cultural, uno de los ejes principales de nuestras pol\u00edticas p\u00fablicas. A la inversi\u00f3n en el centro cultural se suma la compra y reforma de un edificio contiguo para albergar la nueva sede de la Escuela Municipal de M\u00fasica, a la que destinamos casi 8 millones de euros\u201d, recuerda la alcaldesa ripense, A\u00edda Castillejo.<\/p>\n<p>Otra sala relevante del centro cultural se est\u00e1 beneficiando de una mejora: el sal\u00f3n de actos, que recibe una inversi\u00f3n de 183.520 euros para ampliar la capacidad del patio de butacas (se pasa de 190 asientos a 203), mejorando la visibilidad del p\u00fablico, y modernizar la iluminaci\u00f3n y sonido del espacio. Si no se producen imprevistos, se reabrir\u00e1 a finales de octubre. Adem\u00e1s del sal\u00f3n de actos, el centro cuenta con otra sala polivalente para actuaciones, la Marcos Ana.<\/p>\n","protected":false},"excerpt":{"rendered":"M\u00e1s informaci\u00f3n Tal como estaba previsto, el centro cultural Federico Garc\u00eda Lorca ha reabierto el 1 de octubre,&hellip;\n","protected":false},"author":2,"featured_media":152522,"comment_status":"","ping_status":"","sticky":false,"template":"","format":"standard","meta":{"footnotes":""},"categories":[5],"tags":[17,18,25,24,13,14,11,19,20,9,10,15,16,23,12,21,22],"class_list":{"0":"post-152521","1":"post","2":"type-post","3":"status-publish","4":"format-standard","5":"has-post-thumbnail","7":"category-titulares","8":"tag-breaking-news","9":"tag-breakingnews","10":"tag-es","11":"tag-espana","12":"tag-featured-news","13":"tag-featurednews","14":"tag-headlines","15":"tag-latest-news","16":"tag-latestnews","17":"tag-news","18":"tag-noticias","19":"tag-noticias-destacadas","20":"tag-noticiasdestacadas","21":"tag-spain","22":"tag-titulares","23":"tag-ultimas-noticias","24":"tag-ultimasnoticias"},"share_on_mastodon":{"url":"","error":""},"_links":{"self":[{"href":"https:\/\/www.europesays.com\/es\/wp-json\/wp\/v2\/posts\/152521","targetHints":{"allow":["GET"]}}],"collection":[{"href":"https:\/\/www.europesays.com\/es\/wp-json\/wp\/v2\/posts"}],"about":[{"href":"https:\/\/www.europesays.com\/es\/wp-json\/wp\/v2\/types\/post"}],"author":[{"embeddable":true,"href":"https:\/\/www.europesays.com\/es\/wp-json\/wp\/v2\/users\/2"}],"replies":[{"embeddable":true,"href":"https:\/\/www.europesays.com\/es\/wp-json\/wp\/v2\/comments?post=152521"}],"version-history":[{"count":0,"href":"https:\/\/www.europesays.com\/es\/wp-json\/wp\/v2\/posts\/152521\/revisions"}],"wp:featuredmedia":[{"embeddable":true,"href":"https:\/\/www.europesays.com\/es\/wp-json\/wp\/v2\/media\/152522"}],"wp:attachment":[{"href":"https:\/\/www.europesays.com\/es\/wp-json\/wp\/v2\/media?parent=152521"}],"wp:term":[{"taxonomy":"category","embeddable":true,"href":"https:\/\/www.europesays.com\/es\/wp-json\/wp\/v2\/categories?post=152521"},{"taxonomy":"post_tag","embeddable":true,"href":"https:\/\/www.europesays.com\/es\/wp-json\/wp\/v2\/tags?post=152521"}],"curies":[{"name":"wp","href":"https:\/\/api.w.org\/{rel}","templated":true}]}}