{"id":152527,"date":"2025-10-02T10:36:09","date_gmt":"2025-10-02T10:36:09","guid":{"rendered":"https:\/\/www.europesays.com\/es\/152527\/"},"modified":"2025-10-02T10:36:09","modified_gmt":"2025-10-02T10:36:09","slug":"podria-ganar-a-mcgregor-en-su-mejor-momento-sin-lugar-a-dudas","status":"publish","type":"post","link":"https:\/\/www.europesays.com\/es\/152527\/","title":{"rendered":"Podr\u00eda ganar a McGregor en su mejor momento, sin lugar a dudas"},"content":{"rendered":"\n<ul class=\"bodyList bodyList--unordered\">\n<li class=\"bodyList__item\"><a href=\"https:\/\/www.elconfidencial.com\/deportes\/boxeo-y-artes-marciales\/2025-09-30\/agustin-climent-exentrenador-topuria-tailandia-revento-maestro-noqueo_4219460\/\" target=\"_self\" rel=\"nofollow noopener\">Agust\u00edn Climent, exentrenador de Topuria: \u00abCu\u00e1ndo llegamos a Tailandia empezaba a reventar a los maestros, los noqueaba a todos\u00bb<\/a><\/li>\n<li class=\"bodyList__item\"><a href=\"https:\/\/www.elconfidencial.com\/deportes\/boxeo-y-artes-marciales\/2025-09-30\/sean-o-malley-ufc-topuria-mejor-peleador-mejor-historia-jon-jones_4219308\/\" target=\"_self\" rel=\"nofollow noopener\">Sean O&#8217;Malley, excampe\u00f3n de peso gallo de UFC: \u00abTopuria es el mejor peleador que haya pisado la tierra. Incluso por encima de Jon Jones\u00bb<\/a><\/li>\n<\/ul>\n<p> <a href=\"https:\/\/www.elconfidencial.com\/deportes\/boxeo-y-artes-marciales\/2025-09-16\/ilia-topuria-19-anos-fui-suecia-encerraron-peleador-ufc-lo-finalice-primer-asalto_4210265\/\" target=\"_self\" rel=\"nofollow noopener\">Ilia Topuria<\/a> se convirti\u00f3 en doble campe\u00f3n del mundo de la<strong> UFC el pasado 29 de junio <\/strong>tras derrotar a<strong> Charles Oliveira <\/strong>con un KO en el primer asalto. Esta victoria le dio el cintur\u00f3n de peso ligero de la compa\u00f1\u00eda. Anteriormente, ya hab\u00eda conseguido el de peso pluma al ganar a <strong>Volkanovski<\/strong>, un t\u00edtulo que defendi\u00f3 ante <strong>Max Holloway<\/strong>. <\/p>\n<p> Ahora se <a href=\"https:\/\/www.elconfidencial.com\/deportes\/boxeo-y-artes-marciales\/2025-09-24\/paddy-pimblett-reta-topuria-santiago-bernabeu-antro-de-mierda_4215303\/\" target=\"_self\" rel=\"nofollow noopener\">le busca un nuevo rival<\/a> con el que retener el cintur\u00f3n de la divisi\u00f3n de las 155 libras. Ha habido pocos luchadores que consiguieron ser doble campe\u00f3n del mundo de la UFC. El primero en ser doble campe\u00f3n simult\u00e1neo (peso pluma y peso ligero) fue <strong>Conor McGregor<\/strong>. <\/p>\n<p>              <img decoding=\"async\" class=\"inTextNews__img\" alt=\"Foto: topuria-bienvenida-hecher-sosa-espanol-ufc-si-quieres-puedes\" src=\"https:\/\/www.europesays.com\/es\/wp-content\/uploads\/2025\/10\/f.elconfidencial.com\/original\/10c\/195\/b23\/10c195b238aac00d14d15cb035bcb465.jpg\"  \/>     <\/p>\n<p>TE PUEDE INTERESAR<\/p>\n<p>      <a class=\"inTextNews__title\" href=\"https:\/\/www.elconfidencial.com\/deportes\/boxeo-y-artes-marciales\/2025-09-19\/topuria-bienvenida-hecher-sosa-espanol-ufc-si-quieres-puedes_4211241\/\" onclick=\"window.ECCO.emit(&#039;amplitude&#039;, { dataEventName: &#039;click_related_article_module&#039;, data: { related_article_url: &#039;https:\/\/www.elconfidencial.com\/deportes\/boxeo-y-artes-marciales\/2025-09-19\/topuria-bienvenida-hecher-sosa-espanol-ufc-si-quieres-puedes_4211241\/&#039;, related_article_author: &#039;\u00c1lvaro El\u00edas&#039;, related_article_section: &#039;boxeo-y-artes-marciales&#039; } })\" rel=\"nofollow noopener\" target=\"_blank\"> Topuria da la bienvenida a Hecher Sosa, el nuevo espa\u00f1ol en la UFC: \u00abOtro ejemplo de que si quieres, puedes\u00bb <\/a>   <\/p>\n<p>    El Confidencial   <\/p>\n<p> El<strong> irland\u00e9s debut\u00f3 en 2013<\/strong> y su \u00faltimo combate fue en 2021. En esos a\u00f1os, The Notorious firm\u00f3 un balance de diez victorias y cuatro derrotas. En su \u00faltimo combate en la UFC en julio de 2021, sufri\u00f3 una fractura de tibia ante <strong>Dustin Poirier<\/strong> y, desde entonces, <a href=\"https:\/\/www.elconfidencial.com\/deportes\/boxeo-y-artes-marciales\/2025-08-14\/dana-white-jefe-ufc-pone-fechar-regreso-conor-macgregor-quiere-pelear-casa-blanca_4191035\/\" target=\"_self\" rel=\"nofollow noopener\">no ha podido volver a la competici\u00f3n<\/a>. Pero parece que su <a href=\"https:\/\/www.elconfidencial.com\/deportes\/boxeo-y-artes-marciales\/2025-09-06\/conor-mcgregor-vuelta-ufc-velada-casa-blanca-mi-fecha-regreso_4203869\/\" target=\"_self\" rel=\"nofollow noopener\">regreso podr\u00eda estar cerca<\/a>. <\/p>\n<p> Hace un tiempo, <strong>Ilia Topuria<\/strong> fue preguntado por si cre\u00eda que <strong>podr\u00eda ganar a McGregor en su mejor momento<\/strong>. \u00ab\u00bfQue si le hubiera podido ganar? <strong>Sin lugar a dudas<\/strong>. Es que el juego,<strong> el deporte evoluciona cada a\u00f1o<\/strong>. Cada vez evoluciona m\u00e1s, es como si t\u00fa haces una <strong>comparativa de un futbolista supergrande que ha brillado en los a\u00f1os 80 <\/strong>o 90 y dices que si lo traes hoy, en el f\u00fatbol actual. \u00bfBrillar\u00eda?, seguramente, pero yo creo que hay otros mejores ahora mismo\u00bb, dijo tajantemente. <\/p>\n","protected":false},"excerpt":{"rendered":"Agust\u00edn Climent, exentrenador de Topuria: \u00abCu\u00e1ndo llegamos a Tailandia empezaba a reventar a los maestros, los noqueaba a&hellip;\n","protected":false},"author":2,"featured_media":152528,"comment_status":"","ping_status":"","sticky":false,"template":"","format":"standard","meta":{"footnotes":""},"categories":[276],"tags":[168,25,24,23,167,343],"class_list":{"0":"post-152527","1":"post","2":"type-post","3":"status-publish","4":"format-standard","5":"has-post-thumbnail","7":"category-ufc","8":"tag-deportes","9":"tag-es","10":"tag-espana","11":"tag-spain","12":"tag-sports","13":"tag-ufc"},"share_on_mastodon":{"url":"","error":""},"_links":{"self":[{"href":"https:\/\/www.europesays.com\/es\/wp-json\/wp\/v2\/posts\/152527","targetHints":{"allow":["GET"]}}],"collection":[{"href":"https:\/\/www.europesays.com\/es\/wp-json\/wp\/v2\/posts"}],"about":[{"href":"https:\/\/www.europesays.com\/es\/wp-json\/wp\/v2\/types\/post"}],"author":[{"embeddable":true,"href":"https:\/\/www.europesays.com\/es\/wp-json\/wp\/v2\/users\/2"}],"replies":[{"embeddable":true,"href":"https:\/\/www.europesays.com\/es\/wp-json\/wp\/v2\/comments?post=152527"}],"version-history":[{"count":0,"href":"https:\/\/www.europesays.com\/es\/wp-json\/wp\/v2\/posts\/152527\/revisions"}],"wp:featuredmedia":[{"embeddable":true,"href":"https:\/\/www.europesays.com\/es\/wp-json\/wp\/v2\/media\/152528"}],"wp:attachment":[{"href":"https:\/\/www.europesays.com\/es\/wp-json\/wp\/v2\/media?parent=152527"}],"wp:term":[{"taxonomy":"category","embeddable":true,"href":"https:\/\/www.europesays.com\/es\/wp-json\/wp\/v2\/categories?post=152527"},{"taxonomy":"post_tag","embeddable":true,"href":"https:\/\/www.europesays.com\/es\/wp-json\/wp\/v2\/tags?post=152527"}],"curies":[{"name":"wp","href":"https:\/\/api.w.org\/{rel}","templated":true}]}}