{"id":152539,"date":"2025-10-02T10:44:16","date_gmt":"2025-10-02T10:44:16","guid":{"rendered":"https:\/\/www.europesays.com\/es\/152539\/"},"modified":"2025-10-02T10:44:16","modified_gmt":"2025-10-02T10:44:16","slug":"el-museo-universidad-de-navarra-celebra-su-decimo-aniversario-con-una-exposicion-unica-de-charles-clifford","status":"publish","type":"post","link":"https:\/\/www.europesays.com\/es\/152539\/","title":{"rendered":"El Museo Universidad de Navarra celebra su d\u00e9cimo aniversario con una exposici\u00f3n \u00fanica de Charles Clifford"},"content":{"rendered":"<p style=\"\">El <strong>Museo Universidad de Navarra (MUN)<\/strong> celebra su d\u00e9cimo aniversario con una programaci\u00f3n excepcional que consolida su papel como uno de los grandes referentes culturales del pa\u00eds. Alcanza la madurez con la exposici\u00f3n m\u00e1s ambiciosa dedicada a <strong>Charles Clifford<\/strong>, el fot\u00f3grafo brit\u00e1nico que  &#8230; retrat\u00f3 <strong>la Espa\u00f1a del siglo XIX<\/strong>, cuyo legado constituye un testimonio fundamental de nuestra historia visual.<\/p>\n<p class=\"voc-p\" style=\"\">Titulada &#8216;Charles Clifford y el registro monumental de Espa\u00f1a&#8217;, la muestra fue inaugurada este martes y permanecer\u00e1 <strong>hasta el 8 de febrero de 2026<\/strong>. Re\u00fane <strong>cerca de quinientas piezas<\/strong> entre fotograf\u00edas y proyecciones que ocupan dos mil metros lineales expositivos. Un despliegue que permite recorrer la mirada de Clifford sobre los <strong>grandes monumentos espa\u00f1oles<\/strong>, desde la Torre del Oro hasta el Acueducto de Segovia, pasando por el Museo del Prado o la Catedral de Burgos. La exposici\u00f3n ha sido posible gracias a la colaboraci\u00f3n entre instituciones como la Real Academia de Bellas Artes de San Fernando, la Biblioteca de Andaluc\u00eda o el Patronato de la Alhambra y Generalife, y ha contado con la direcci\u00f3n de los comisarios Javier Pi\u00f1ar y Carlos S\u00e1nchez.<\/p>\n<p class=\"voc-p\" style=\"\">La celebraci\u00f3n del aniversario se extiende m\u00e1s all\u00e1 de las salas expositivas, pues el MUN se ha consolidado como un espacio de arte total que combina la programaci\u00f3n esc\u00e9nica con la investigaci\u00f3n y la docencia universitaria. Este oto\u00f1o, la <strong>Compa\u00f1\u00eda Nacional de Danza<\/strong> regresa al escenario del museo con <strong>&#8216;Petipa&#8217;<\/strong>, una propuesta que revisita los ballets cl\u00e1sicos de Marius Petipa desde una perspectiva contempor\u00e1nea. La directora art\u00edstica, Teresa Lasheras, ha dise\u00f1ado una temporada que rinde homenaje a la danza y que apuesta tambi\u00e9n por el talento emergente con proyectos como <strong>&#8216;Noces&#8217;<\/strong>, inspirada en &#8216;Les Noces&#8217; de Stravinsky, o &#8216;Famulus 4.0&#8217;, donde el <strong>breakdance<\/strong> se entrelaza con la rob\u00f3tica en un di\u00e1logo entre tradici\u00f3n y modernidad. No faltar\u00e1n piezas dedicadas a la primera infancia, como &#8216;Gesto&#8217;, ni colaboraciones con la Coral de C\u00e1mara de Pamplona y el Festival DNA, impulsado por el Gobierno de Navarra.<\/p>\n<p><img decoding=\"async\" loading=\"lazy\" src=\"https:\/\/www.europesays.com\/es\/wp-content\/uploads\/2025\/10\/clifford2-U42424038383ElA-760x427@diario_abc.jpg\" class=\"voc-img\" width=\"760\" height=\"427\" alt=\"Charles Clifford. Catedral de Salamanca, c. 1858\" data-voc-vtm-id=\"in-text-traffic\"\/><\/p>\n<p>Charles Clifford. Catedral de Salamanca, c. 1858<\/p>\n<p>Charles Clifford<\/p>\n<p class=\"voc-p\" style=\"\">Durante 2025, todas las exposiciones del museo son de<strong> entrada gratuita<\/strong>, fruto de un acuerdo con el Ayuntamiento de Pamplona que ya ha incrementado las visitas en torno a un 30%. Esta medida refuerza la voluntad del MUN de <strong>abrirse a nuevos p\u00fablicos<\/strong> y de fomentar el acceso universal al arte, un prop\u00f3sito que ha guiado su trayectoria desde aquel 22 de enero de 2015 en que Felipe VI y Do\u00f1a Letizia inauguraron el primer museo universitario de Espa\u00f1a, inspirado en el modelo anglosaj\u00f3n que integra cultura y conocimiento en un mismo espacio.<\/p>\n<p class=\"voc-p\" style=\"\">El centro no solo ha reunido a <strong>casi un mill\u00f3n de visitantes<\/strong> en su primera d\u00e9cada, tambi\u00e9n ha tejido una comunidad art\u00edstica y acad\u00e9mica comprometida con el pensamiento contempor\u00e1neo y la creaci\u00f3n. En su acto conmemorativo del pasado 25 de septiembre se rindi\u00f3 homenaje a las personas que hicieron posible el proyecto, desde la coleccionista Mar\u00eda Josefa Huarte Beaumont hasta el arquitecto Rafael Moneo, autor del edificio, pasando por los directores art\u00edsticos Valent\u00edn Vallhonrat y Rafael Levenfeld, cuyo legado sigue inspirando el trabajo de un equipo que combina artistas, gestores y acad\u00e9micos.<\/p>\n<p class=\"voc-p\" style=\"\">Su director general, Jaime Garc\u00eda del Barrio, resumi\u00f3 el esp\u00edritu de esta d\u00e9cada en una frase que resume la identidad del museo: \u00abEn este museo se han hecho realidad muchos sue\u00f1os individuales que se han convertido en <strong>un gran sue\u00f1o colectivo<\/strong>\u00bb. Ese sue\u00f1o contin\u00faa expandi\u00e9ndose en un centro que, en palabras de la rectora, Mar\u00eda Iraburu, \u00absigue trayendo el arte y la belleza al d\u00eda a d\u00eda\u00bb.<\/p>\n","protected":false},"excerpt":{"rendered":"El Museo Universidad de Navarra (MUN) celebra su d\u00e9cimo aniversario con una programaci\u00f3n excepcional que consolida su papel&hellip;\n","protected":false},"author":2,"featured_media":152540,"comment_status":"","ping_status":"","sticky":false,"template":"","format":"standard","meta":{"footnotes":""},"categories":[173],"tags":[9807,229,233,231,230,6951,10683,45712,31010,232,234,146,147,25,24,2003,470,708,23,3001,2845],"class_list":{"0":"post-152539","1":"post","2":"type-post","3":"status-publish","4":"format-standard","5":"has-post-thumbnail","7":"category-arte-y-diseno","8":"tag-aniversario","9":"tag-arte","10":"tag-arte-y-diseno","11":"tag-arts","12":"tag-arts-and-design","13":"tag-celebra","14":"tag-charles","15":"tag-clifford","16":"tag-decimo","17":"tag-design","18":"tag-diseno","19":"tag-entertainment","20":"tag-entretenimiento","21":"tag-es","22":"tag-espana","23":"tag-exposicion","24":"tag-museo","25":"tag-navarra","26":"tag-spain","27":"tag-unica","28":"tag-universidad"},"share_on_mastodon":{"url":"","error":""},"_links":{"self":[{"href":"https:\/\/www.europesays.com\/es\/wp-json\/wp\/v2\/posts\/152539","targetHints":{"allow":["GET"]}}],"collection":[{"href":"https:\/\/www.europesays.com\/es\/wp-json\/wp\/v2\/posts"}],"about":[{"href":"https:\/\/www.europesays.com\/es\/wp-json\/wp\/v2\/types\/post"}],"author":[{"embeddable":true,"href":"https:\/\/www.europesays.com\/es\/wp-json\/wp\/v2\/users\/2"}],"replies":[{"embeddable":true,"href":"https:\/\/www.europesays.com\/es\/wp-json\/wp\/v2\/comments?post=152539"}],"version-history":[{"count":0,"href":"https:\/\/www.europesays.com\/es\/wp-json\/wp\/v2\/posts\/152539\/revisions"}],"wp:featuredmedia":[{"embeddable":true,"href":"https:\/\/www.europesays.com\/es\/wp-json\/wp\/v2\/media\/152540"}],"wp:attachment":[{"href":"https:\/\/www.europesays.com\/es\/wp-json\/wp\/v2\/media?parent=152539"}],"wp:term":[{"taxonomy":"category","embeddable":true,"href":"https:\/\/www.europesays.com\/es\/wp-json\/wp\/v2\/categories?post=152539"},{"taxonomy":"post_tag","embeddable":true,"href":"https:\/\/www.europesays.com\/es\/wp-json\/wp\/v2\/tags?post=152539"}],"curies":[{"name":"wp","href":"https:\/\/api.w.org\/{rel}","templated":true}]}}