{"id":152541,"date":"2025-10-02T10:45:08","date_gmt":"2025-10-02T10:45:08","guid":{"rendered":"https:\/\/www.europesays.com\/es\/152541\/"},"modified":"2025-10-02T10:45:08","modified_gmt":"2025-10-02T10:45:08","slug":"el-escritor-que-mejor-retrato-la-crisis-de-los-40-vuelve-con-una-novela-sobre-el-final-de-la-adolescencia","status":"publish","type":"post","link":"https:\/\/www.europesays.com\/es\/152541\/","title":{"rendered":"El escritor que mejor retrat\u00f3 la crisis de los 40 vuelve con una novela sobre el final de la adolescencia"},"content":{"rendered":"<p><img decoding=\"async\" src=\"https:\/\/www.europesays.com\/es\/wp-content\/uploads\/2025\/10\/1759401908_841_default.jpg\" itemprop=\"image\" width=\"100%\" alt=\"\"\/><\/p>\n<p><b>Pedro Mairal<\/b><\/p>\n<p><b>Editorial: <\/b>Destino<\/p>\n<p><b>A\u00f1o de publicaci\u00f3n original: <\/b>2025<\/p>\n<p>La madre de <b>Thiago <\/b>muri\u00f3 hace unos meses, v\u00edctima de un c\u00e1ncer. Su padre, que dej\u00f3 de ser el marido de su madre hace bastantes a\u00f1os, ha tenido otro hijo y <b>Thiago le queda ahora grande e inc\u00f3modo<\/b>, como una sudadera prestada por otra persona.<\/p>\n<p>El padre de <b>Pilar<\/b>, en cambio, muri\u00f3 cuando ella era un beb\u00e9. Y su madre se enamor\u00f3 de un gringo <b><a title=\"afincado en Barcelona\" href=\"https:\/\/www.lasexta.com\/ahoraqueleo\/virales\/guia-barcelona-carlos-ruiz-zafon-cementerio-libros-olvidados-plaza-nuria-monfort_2022080262e23b2d47c4540001008f41.html\" target=\"_blank\" rel=\"nofollow noopener\">afincado en Barcelona<\/a><\/b>, por lo que dej\u00f3 a su hija con la abuela en un barrio bien de <b>Buenos Aires<\/b> y cruz\u00f3 el oc\u00e9ano para empezar una segunda vida mejor, sin tanto lastre.<\/p>\n<blockquote><p> Thiago, Bruno y Pilar, en el final de su adolescencia, empiezan a caminar por una vida de adultos con los zapatos de otros <\/p><\/blockquote>\n<p>Los padres de <b>Bruno <\/b>siguen vivos, pero Bruno quiz\u00e1s preferir\u00eda, bajito y sin que nadie se lo note, no compartir espacio temporal con una madre preocupada constantemente por el qu\u00e9 dir\u00e1n en general y por<b> el sobrepeso<\/b> de su hijo en particular.<\/p>\n<p>Los tres, en la etapa final de su <b><a title=\"adolescencia\" href=\"https:\/\/www.lasexta.com\/ahoraqueleo\/libros\/cuando-nadie-arder-adolescencia-deseo-busqueda-pueblo-salida-espana-rural_2025040467ef9c35fd54700001128bd5.html\" target=\"_blank\" rel=\"nofollow noopener\">adolescencia<\/a><\/b>, empiezan a caminar por una vida de adultos con los zapatos de otros, tropezando y tambale\u00e1ndose, esquivando las <b>angustias ajenas <\/b>y conviviendo con las suyas, tratando de convertir esos errores en un camino propio, en una vida de la que estar orgullosos o, al menos, donde <b>poder estar c\u00f3modos<\/b>.<\/p>\n<p>El final de la adolescencia<\/p>\n<p>El verano austral en el que <b><a title=\"Argentina sali\u00f3 campeona del mundo\" href=\"https:\/\/www.lasexta.com\/noticias\/deportes\/futbol\/argentina-conquista-mundial-ganar-francia-qatar_20221218639f53e7681c520001c05949.html\" target=\"_blank\" rel=\"nofollow noopener\">Argentina sali\u00f3 campeona del mundo<\/a><\/b> en Qatar, los tres afrontan momentos complicados. Bruno trata de adaptarse a su nueva vida en una residencia universitaria en <b>Wisconsin<\/b>, estudiando una carrera que no le interesa lo m\u00e1s m\u00ednimo, alejado de la m\u00fasica, de su bajo y aguantando <b><a title=\"un fr\u00edo \u00e1rtico\" href=\"https:\/\/www.lasexta.com\/ahoraqueleo\/libros\/zorro-artico-sjon_2022011161dd7f6f192fe40001e677f3.html\" target=\"_blank\" rel=\"nofollow noopener\">un fr\u00edo \u00e1rtico<\/a><\/b>, no apto para seres humanos normales.<\/p>\n<blockquote><p> &#8216;Los nuevos&#8217; est\u00e1 plagado de referencias a la cultura popular, porque est\u00e1 narrada en primera persona por tres j\u00f3venes <\/p><\/blockquote>\n<p>Thiago y Pili viajan a un apartado rinc\u00f3n de <b>la costa argentina<\/b>, a una peque\u00f1a urbanizaci\u00f3n de ranchos precarios donde todos se conocen. All\u00ed sus trapicheos y su inconsciencia les meten en serios problemas. Los tres ven, en paralelo, c\u00f3mo <b>su infancia se desmorona<\/b>, exactamente igual a las islas de la personalidad de &#8216;Inside Out&#8217;.<\/p>\n<p>Y la met\u00e1fora no es gratuita, aunque s\u00ed original. Porque <b>Los nuevos<\/b>est\u00e1 plagado de referencias a la cultura popular, como toca al ser narrada siempre en primera persona por uno de los tres protagonistas. <b>Canciones, pel\u00edculas, c\u00f3mics, libros<\/b>. Porque ellos buscan referencias en su realidad para tratar de <b>entender qu\u00e9 est\u00e1 pasando a su alrededor<\/b> y por qu\u00e9 los adultos se est\u00e1n convirtiendo poco a poco en enemigos.<\/p>\n<p>Pedro Mairal, mec\u00e1nico de la vida<\/p>\n<p>Escrito en perfecto <b>argentino rioplatense<\/b>, con expresiones e insultos tan de Buenos Aires como <b>La Bombonera<\/b>, y constantes referencias a las camisetas de <b>Messi<\/b> que inundaron Argentina tras el Mundial de Qatar, Los nuevos se cuela bajo la piel del lector como una astilla. Casi sin darte cuenta est\u00e1 dentro de ti. Y duele. Y no hay manera de sac\u00e1rsela de encima.<\/p>\n<p>Las vidas de estos tres chicos <b>se deslizan hacia el abismo<\/b>. Primero poco a poco, pero cuando todo se acelera y el mundo adulto y hostil se abre bajo sus pies, lo \u00fanico que les queda es <b>su amistad<\/b>, los lazos inquebrantables que se crean entre ellos y la liberaci\u00f3n <b><a title=\"del alcohol y las drogas.\" href=\"https:\/\/www.lasexta.com\/ahoraqueleo\/libros\/estrella-infantil-serrano-escapar-drogas-gracias-musica-vida-victor-elias-contada-mismo_20241127674482c9488d690001080974.html\" target=\"_blank\" rel=\"nofollow noopener\">del alcohol y las drogas.<\/a><\/b><\/p>\n<blockquote><p> Pedro Mairal ha sabido captar perfectamente esa \u00e9poca en la que la vida parece un lugar inh\u00f3spito e imposible de habitar <\/p><\/blockquote>\n<p><b>Pedro Mairal<\/b> ha sabido captar perfectamente esa \u00e9poca en la que la vida parece un lugar inh\u00f3spito e imposible de habitar. Esa sensaci\u00f3n de estar desplazado, acentuada por <b>la incomprensi\u00f3n de los padres y los profesores<\/b>. Los primeros pasos en el mundo laboral, la b\u00fasqueda de caminos propios, el amor y la amistad como motor del d\u00eda a d\u00eda&#8230;<\/p>\n<p>El escritor argentino, que deslumbr\u00f3 con su primera novela <b>Una noche con Sabrina Love <\/b>(1998) y alcanz\u00f3 el \u00e9xito en nuestro pa\u00eds con su novela <b>La uruguaya<\/b>(2016), vuelve a demostrar con Los nuevos que conoce perfectamente la m\u00e1quina que somos los seres humanos. Y, como un buen mec\u00e1nico, sabe qu\u00e9 parte tocar para <b>emocionar, entretener y divertir<\/b> con un pu\u00f1ado de letras.<\/p>\n<p>Porque si lees esta novela, <b>Thiago, Pili y Bruno<\/b> pasar\u00e1n a ser parte de tu vida.<\/p>\n<p>Sigue el <b><a title=\"canal de Ahora Qu\u00e9 Leo en WhatsApp\" href=\"https:\/\/whatsapp.com\/channel\/0029VaRsQjkFsn0ZyeLlFd3n\" target=\"_blank\" rel=\"nofollow noopener\">canal de Ahora Qu\u00e9 Leo en WhatsApp<\/a><\/b> para estar al tanto de todas nuestras rese\u00f1as, reportajes y entrevistas.<\/p>\n","protected":false},"excerpt":{"rendered":"Pedro Mairal Editorial: Destino A\u00f1o de publicaci\u00f3n original: 2025 La madre de Thiago muri\u00f3 hace unos meses, v\u00edctima&hellip;\n","protected":false},"author":2,"featured_media":152542,"comment_status":"","ping_status":"","sticky":false,"template":"","format":"standard","meta":{"footnotes":""},"categories":[172],"tags":[224,146,147,25,24,225,23],"class_list":{"0":"post-152541","1":"post","2":"type-post","3":"status-publish","4":"format-standard","5":"has-post-thumbnail","7":"category-libros","8":"tag-books","9":"tag-entertainment","10":"tag-entretenimiento","11":"tag-es","12":"tag-espana","13":"tag-libros","14":"tag-spain"},"share_on_mastodon":{"url":"","error":""},"_links":{"self":[{"href":"https:\/\/www.europesays.com\/es\/wp-json\/wp\/v2\/posts\/152541","targetHints":{"allow":["GET"]}}],"collection":[{"href":"https:\/\/www.europesays.com\/es\/wp-json\/wp\/v2\/posts"}],"about":[{"href":"https:\/\/www.europesays.com\/es\/wp-json\/wp\/v2\/types\/post"}],"author":[{"embeddable":true,"href":"https:\/\/www.europesays.com\/es\/wp-json\/wp\/v2\/users\/2"}],"replies":[{"embeddable":true,"href":"https:\/\/www.europesays.com\/es\/wp-json\/wp\/v2\/comments?post=152541"}],"version-history":[{"count":0,"href":"https:\/\/www.europesays.com\/es\/wp-json\/wp\/v2\/posts\/152541\/revisions"}],"wp:featuredmedia":[{"embeddable":true,"href":"https:\/\/www.europesays.com\/es\/wp-json\/wp\/v2\/media\/152542"}],"wp:attachment":[{"href":"https:\/\/www.europesays.com\/es\/wp-json\/wp\/v2\/media?parent=152541"}],"wp:term":[{"taxonomy":"category","embeddable":true,"href":"https:\/\/www.europesays.com\/es\/wp-json\/wp\/v2\/categories?post=152541"},{"taxonomy":"post_tag","embeddable":true,"href":"https:\/\/www.europesays.com\/es\/wp-json\/wp\/v2\/tags?post=152541"}],"curies":[{"name":"wp","href":"https:\/\/api.w.org\/{rel}","templated":true}]}}