{"id":152543,"date":"2025-10-02T10:46:08","date_gmt":"2025-10-02T10:46:08","guid":{"rendered":"https:\/\/www.europesays.com\/es\/152543\/"},"modified":"2025-10-02T10:46:08","modified_gmt":"2025-10-02T10:46:08","slug":"joaquin-prat-pierde-los-papeles-con-un-independentista-catalan-tiene-una-pedrada-el-mundo","status":"publish","type":"post","link":"https:\/\/www.europesays.com\/es\/152543\/","title":{"rendered":"Joaqu\u00edn Prat pierde los papeles con un independentista catal\u00e1n: &quot;Tiene una pedrada&quot; &#8211; El Mundo"},"content":{"rendered":"<ol>\n<li><a href=\"https:\/\/news.google.com\/rss\/articles\/CBMif0FVX3lxTE0yV1Y5ZUR1cDRBWFZiVEZzQUVhd3NQUy1oNGVVZFJNX05OT1V2aUtkWVNDaEZldU1PTXNyY1J3dll2TzFTVnZPTnp2WVBBMXRkanVaQWpDQTQ5bExLY3lncnBQQ3B0a0NGN1RZdUV1enB4M0ZyMVk2QUtqWjZibWvSAX9BVV95cUxONzhOV3JCaVNkRnV1UVRlZExmVWcxY3VBWXBGZXJ3ZDluZEZGVEtWYkVMSFRxUjdyUEx6R3NDR1YtNk1nT1VTWEFqVTdyUTdUMjNIZUJicFJmdWpYaVFPbG1jcXpfN1NYTFRodDlGU3dMLWItQVV1bEFhN2JrWjcw?oc=5\" target=\"_blank\" rel=\"nofollow noopener\">Joaqu\u00edn Prat pierde los papeles con un independentista catal\u00e1n: \u00abTiene una pedrada\u00bb<\/a>&nbsp;&nbsp;El Mundo<\/li>\n<li><a href=\"https:\/\/news.google.com\/rss\/articles\/CBMi2gFBVV95cUxQbFo2RnFiaFNOZEpRV29hNGVXWm1mTzZJNEZQay1FTDFkUUxrZFVhZHlBQXc1T05OUmpxYmc2UHY2UngyakNmMmtlM0UxTEZRTFRJNHRzUUtGMzBKMWdFSVh4RU84RGtUZHMzNnV2Y2JSWnlIcG9SVkI4MU9HMkZ2T0h6c0tnMEd6UmRISGN4WVg0WThPT1B5WUVnekN5a3Z4dExaaFc4NEhfcnFzc1ZxOVBSM1BNUGljOExzeHlrUUdXbmdGUlZHVUluMWdTUDRxMHBERU1Vb3BKZ9IB3wFBVV95cUxNSXd2R3JpWmdESC12OGtzUmpTLWFfVnRrQjM3V0JIaDY4bkhwNlJNM2dJaFZMVmxSZ2h1US1RRUhJeXRFRWh3ajFBeXhTb1dTSTMtQVZoNFRqRWp0N3JYVFhtN2N0SEZXdDl2VjlrOGo2YlZBckxaVG43SE96WXZIa1N4VkpYVnFBTnpjUEtfakRCSVhieWY1a2lXcU42bjBMQjVULVl2RjRNRmd6UzlybDlfbkhIZUdGUTBlVVlsbS1YSmF3UVlTajR0dVVPOEZkYml3YWtNMkV2cmk0NnM0?oc=5\" target=\"_blank\" rel=\"nofollow noopener\">Joaqu\u00edn Prat pierde los nervios en Telecinco contra un independentista catal\u00e1n que acosa a una \u00abespa\u00f1ola\u00bb: \u00abImb\u00e9cil\u00bb<\/a>&nbsp;&nbsp;El Confidencial<\/li>\n<li><a href=\"https:\/\/news.google.com\/rss\/articles\/CBMizgFBVV95cUxNSXVaNVNFbUVYNVA0R3Fic0c1Yzhfc2ZqUFJxdVV0WkR2cWIxSUx6YTVKMlZZa21SSzVxREk5VF9hQ0ZjZFJYTWtVQ21zU01qSlFXTk1tMl94bFZkOEpQWXZuTW9hdTAyem1SclQ2RzA0aHk3SG5kSWlJQTU3SXJBQ3kxcTZ3a3dQa3hYeWlnY2RXdktnbmdEM1hHU3NHVFlsZXVienFwSEk3WHpnUEJtdV9ZaWYxRjhOeHBOOFl3V1FRaksxaE5pd1UtOHBJZ9IB0wFBVV95cUxOSmNSV1YydkVVbTJxR1hZaDhvRU1pSG5FYVQweGU0MjBzWHV1Mk9kS0w4LWFna3I2TGxUNno2a3E2VEFEaHhjRmFIc2F3WWdBSjZabV9vT1RXX3luenhpT1Rsd1p2aWY3TUZHSTJYOHR3Vk1Zb1gtR0Z4bTczeXBBOGpZMEYzb0JXMy14V0IyY0JUdWNaRHdqdVRUSFAwTXlQbVlBY2VRZmRhTG05VHZyNE9WZHd1X05HNlREaDQ4VThCZ2k4WmliV0hGb0d5SHVQNjJz?oc=5\" target=\"_blank\" rel=\"nofollow noopener\">Joaqu\u00edn Prat estalla contra un independentista catal\u00e1n en &#8216;El tiempo justo&#8217;: \u00abEste es de una buena hostia\u00bb<\/a>&nbsp;&nbsp;El Espa\u00f1ol<\/li>\n<li><a href=\"https:\/\/news.google.com\/rss\/articles\/CBMixwFBVV95cUxQcjgza0NPcU02Q1lJblNxcWZpakpQdUpDdnNwYmZVRU45SnRFTjJlM1RBWU5zT3FjTWZNcVBEZVgta2xJaGRMbFBXWE91c2w2VnJkQUhjanFpU0hNSVZ3MGI4LWFGTzhOVzR0bDVxT3RhQW9peXNEaTRMVGFidEQxS0xvWXJpUUhIeTNUMGljSmhHajFfUHBzbjFYcDZhVTVncUNGN1I4Zzh3dXdtSWFGLTAtOEliVjNlaFA1SEllbGI2aGh1d3Nj0gHHAUFVX3lxTE5wckN1clB3ODhrcWI5ak5IZDhmNlkwNVZUaE1uUGhmRlJPQkpSbTV4R0JpNGlualQxb0xGVEs3dmMzMjl1TXgzejlrOUF4Rk5zY2ZIcVhWMVRHcTh5TERYbnR2bFprdUgwLVBSUVpEQkU3Tk13Rm8xUmltMWh0dHVfbzlPUnFQOHk5d3NIMzV4REJRbXdzTUd6TTNqbWRuZGVhcVhwX2MzX2lyTTlXdjdRZ2hZTjIxU01KSmx0VFRLRXpzQnl5OE0?oc=5\" target=\"_blank\" rel=\"nofollow noopener\">Un hombre se enzarza con una mujer mayor en el metro de Barcelona por ser \u00abespa\u00f1ola\u00bb: \u00abAqu\u00ed no vivir\u00e1s a gusto mientras Puigdemont tenga que estar en B\u00e9lgica\u00bb<\/a>&nbsp;&nbsp;El Peri\u00f3dico<\/li>\n<li><a href=\"https:\/\/news.google.com\/rss\/articles\/CBMiiwJBVV95cUxQbERqMVRjUm05RnlsaUhUX0p3ejdyYWVzU0pfRzdPNFBZME95SnM2Vm1jd1hEaXNKMklkT0pBYUFFT3QwTFZYeEhrbFVpVzBqV1ItbGVEZm5WSVFSRHJfQ1hFc2lMTHV4NFUwS3hIQnh3THdkTUVLMGdHRGN0YzFlZUdUTWg4bEFGdVFjbmlreUpSemt3cEZfOGZBcFhRMjBuOElTX1VtODd5UjhWYndhb1NfQW50SjZPRUFIQTJSX0xtNWZvT19fSmNvUVhWb1lQdHNTOERkaGZucDIxeTJDSU56R0R2cE9yTmtibF84dWpFbWJnbFFqZ3ViQXBEUi0wRHZxUVlhMzk2Uk3SAfYBQVVfeXFMTUFDTk5VQS12Nm1oOUlhNlVvSWxoRmZsbXlVaWlyMEdkcVFwQU1zbU5wLVBoLU9uOW5MZ3R5V0FFMU9iTFVHUDFKREVqdmpGVkEzdjMzYmU2ZEdNTzZ5MnlIZ0c4aDdrWlBHZldMRWJhZnc4VHVUQ2xIb09KNEprZ1ozd3lpeUM2M2IwWUgweUNiMU15eDFmNnNrOWJGNnNXZHYwVUF6NXY4ZzlmLVZVbDgtdVBuQ0pFczFQNGRlSjhoYkVLVnUzS3ZYTVhaek9nR0Fjekx4dTlmSjFUVlBIWF9wYkNET2RmSVlSdUgzVXFxR0hCZkxn?oc=5\" target=\"_blank\" rel=\"nofollow noopener\">Joaqu\u00edn Prat estalla tras ver la bronca de un independentista a una mujer mayor: \u00abImb\u00e9cil y mamarracho\u00bb<\/a>&nbsp;&nbsp;El Economista<\/li>\n<\/ol>\n","protected":false},"excerpt":{"rendered":"Joaqu\u00edn Prat pierde los papeles con un independentista catal\u00e1n: \u00abTiene una pedrada\u00bb&nbsp;&nbsp;El Mundo Joaqu\u00edn Prat pierde los nervios&hellip;\n","protected":false},"author":2,"featured_media":152544,"comment_status":"","ping_status":"","sticky":false,"template":"","format":"standard","meta":{"footnotes":""},"categories":[171],"tags":[146,147,25,24,8494,955,23,807,6761,214],"class_list":{"0":"post-152543","1":"post","2":"type-post","3":"status-publish","4":"format-standard","5":"has-post-thumbnail","7":"category-tv","8":"tag-entertainment","9":"tag-entretenimiento","10":"tag-es","11":"tag-espana","12":"tag-joaquin-prat","13":"tag-mediaset","14":"tag-spain","15":"tag-television","16":"tag-tresb","17":"tag-tv"},"share_on_mastodon":{"url":"","error":""},"_links":{"self":[{"href":"https:\/\/www.europesays.com\/es\/wp-json\/wp\/v2\/posts\/152543","targetHints":{"allow":["GET"]}}],"collection":[{"href":"https:\/\/www.europesays.com\/es\/wp-json\/wp\/v2\/posts"}],"about":[{"href":"https:\/\/www.europesays.com\/es\/wp-json\/wp\/v2\/types\/post"}],"author":[{"embeddable":true,"href":"https:\/\/www.europesays.com\/es\/wp-json\/wp\/v2\/users\/2"}],"replies":[{"embeddable":true,"href":"https:\/\/www.europesays.com\/es\/wp-json\/wp\/v2\/comments?post=152543"}],"version-history":[{"count":0,"href":"https:\/\/www.europesays.com\/es\/wp-json\/wp\/v2\/posts\/152543\/revisions"}],"wp:featuredmedia":[{"embeddable":true,"href":"https:\/\/www.europesays.com\/es\/wp-json\/wp\/v2\/media\/152544"}],"wp:attachment":[{"href":"https:\/\/www.europesays.com\/es\/wp-json\/wp\/v2\/media?parent=152543"}],"wp:term":[{"taxonomy":"category","embeddable":true,"href":"https:\/\/www.europesays.com\/es\/wp-json\/wp\/v2\/categories?post=152543"},{"taxonomy":"post_tag","embeddable":true,"href":"https:\/\/www.europesays.com\/es\/wp-json\/wp\/v2\/tags?post=152543"}],"curies":[{"name":"wp","href":"https:\/\/api.w.org\/{rel}","templated":true}]}}