{"id":152548,"date":"2025-10-02T10:49:08","date_gmt":"2025-10-02T10:49:08","guid":{"rendered":"https:\/\/www.europesays.com\/es\/152548\/"},"modified":"2025-10-02T10:49:08","modified_gmt":"2025-10-02T10:49:08","slug":"recepcion-institucional-a-la-seleccion-universitaria-de-futbol-en-el-rectorado-de-la-ugr-canal-ugr","status":"publish","type":"post","link":"https:\/\/www.europesays.com\/es\/152548\/","title":{"rendered":"Recepci\u00f3n institucional a la selecci\u00f3n universitaria de f\u00fatbol en el Rectorado de la UGR &#8211; Canal UGR"},"content":{"rendered":"<ol>\n<li><a href=\"https:\/\/news.google.com\/rss\/articles\/CBMiugFBVV95cUxPSzQ1RFNnUkR4VTRsRTZoNklWSnZDUWxHdm9ManJGREhETUlXdkt5VjcybFpkRjBkWTdqXzJ2VkxhWHpTd1J2Q2p5UXVkanUxT291YVJLWEtZVGxsMXNXaHZyeUZJcGFGVEhveVZoaFItWWN1dkE3cU9LS0hnaXR4dFhNRGRNNEdEMDZNdW5oYk5QM2JHSm9JN1ZtdldpSUttR0FmZ3RfWXBUakVOeDFpRVRlMmRpNVA0aHc?oc=5\" target=\"_blank\" rel=\"nofollow noopener\">Recepci\u00f3n institucional a la selecci\u00f3n universitaria de f\u00fatbol en el Rectorado de la UGR<\/a>&nbsp;&nbsp;Canal UGR<\/li>\n<li><a href=\"https:\/\/news.google.com\/rss\/articles\/CBMipwFBVV95cUxQRU5wZnNEUE5PQXVuR1F5Ri1JUVdsUmh2cHpqUXc5X19jeURmbTBId0tVb3l3MG1JVUtFSkx6RlhaY2dKYVNQOWcyWld2OEpmLUlwRUhGdTktckM2ODBKdWVQT2dOZjg4RVlJQy00MURsblVyOHFmeGJtYzZqY1k1RW1zdDcxbUplb2x6c3lXQkFiYVpRR0NsTE1OWWlYNk5YZFd5MEp2Y9IBrAFBVV95cUxObV9ZRFBGeFF5akxCeDZ1c2RzVklDUFJoNG1QUlhXdXBmNDdQSlZLazVCSEdkVHpMbkxEY1kzXzRzM2FQUWxXMWxOeXBuekRNM1dpeTRHVjNNSVpaNUpvcGFTbTRkZ2NpZlY4UHpqTER0cm9nT29SZlVDbnlMOU5CSEdULUV5ZnpoUmY2WmpSeDREYUQ1YnRkM2JVWmVRVWlzQzJqTGpOM2ZyRkNh?oc=5\" target=\"_blank\" rel=\"nofollow noopener\">La UGR conquista la medalla de bronce en el mundial universitario de f\u00fatbol<\/a>&nbsp;&nbsp;Granada Hoy<\/li>\n<li><a href=\"https:\/\/news.google.com\/rss\/articles\/CBMiywFBVV95cUxNN1Q1aDFrMGQzVDUyZzhiMHN2cGZYbnNZeTg5Rlo4VXFrSGhjaUdzVzBCcFQ1LVNwUWM2LTF4S3NJcjdjb3oxZHVJRFdUX1gyN1BsTVRVMm0xRHEwYzJBb01BQ3VIMHBVY2xrdHZ4TzVFOU5OVDYxRlIyc0RmbzVJNnVHRFRSY1NMTDMxbldsTWhFOFo4d3lsTU0zaHhJZzljVzBpaEkwQnp4V2p4WncxTU9lOFhEeFh0VFhVQndmS2VEa3dkOVhNNGpqMA?oc=5\" target=\"_blank\" rel=\"nofollow noopener\">\u00abGracias por llevar el nombre de la Universidad de Granada tan lejos y tan alto\u00bb<\/a>&nbsp;&nbsp;Ideal<\/li>\n<li><a href=\"https:\/\/news.google.com\/rss\/articles\/CBMiuAFBVV95cUxNMGVWTHhKQW45YzlnSXg5YXl0VFZYQURkLVNZcThrdnBZSDQxQTdPOU9xQi1BQ1N4T2VCX3JCdDhuaWtBaTBGZG92aGl4NE12c1pNQk9GYTk5NXlrYzVQLTlKTUxSSHJMRThKMnFBanpPcGg1N1BSSzJjUlZGbHZoYVo4TjhURmxkN1dzRW9HVHduZ0Z1dDFadF90S1BOYzN4M3ZoVkdSYVRiZEQyN1hhbUlqa2FBT0FY?oc=5\" target=\"_blank\" rel=\"nofollow noopener\">Polideportivo<\/a>&nbsp;&nbsp;Granada En Juego<\/li>\n<li><a href=\"https:\/\/news.google.com\/rss\/articles\/CBMikgFBVV95cUxNT205cktydndteVBEcjktLTN1eV9kTkdwU3RkQ0d4QktKM0pYSWNma3FJc015bVBMRVpZT2VCVkpRank5b085alROQWY5V0U1SGVFa0VxblY0U0JTV21LQjBVMmk3WEt3YzJHeGV2V2diaHZYVFhYUmxkY1VGUGxMTjhxOXdlelhqMnAteG1LOFROQdIBkgFBVV95cUxPcFB3RnhxU3hkR2h6TzJBN2MwWS1EYjlGQmp4SzBESXM0c292a0M3VnViN2wyRG52Qm9pcXhNM3VpMk1iRjZaeDVfX0x1MnpOWkkxcTJ1bVcydzVrWWd3bWhOMjlFZUZ4U01ZdTcwYlJJSFpXTmMzRnBtUkdER3hDdkRtLTJ6LU9pUGdpOHIxcWttdw?oc=5\" target=\"_blank\" rel=\"nofollow noopener\">La UGR, bronce en el Mundial Universitario; la Ramon Llull, en el top-10<\/a>&nbsp;&nbsp;SPORT<\/li>\n<\/ol>\n","protected":false},"excerpt":{"rendered":"Recepci\u00f3n institucional a la selecci\u00f3n universitaria de f\u00fatbol en el Rectorado de la UGR&nbsp;&nbsp;Canal UGR La UGR conquista&hellip;\n","protected":false},"author":2,"featured_media":152549,"comment_status":"","ping_status":"","sticky":false,"template":"","format":"standard","meta":{"footnotes":""},"categories":[93],"tags":[168,25,24,23,167],"class_list":{"0":"post-152548","1":"post","2":"type-post","3":"status-publish","4":"format-standard","5":"has-post-thumbnail","7":"category-deportes","8":"tag-deportes","9":"tag-es","10":"tag-espana","11":"tag-spain","12":"tag-sports"},"share_on_mastodon":{"url":"","error":""},"_links":{"self":[{"href":"https:\/\/www.europesays.com\/es\/wp-json\/wp\/v2\/posts\/152548","targetHints":{"allow":["GET"]}}],"collection":[{"href":"https:\/\/www.europesays.com\/es\/wp-json\/wp\/v2\/posts"}],"about":[{"href":"https:\/\/www.europesays.com\/es\/wp-json\/wp\/v2\/types\/post"}],"author":[{"embeddable":true,"href":"https:\/\/www.europesays.com\/es\/wp-json\/wp\/v2\/users\/2"}],"replies":[{"embeddable":true,"href":"https:\/\/www.europesays.com\/es\/wp-json\/wp\/v2\/comments?post=152548"}],"version-history":[{"count":0,"href":"https:\/\/www.europesays.com\/es\/wp-json\/wp\/v2\/posts\/152548\/revisions"}],"wp:featuredmedia":[{"embeddable":true,"href":"https:\/\/www.europesays.com\/es\/wp-json\/wp\/v2\/media\/152549"}],"wp:attachment":[{"href":"https:\/\/www.europesays.com\/es\/wp-json\/wp\/v2\/media?parent=152548"}],"wp:term":[{"taxonomy":"category","embeddable":true,"href":"https:\/\/www.europesays.com\/es\/wp-json\/wp\/v2\/categories?post=152548"},{"taxonomy":"post_tag","embeddable":true,"href":"https:\/\/www.europesays.com\/es\/wp-json\/wp\/v2\/tags?post=152548"}],"curies":[{"name":"wp","href":"https:\/\/api.w.org\/{rel}","templated":true}]}}