{"id":152552,"date":"2025-10-02T10:51:10","date_gmt":"2025-10-02T10:51:10","guid":{"rendered":"https:\/\/www.europesays.com\/es\/152552\/"},"modified":"2025-10-02T10:51:10","modified_gmt":"2025-10-02T10:51:10","slug":"ana-mena-reflexiona-sobre-su-ultimo-ano-necesitaba-respirar-me-encontraba-realmente-agotada-gente","status":"publish","type":"post","link":"https:\/\/www.europesays.com\/es\/152552\/","title":{"rendered":"Ana Mena reflexiona sobre su \u00faltimo a\u00f1o: \u201cNecesitaba respirar. Me encontraba realmente agotada\u201d | Gente"},"content":{"rendered":"<p class=\"\">Se viene una nueva era musical para<a href=\"https:\/\/elpais.com\/eps\/2024-12-08\/ana-mena-yo-no-tenia-un-plan-b-yo-queria-ir-a-por-el-plan-a.html\" target=\"_blank\" rel=\"noreferrer nofollow noopener\" title=\"https:\/\/elpais.com\/eps\/2024-12-08\/ana-mena-yo-no-tenia-un-plan-b-yo-queria-ir-a-por-el-plan-a.html\"> Ana Mena.<\/a> La cantante (M\u00e1laga, 28 a\u00f1os) <a href=\"https:\/\/www.instagram.com\/p\/DPRwvKrk2QJ\/?hl=es&amp;img_index=1\" target=\"_blank\" rel=\"noreferrer nofollow noopener\" title=\"https:\/\/www.instagram.com\/p\/DPRwvKrk2QJ\/?hl=es&amp;img_index=1\">se ha sincerado en sus redes sociales <\/a>sobre lo agotador que ha sido este a\u00f1o para ella y lo que viene para su nuevo \u00e1lbum. \u201cA\u00fan no s\u00e9 qu\u00e9 color tendr\u00e1 ni c\u00f3mo lo vamos a vestir, pero lo que s\u00ed s\u00e9 es que va a ser m\u00e1s aut\u00e9ntico y m\u00e1s de verdad que nunca y que no veo la hora de que pod\u00e1is conocerme m\u00e1s a trav\u00e9s de todas las letras\u201d, promete del \u00e1lbum que dice que ser\u00e1 el m\u00e1s especial que ha lanzado hasta ahora. La artista explica en una carta la necesidad que ha tenido este a\u00f1o de parar, una reflexi\u00f3n que ha compartido con sus 1,4 millones de seguidores<a href=\"https:\/\/www.instagram.com\/anamenaoficial\/?hl=es\" target=\"_blank\" rel=\"noreferrer nofollow noopener\" title=\"https:\/\/www.instagram.com\/anamenaoficial\/?hl=es\"> en Instagram<\/a>, que acompa\u00f1a con una foto en la que posa desnuda en lo que parece ser un establo, y que acumula ya 54.000 Me gusta.<\/p>\n<p class=\"\">Comienza su discurso hablando de su relaci\u00f3n con la m\u00fasica en los \u00faltimos a\u00f1os: \u201cHe so\u00f1ado toda mi vida con la m\u00fasica, con cantar, y he luchado por hacerme con un huequito en lo que m\u00e1s me apasiona desde que era ni\u00f1a. En los \u00faltimos nueve a\u00f1os he trabajado sin descanso, y no he parado de dejarme la vida en esto porque me encanta lo que hago\u201d. <\/p>\n<p>M\u00e1s informaci\u00f3n<\/p>\n<p class=\"\">La cantante, actriz y modelo contin\u00faa el mensaje expresando su <a href=\"https:\/\/elpais.com\/eps\/2024-12-10\/ana-mena-rompe-su-silencio-sobre-el-acoso-escolar-que-sufrio-para-que-otros-jovenes-no-se-sientan-solos.html\" target=\"_blank\" rel=\"nofollow noopener\" title=\"https:\/\/elpais.com\/eps\/2024-12-10\/ana-mena-rompe-su-silencio-sobre-el-acoso-escolar-que-sufrio-para-que-otros-jovenes-no-se-sientan-solos.html\">agotamiento f\u00edsico y mental<\/a>: \u201cY de repente, necesitaba respirar\u201d. \u201cTener tiempo para ver a mis padres, pasar semanas largas en casa, irme de viaje, escribir canciones sin presi\u00f3n ni prisas, encontrar lo que me gusta, probar, borrar, empezar otro tema, estar con amigos, tener vacaciones, tener vida de persona, volverme a enamorar&#8230; No sab\u00e9is cu\u00e1nto lo necesitaba, me encontraba realmente agotado\u201d. Este a\u00f1o, en el que oficializ\u00f3 su relaci\u00f3n con <a href=\"https:\/\/elpais.com\/gente\/2024-11-15\/los-hermanos-mario-y-oscar-casas-los-ultimos-famosos-en-contar-por-que-no-beben-alcohol.html\" target=\"_blank\" rel=\"nofollow noopener\" title=\"https:\/\/elpais.com\/gente\/2024-11-15\/los-hermanos-mario-y-oscar-casas-los-ultimos-famosos-en-contar-por-que-no-beben-alcohol.html\">el actor \u00d3scar Casas<\/a>, la artista, con m\u00e1s de cuatro millones de oyentes mensuales en Spotify, no ha publicado nueva m\u00fasica. <\/p>\n<p class=\"\"><a href=\"https:\/\/elpais.com\/smoda\/moda\/2024-04-12\/ana-mena-sin-pantalones-y-otros-los-looks-de-los40-primavera-pop.html\" target=\"_blank\" rel=\"nofollow noopener\" title=\"https:\/\/elpais.com\/smoda\/moda\/2024-04-12\/ana-mena-sin-pantalones-y-otros-los-looks-de-los40-primavera-pop.html\">Ana Mena<\/a> reflexiona tambi\u00e9n sobre su miedo a exponerse demasiado y confiesa el motivo por el que, seg\u00fan ella, no se ha dejado \u201cver del todo\u201d. \u201cSiempre me ha costado agarrar confianza y a menudo me cuesta abrirme. Aunque os parezca incre\u00edble, me sigo poniendo terriblemente nerviosa cuando tengo una c\u00e1mara delante y soy la t\u00edpica persona que no lo pasa nada bien en los eventos\u201d. La cantante piensa dejar esa versi\u00f3n atr\u00e1s. \u201cAhora, por fin, me apetece atreverme, jugar, sincerarme, fluir&#8230;\u201d, manifiesta. Este cambio de mentalidad vendr\u00e1 acompa\u00f1ado de nueva m\u00fasica. \u201cEsto que os cuento lo vais a poder notar tambi\u00e9n en muchas de las canciones que ir\u00e1n saliendo, sobre todo el \u00e1lbum tan incre\u00edble que os estoy preparando con todo mi coraz\u00f3n\u201d, revela sobre el disco que lleva preparando desde principios de enero. <\/p>\n<p class=\"\">La artista est\u00e1 lista para renacer y finaliza el mensaje diciendo que no puede, ni quiere, esperar m\u00e1s: \u201cPor fin ha llegado el momento de dar el primer paso, la transici\u00f3n necesaria hacia esa nueva era en la que nos vamos a sentir m\u00e1s cerca que nuca\u201d.<\/p>\n<p class=\"\">Este a\u00f1o la malague\u00f1a pis\u00f3 diferentes escenarios alrededor del mundo. La cantante se present\u00f3 en el festival Lollapalooza de Argentina en marzo, volvi\u00f3 a Espa\u00f1a para actuar en el macroconcierto en <a href=\"https:\/\/elpais.com\/television\/2025-06-10\/netflix-cumple-10-anos-en-espana-y-anuncia-una-inversion-de-1000-millones-de-euros-en-el-pais.html\" target=\"_blank\" rel=\"nofollow noopener\" title=\"https:\/\/elpais.com\/television\/2025-06-10\/netflix-cumple-10-anos-en-espana-y-anuncia-una-inversion-de-1000-millones-de-euros-en-el-pais.html\">la fiesta del d\u00e9cimo aniversario de Netflix<\/a> en junio y vol\u00f3 a Jap\u00f3n en agosto para participar en el festival A-Nation, uno de los eventos m\u00e1s importantes de Asia, celebrado en Tokio, en la que fue la \u00fanica artista no asi\u00e1tica invitada en toda la historia del festival. En verano tambi\u00e9n estuvo El Salvador con su pareja y parte de la familia del int\u00e9rprete, pero ese fue un viaje de descanso.<\/p>\n<p class=\"\">La estrella del pop continuar\u00e1 el Bellodrama Tour este 31 de octubre en el IFEMA de Madrid, con un concierto que forma parte de la celebraci\u00f3n del D\u00eda de los Muertos en el Topali Fest.<\/p>\n<p><script async src=\"\/\/www.instagram.com\/embed.js\"><\/script><\/p>\n","protected":false},"excerpt":{"rendered":"Se viene una nueva era musical para Ana Mena. La cantante (M\u00e1laga, 28 a\u00f1os) se ha sincerado en&hellip;\n","protected":false},"author":2,"featured_media":152553,"comment_status":"","ping_status":"","sticky":false,"template":"","format":"standard","meta":{"footnotes":""},"categories":[91],"tags":[22249,505,3061,146,147,25,24,256,260,4536,185,22248,1922,23],"class_list":{"0":"post-152552","1":"post","2":"type-post","3":"status-publish","4":"format-standard","5":"has-post-thumbnail","7":"category-entretenimiento","8":"tag-ana-mena","9":"tag-artistas","10":"tag-cantantes","11":"tag-entertainment","12":"tag-entretenimiento","13":"tag-es","14":"tag-espana","15":"tag-famosos","16":"tag-gente","17":"tag-instagram","18":"tag-musica","19":"tag-oscar-casas","20":"tag-redes-sociales","21":"tag-spain"},"share_on_mastodon":{"url":"","error":""},"_links":{"self":[{"href":"https:\/\/www.europesays.com\/es\/wp-json\/wp\/v2\/posts\/152552","targetHints":{"allow":["GET"]}}],"collection":[{"href":"https:\/\/www.europesays.com\/es\/wp-json\/wp\/v2\/posts"}],"about":[{"href":"https:\/\/www.europesays.com\/es\/wp-json\/wp\/v2\/types\/post"}],"author":[{"embeddable":true,"href":"https:\/\/www.europesays.com\/es\/wp-json\/wp\/v2\/users\/2"}],"replies":[{"embeddable":true,"href":"https:\/\/www.europesays.com\/es\/wp-json\/wp\/v2\/comments?post=152552"}],"version-history":[{"count":0,"href":"https:\/\/www.europesays.com\/es\/wp-json\/wp\/v2\/posts\/152552\/revisions"}],"wp:featuredmedia":[{"embeddable":true,"href":"https:\/\/www.europesays.com\/es\/wp-json\/wp\/v2\/media\/152553"}],"wp:attachment":[{"href":"https:\/\/www.europesays.com\/es\/wp-json\/wp\/v2\/media?parent=152552"}],"wp:term":[{"taxonomy":"category","embeddable":true,"href":"https:\/\/www.europesays.com\/es\/wp-json\/wp\/v2\/categories?post=152552"},{"taxonomy":"post_tag","embeddable":true,"href":"https:\/\/www.europesays.com\/es\/wp-json\/wp\/v2\/tags?post=152552"}],"curies":[{"name":"wp","href":"https:\/\/api.w.org\/{rel}","templated":true}]}}