{"id":152554,"date":"2025-10-02T10:52:10","date_gmt":"2025-10-02T10:52:10","guid":{"rendered":"https:\/\/www.europesays.com\/es\/152554\/"},"modified":"2025-10-02T10:52:10","modified_gmt":"2025-10-02T10:52:10","slug":"hoy-comienza-una-nueva-temporada-del-programa-deporte-y-salud","status":"publish","type":"post","link":"https:\/\/www.europesays.com\/es\/152554\/","title":{"rendered":"Hoy comienza una nueva temporada del programa Deporte y Salud"},"content":{"rendered":"<p class=\"uk-article-meta\">\n\t\tEscrito en 02 Octubre 2025.\t<\/p>\n<p>\t\t\t\t\t\t<img decoding=\"async\" class=\"uk-align-right\" src=\"https:\/\/www.europesays.com\/es\/wp-content\/uploads\/2025\/10\/cartel_deporte_y_salud_25-26_intro.jpg\" alt=\"\"\/><\/p>\n<p>Este jueves 2 de octubre arranca la nueva temporada del programa Deporte y Salud en el Pabell\u00f3n Municipal Jos\u00e9 Cortabarra Ben\u00edtez, \u2018Joselito\u2019. Este programa, con m\u00e1s de dos d\u00e9cadas de existencia en nuestro municipio, hace posible que unas 200 mujeres y hombres practiquen gimnasia y actividades deportivas con el objeto de mantener la l\u00ednea f\u00edsica y contribuir al desarrollo de las habilidades sociales.<\/p>\n<p>&#13;<br \/>\n &#13;<\/p>\n<p>Estos son los horarios del programa Deporte y Salud:<\/p>\n<p>&#13;<\/p>\n<p>&#8211; De ma\u00f1ana (de lunes a jueves): 08:30 a 09:30 horas\/ 09:30 a 10:30 horas<\/p>\n<p>&#13;<\/p>\n<p>&#8211; De tarde (lunes, mi\u00e9rcoles y jueves): 16:00 a 17:00 horas\u00a0<\/p>\n<p>&#13;<\/p>\n<p>Las inscripciones se llevar\u00e1n a cabo hoy jueves y ma\u00f1ana viernes de 12:00 a 14:00 horas en el Pabell\u00f3n Municipal \u2018Joselito\u2019. No obstante, se recuerda que el plazo de inscripci\u00f3n permanecer\u00e1 abierto durante todo el curso.<\/p>\n<p>&#13;<\/p>\n<p>El programa Deporte y Salud reporta una serie de beneficios para sus usuarios entre los que figuran la prevenci\u00f3n de lesiones, el bienestar mental, la diversi\u00f3n y el aprendizaje, la mejora de la salud, la prevenci\u00f3n de enfermedades, entre otros.<\/p>\n","protected":false},"excerpt":{"rendered":"Escrito en 02 Octubre 2025. Este jueves 2 de octubre arranca la nueva temporada del programa Deporte y&hellip;\n","protected":false},"author":2,"featured_media":152555,"comment_status":"","ping_status":"","sticky":false,"template":"","format":"standard","meta":{"footnotes":""},"categories":[81],"tags":[39861,39864,39862,39863,119,123,124,25,24,117,121,122,23,118,120],"class_list":{"0":"post-152554","1":"post","2":"type-post","3":"status-publish","4":"format-standard","5":"has-post-thumbnail","7":"category-ciencia-y-tecnologia","8":"tag-ayuntamiento-de-benalup-casas-viejas","9":"tag-benalup","10":"tag-benalup-casas-viejas","11":"tag-benalup-casas-viejas-cadiz","12":"tag-ciencia","13":"tag-ciencia-y-tecnologia","14":"tag-cienciaytecnologia","15":"tag-es","16":"tag-espana","17":"tag-science","18":"tag-science-and-technology","19":"tag-scienceandtechnology","20":"tag-spain","21":"tag-technology","22":"tag-tecnologia"},"share_on_mastodon":{"url":"","error":""},"_links":{"self":[{"href":"https:\/\/www.europesays.com\/es\/wp-json\/wp\/v2\/posts\/152554","targetHints":{"allow":["GET"]}}],"collection":[{"href":"https:\/\/www.europesays.com\/es\/wp-json\/wp\/v2\/posts"}],"about":[{"href":"https:\/\/www.europesays.com\/es\/wp-json\/wp\/v2\/types\/post"}],"author":[{"embeddable":true,"href":"https:\/\/www.europesays.com\/es\/wp-json\/wp\/v2\/users\/2"}],"replies":[{"embeddable":true,"href":"https:\/\/www.europesays.com\/es\/wp-json\/wp\/v2\/comments?post=152554"}],"version-history":[{"count":0,"href":"https:\/\/www.europesays.com\/es\/wp-json\/wp\/v2\/posts\/152554\/revisions"}],"wp:featuredmedia":[{"embeddable":true,"href":"https:\/\/www.europesays.com\/es\/wp-json\/wp\/v2\/media\/152555"}],"wp:attachment":[{"href":"https:\/\/www.europesays.com\/es\/wp-json\/wp\/v2\/media?parent=152554"}],"wp:term":[{"taxonomy":"category","embeddable":true,"href":"https:\/\/www.europesays.com\/es\/wp-json\/wp\/v2\/categories?post=152554"},{"taxonomy":"post_tag","embeddable":true,"href":"https:\/\/www.europesays.com\/es\/wp-json\/wp\/v2\/tags?post=152554"}],"curies":[{"name":"wp","href":"https:\/\/api.w.org\/{rel}","templated":true}]}}