{"id":152558,"date":"2025-10-02T10:54:07","date_gmt":"2025-10-02T10:54:07","guid":{"rendered":"https:\/\/www.europesays.com\/es\/152558\/"},"modified":"2025-10-02T10:54:07","modified_gmt":"2025-10-02T10:54:07","slug":"la-policia-ha-abatido-a-tiros-al-sospechoso-que-sigue-vivo-y-mantiene-acordonada-la-zona-un-hombre-atropella-y-apunala-a-cuatro-personas-en-una-sinagoga-de-manchester-durante-la-celebracion-del-yom","status":"publish","type":"post","link":"https:\/\/www.europesays.com\/es\/152558\/","title":{"rendered":"La polic\u00eda ha abatido a tiros al sospechoso, que sigue vivo, y mantiene acordonada la zona: Un hombre atropella y apu\u00f1ala a cuatro personas en una sinagoga de M\u00e1nchester durante la celebraci\u00f3n del Yom Kipur | Internacional"},"content":{"rendered":"<p class=\"\">Un hombre ha intentado atropellar con su veh\u00edculo, y m\u00e1s tarde apu\u00f1alar, a miembros de la comunidad jud\u00eda que atend\u00edan en la ma\u00f1ana de este jueves el servicio religioso de la sinagoga de Heaton Park, en M\u00e1nchester, durante la celebraci\u00f3n del Yom Kipur, la fiesta m\u00e1s importante de la comunidad jud\u00eda. Cuatro personas han resultado heridas, una de ellas con arma blanca, seg\u00fan la polic\u00eda. Uno de ellos era guardia de seguridad. El sospechoso ha sido abatido a tiros por los agentes antes de que llegara a entrar en el edifico.<\/p>\n<p class=\"\">La sinagoga, en el norte de la ciudad brit\u00e1nica, se mantiene acordonada a estas horas. <\/p>\n<p class=\"\">\u201cLa polic\u00eda recibi\u00f3 una llamada de un ciudadano a las 9:31am [10:31, horario peninsular espa\u00f1ol] desde la Sinagoga de la Congregaci\u00f3n Hebrea de Heaton Park, en Middleton Road. Aseguraba haber sido testigo de c\u00f3mo un veh\u00edculo se hab\u00eda dirigido contra un grupo de personas, y c\u00f3mo una de ellas hab\u00eda sido apu\u00f1alada\u201d, informa en un comunicado de la Polic\u00eda de Greater Manchester, el \u00e1rea metropolitana de la ciudad.<\/p>\n<p class=\"\">\u201cEs un incidente grave, y pido a los ciudadanos que eviten acercarse a esa zona. Pero al mismo tiempo puedo asegurar que el peligro inminente parece haber desaparecido\u201d, <a href=\"https:\/\/www.bbc.com\/news\/live\/cx2703lnww4t\" target=\"_self\" rel=\"nofollow noopener\" title=\"https:\/\/www.bbc.com\/news\/live\/cx2703lnww4t\">ha dicho a la BBC el alcalde de la ciudad, Andy Burnham<\/a>. \u201cLa polic\u00eda se ha hecho cargo de la situaci\u00f3n muy r\u00e1pidamente\u201d, ha explicado.<\/p>\n<p class=\"\">El Servicio de Ambulancia North West, encargado de asistir a esa zona de M\u00e1nchester, ha emitido una nota en la que aseguran que \u201cse encuentran haciendo un balance de la situaci\u00f3n y trabajando con otros miembros de servicios emergencias\u201d. \u201cNuestra prioridad\u201d, a\u00f1aden, \u201ces asegurar que las personas reciban atenci\u00f3n m\u00e9dica lo m\u00e1s pronto posible\u201d.<\/p>\n<p class=\"\">Un testigo, que se ha identificado como Gareth, ha explicado a la BBC c\u00f3mo el sospechoso hab\u00eda intentado golpear con su cuchillo una de las ventanas del edificio para intentar acceder a su interior. \u201cEn unos pocos segundos, la polic\u00eda ha llegado, le ha lanzado un par de advertencias y, al no atenderlas, han abierto fuego\u201d, ha relatado. \u201cAl intentar incorporarse, han vuelto a disparar\u201d, ha a\u00f1adido.<\/p>\n<p class=\"\">La Polic\u00eda de Greater Manchester ha activado de inmediato la llamada Operaci\u00f3n Plato, un protocolo dise\u00f1ado para responder a cualquier ataque terrorista continuado, que pone en guardia y obliga a seguir unos pasos concretos a todos los servicios de emergencia y hospitales dela zona.<\/p>\n<p class=\"\">Durante la celebraci\u00f3n del Yom Kipur, la comunidad jud\u00eda ayuna durante 25 horas y atiende los servicios religiosos en las sinagogas. <\/p>\n<p class=\"\">El primer ministro del Reino Unido, Keir Starmer, cuya esposa Victoria es de origen jud\u00edo, descendiente de inmigrantes polacos, ha expresado en un comunicado su estupor: \u201cEstoy conmocionado con el ataque a la sinagoga de Crumpsall [el barrio de M\u00e1nchester]. El hecho de que haya ocurrido durante el Yom Kipur, el d\u00eda m\u00e1s sagrado del calendario jud\u00edo, convierte el incidente en algo a\u00fan m\u00e1s terror\u00edfico. Mis pensamientos est\u00e1n con todos los seres queridos de aquellos afectados, y doy las gracias a los servicios de emergencia\u201d, ha dicho. <\/p>\n<p class=\"\">Starmer ha suspendido su presencia en la cumbre de la Comunidad Pol\u00edtica Europea, que se celebraba hoy en Copenhague, y ha decidido regresar a Londres. A lo largo de la tarde de este jueves presidir\u00e1n una reuni\u00f3n del gabinete COBRA, el gabinete de crisis que concentra a todos los ministerios afectados por el incidente. <\/p>\n<p class=\"\">Todas las sinagogas de M\u00e1nchester se han coordinado para reforzar su seguridad despu\u00e9s de tener noticias del atentado. La organizaci\u00f3n jud\u00eda Community Security Trust, ha asegurado que \u201cya trabaja con la polic\u00eda y con la comunidad jud\u00eda local, despu\u00e9s del grave incidente de la sinagoga del norte de M\u00e1nchester\u201d. La organizaci\u00f3n ha asegurado que \u201ctodo apunta a que se trata de un atentado horripilante en el d\u00eda m\u00e1s sagrado del calendario jud\u00edo\u201d.<\/p>\n","protected":false},"excerpt":{"rendered":"Un hombre ha intentado atropellar con su veh\u00edculo, y m\u00e1s tarde apu\u00f1alar, a miembros de la comunidad jud\u00eda&hellip;\n","protected":false},"author":2,"featured_media":152559,"comment_status":"","ping_status":"","sticky":false,"template":"","format":"standard","meta":{"footnotes":""},"categories":[42],"tags":[17,18,13,14,11,61,62,63,64,74,19,20,9985,9,10,15,16,2444,44080,592,12,21,22,65,66,67],"class_list":{"0":"post-152558","1":"post","2":"type-post","3":"status-publish","4":"format-standard","5":"has-post-thumbnail","7":"category-internacional","8":"tag-breaking-news","9":"tag-breakingnews","10":"tag-featured-news","11":"tag-featurednews","12":"tag-headlines","13":"tag-internacional","14":"tag-international","15":"tag-international-news","16":"tag-internationalnews","17":"tag-israel","18":"tag-latest-news","19":"tag-latestnews","20":"tag-manchester","21":"tag-news","22":"tag-noticias","23":"tag-noticias-destacadas","24":"tag-noticiasdestacadas","25":"tag-reino-unido","26":"tag-sinagogas","27":"tag-terrorismo","28":"tag-titulares","29":"tag-ultimas-noticias","30":"tag-ultimasnoticias","31":"tag-world","32":"tag-world-news","33":"tag-worldnews"},"share_on_mastodon":{"url":"","error":""},"_links":{"self":[{"href":"https:\/\/www.europesays.com\/es\/wp-json\/wp\/v2\/posts\/152558","targetHints":{"allow":["GET"]}}],"collection":[{"href":"https:\/\/www.europesays.com\/es\/wp-json\/wp\/v2\/posts"}],"about":[{"href":"https:\/\/www.europesays.com\/es\/wp-json\/wp\/v2\/types\/post"}],"author":[{"embeddable":true,"href":"https:\/\/www.europesays.com\/es\/wp-json\/wp\/v2\/users\/2"}],"replies":[{"embeddable":true,"href":"https:\/\/www.europesays.com\/es\/wp-json\/wp\/v2\/comments?post=152558"}],"version-history":[{"count":0,"href":"https:\/\/www.europesays.com\/es\/wp-json\/wp\/v2\/posts\/152558\/revisions"}],"wp:featuredmedia":[{"embeddable":true,"href":"https:\/\/www.europesays.com\/es\/wp-json\/wp\/v2\/media\/152559"}],"wp:attachment":[{"href":"https:\/\/www.europesays.com\/es\/wp-json\/wp\/v2\/media?parent=152558"}],"wp:term":[{"taxonomy":"category","embeddable":true,"href":"https:\/\/www.europesays.com\/es\/wp-json\/wp\/v2\/categories?post=152558"},{"taxonomy":"post_tag","embeddable":true,"href":"https:\/\/www.europesays.com\/es\/wp-json\/wp\/v2\/tags?post=152558"}],"curies":[{"name":"wp","href":"https:\/\/api.w.org\/{rel}","templated":true}]}}