{"id":152560,"date":"2025-10-02T10:55:17","date_gmt":"2025-10-02T10:55:17","guid":{"rendered":"https:\/\/www.europesays.com\/es\/152560\/"},"modified":"2025-10-02T10:55:17","modified_gmt":"2025-10-02T10:55:17","slug":"los-moros-y-cristianos-de-benidorm-celebran-desde-esta-noche-hasta-el-domingo-sus-dias-grandes","status":"publish","type":"post","link":"https:\/\/www.europesays.com\/es\/152560\/","title":{"rendered":"Los Moros y Cristianos de Benidorm celebran desde esta noche hasta el domingo sus d\u00edas grandes"},"content":{"rendered":"<p>La Asociaci\u00f3n de Moros y Cristianos de Benidorm inicia esta noche la celebraci\u00f3n de sus d\u00edas grandes, que se prolongar\u00e1n hasta la tarde noche del domingo con multitud de actos que recrean en tono festivo un episodio clave en la historia de Espa\u00f1a. El \u2018Parlamento de la Invasi\u00f3n Mora\u2019 marcar\u00e1, a partir de las 20 horas de hoy, el inicio oficial de estos festejos, a los pies del castillo instalado en la plaza de SS MM los Reyes de Espa\u00f1a. La edil de Fiestas, Maril\u00f3 Cebreros, ha deseado a las seis \u2018filaes\u2019 de la Asociaci\u00f3n y a los componentes de uno y otro bando unas felices fiestas. En especial, al presidente de la entidad, Arturo Mira; y a la reina mora de 2025, Mar\u00eda Lourdes Corrales.\u00a0<\/p>\n<p>Cebreros ha recordado que los Moros y Cristianos de Benidorm \u201cest\u00e1n declaradas como fiestas de Inter\u00e9s Tur\u00edstico Local\u201d y ha destacado \u201cla vistosidad, colorido y m\u00fasica que tradicionalmente envuelven estas celebraciones y que tanto gustan a quienes vivimos aqu\u00ed y tambi\u00e9n a quienes nos visitan durante estos d\u00edas\u201d.\u00a0<\/p>\n<p>Entre los actos programados para estos d\u00edas, esta noche tendr\u00e1 lugar el ya mencionado \u2018Parlamento de la Invasi\u00f3n Mora\u2019, que comenzar\u00e1 a las 20 horas en la plaza de SS MM los Reyes de Espa\u00f1a con la concentraci\u00f3n de las tropas cristianas en su campamento, al que llegan las huestes moras despu\u00e9s de desembarcar. Ambos bandos parlamentan entre ofrendas y juegos medievales. Al no llegar a un acuerdo amistoso, el acto finaliza con la \u2018Invasi\u00f3n Mora de la Villa de Benidorm\u2019, tras la cual se celebrar\u00e1 una cena festera con la participaci\u00f3n de todas las \u2018filaes\u2019: Benidarhims, Nazaries, Tuareg y Musulmanes Tagarinos por el bando moro; Cruzados y Cavallers de la Baronia, por el cristiano.<\/p>\n<p>Ma\u00f1ana, viernes, la jornada se iniciar\u00e1 a las 10.30 horas, con una Diana que partir\u00e1 desde la calle Escuelas y recorrer\u00e1 Tom\u00e1s Ortu\u00f1o, Paseo de la Carretera, Mart\u00ednez Alejos y Gambo hasta la Plaza de la Hispanidad, para desplazarse despu\u00e9s hasta el Castillo de la plaza del Ayuntamiento. Por la tarde, a las 20 horas, el Castillo ser\u00e1 escenario del acto de la \u2018Embajada y Reconquista Cristianas\u2019.\u00a0<\/p>\n<p>El s\u00e1bado, una nueva Diana ser\u00e1 el primero de los actos, con el mismo horario e itinerario que la jornada anterior. A las 20 horas se desarrollar\u00e1 uno de los actos centrales de estos festejos, la \u2018Gran Entrada Mora y Cristiana\u2019, en la que desfilar\u00e1n las huestes moras y las tropas cristianas por las principales calles de la ciudad. En concreto, saldr\u00e1n desde la parte alta de Tom\u00e1s Ortu\u00f1o y recorrer\u00e1n las calles Venus, Ruzafa, Mart\u00ednez Alejos y Gambo hasta la Plaza de la Hispanidad.<\/p>\n<p>Ya el domingo llegar\u00e1 la paz. Ser\u00e1 al mediod\u00eda, en la plaza de SS MM los Reyes de Espa\u00f1a, donde los representantes de ambos bandos declamar\u00e1n a partir de las 12 horas el \u2018Parlamento de Paz\u2019, un texto creado por Pere Maria Orts i Bosch que, desde 1990, protagoniza el anuncio del cese de hostilidades y la retirada pac\u00edfica del bando musulm\u00e1n. Seguidamente, se celebrar\u00e1 una ofrenda de flores en honor a San Jaime Ap\u00f3stol, patr\u00f3n de la Asociaci\u00f3n, y una misa en la parroquia de San Jaime y Santa Ana. Por la tarde, a partir de las 20 horas, los actos culminar\u00e1n con la \u2018Retreta\u2019, un desfile de carrozas que repetir\u00e1 el recorrido de la tarde anterior.<br \/>\u00a0<\/p>\n<p><strong>Cortes de tr\u00e1fico\u00a0<\/strong><\/p>\n<p>Con motivo de las fiestas de Moros y Cristianos, la Concejal\u00eda de Movilidad ha informado del corte al tr\u00e1fico rodado los d\u00edas 4 y 5 de octubre, s\u00e1bado y domingo, desde las ocho de la tarde en las calles por donde tendr\u00e1n lugar los desfiles de la \u2018Entrada\u2019 y la \u2018Retreta\u2019. Estos cortes se prolongar\u00e1n hasta la finalizaci\u00f3n de ambos actos, tras los cuales la circulaci\u00f3n quedar\u00e1 reabierta.\u00a0<\/p>\n","protected":false},"excerpt":{"rendered":"La Asociaci\u00f3n de Moros y Cristianos de Benidorm inicia esta noche la celebraci\u00f3n de sus d\u00edas grandes, que&hellip;\n","protected":false},"author":2,"featured_media":152561,"comment_status":"","ping_status":"","sticky":false,"template":"","format":"standard","meta":{"footnotes":""},"categories":[8],"tags":[17,18,25,24,13,14,43,11,19,20,41214,44628,9,10,15,16,23,12,21,22],"class_list":{"0":"post-152560","1":"post","2":"type-post","3":"status-publish","4":"format-standard","5":"has-post-thumbnail","7":"category-espana","8":"tag-breaking-news","9":"tag-breakingnews","10":"tag-es","11":"tag-espana","12":"tag-featured-news","13":"tag-featurednews","14":"tag-fiestas","15":"tag-headlines","16":"tag-latest-news","17":"tag-latestnews","18":"tag-marilo-cebreros","19":"tag-moros-y-cristianos","20":"tag-news","21":"tag-noticias","22":"tag-noticias-destacadas","23":"tag-noticiasdestacadas","24":"tag-spain","25":"tag-titulares","26":"tag-ultimas-noticias","27":"tag-ultimasnoticias"},"share_on_mastodon":{"url":"","error":""},"_links":{"self":[{"href":"https:\/\/www.europesays.com\/es\/wp-json\/wp\/v2\/posts\/152560","targetHints":{"allow":["GET"]}}],"collection":[{"href":"https:\/\/www.europesays.com\/es\/wp-json\/wp\/v2\/posts"}],"about":[{"href":"https:\/\/www.europesays.com\/es\/wp-json\/wp\/v2\/types\/post"}],"author":[{"embeddable":true,"href":"https:\/\/www.europesays.com\/es\/wp-json\/wp\/v2\/users\/2"}],"replies":[{"embeddable":true,"href":"https:\/\/www.europesays.com\/es\/wp-json\/wp\/v2\/comments?post=152560"}],"version-history":[{"count":0,"href":"https:\/\/www.europesays.com\/es\/wp-json\/wp\/v2\/posts\/152560\/revisions"}],"wp:featuredmedia":[{"embeddable":true,"href":"https:\/\/www.europesays.com\/es\/wp-json\/wp\/v2\/media\/152561"}],"wp:attachment":[{"href":"https:\/\/www.europesays.com\/es\/wp-json\/wp\/v2\/media?parent=152560"}],"wp:term":[{"taxonomy":"category","embeddable":true,"href":"https:\/\/www.europesays.com\/es\/wp-json\/wp\/v2\/categories?post=152560"},{"taxonomy":"post_tag","embeddable":true,"href":"https:\/\/www.europesays.com\/es\/wp-json\/wp\/v2\/tags?post=152560"}],"curies":[{"name":"wp","href":"https:\/\/api.w.org\/{rel}","templated":true}]}}