{"id":152562,"date":"2025-10-02T10:56:16","date_gmt":"2025-10-02T10:56:16","guid":{"rendered":"https:\/\/www.europesays.com\/es\/152562\/"},"modified":"2025-10-02T10:56:16","modified_gmt":"2025-10-02T10:56:16","slug":"la-diputacion-de-cordoba-destina-170-000-euros-a-la-mejora-integral-de-la-cp-95-ronda-de-carcabuey","status":"publish","type":"post","link":"https:\/\/www.europesays.com\/es\/152562\/","title":{"rendered":"La Diputaci\u00f3n de C\u00f3rdoba destina 170.000 euros a la mejora integral de la CP-95 \u2018Ronda de Carcabuey\u2019"},"content":{"rendered":"<p>La Diputaci\u00f3n de C\u00f3rdoba, a trav\u00e9s de la Delegaci\u00f3n de Infraestructuras, Sostenibilidad y Agricultura, ha destinado un total de 170.000 euros para la mejora integral de la v\u00eda CP-95 \u2018Ronda de Carcabuey\u2019, cuyo proyecto ya se encuentra en proceso de licitaci\u00f3n.<\/p>\n<p>El responsable del \u00c1rea, Andr\u00e9s Lorite, ha indicado que \u201ccon este proyecto vamos a actuar en la mejora de un tramo de 700 metros que discurre en su totalidad por el casco urbano, lo que va a afectar directamente a la calidad de vida de los vecinos que van a poder contar con una ronda totalmente renovada\u201d.<\/p>\n<p>Lorite ha explicado que \u201cla instituci\u00f3n provincial ya ha iniciado el proceso de licitaci\u00f3n que permita la ejecuci\u00f3n de esta obra, que se ha previsto que tendr\u00e1 un plazo de tres meses desde que se inicien unos trabajos que, sin duda, tendr\u00e1 una importante repercusi\u00f3n social por tratarse de una v\u00eda importante para el municipio\u201d.<\/p>\n<p>Un proyecto, ha continuado, con el que \u201cse va a proceder a la renovaci\u00f3n de la totalidad del pavimento mediante la retirada del firme actual para lo que se realizar\u00e1 un proceso de fresado y, a continuaci\u00f3n, extender una nueva capa de bituminosa en caliente\u201d.<\/p>\n<p>El delegado Infraestructuras ha a\u00f1adido que \u201cal tratarse de una v\u00eda urbana tambi\u00e9n hemos contemplado una intervenci\u00f3n en el acerado, de forma que se van a sustituir los tramos que est\u00e9n m\u00e1s da\u00f1ados y se realizar\u00e1 una reparaci\u00f3n en el resto. Y todo ello se completa con la se\u00f1alizaci\u00f3n vial tanto horizontal como vertical\u201d.<\/p>\n<p>Como intervenci\u00f3n complementaria a este proyecto, Lorite ha se\u00f1alado que \u201ccon el material procedente del fresado de esta v\u00eda, ser va a acometer una peque\u00f1a actuaci\u00f3n con la eliminaci\u00f3n de un desnivel peligroso en la carretera CO-7209 de acceso a Carcabuey\u201d.<\/p>\n<p>\u201cVamos a hacer lo posible para reducir al m\u00e1ximo las molestias de los vecinos durante la ejecuci\u00f3n de las obras, pero entendemos que se trata de un proyecto que no solo va a mejorar la circulaci\u00f3n en esta v\u00eda urbana, sino que adem\u00e1s, vamos a contribuir a mejorar su seguridad\u201d, ha concluido Lorite.<\/p>\n<p>La ejecuci\u00f3n de este proyecto tiene como fin \u00faltimo alcanzar un acuerdo con el Ayuntamiento de Carcabuey, de forma que se pueda facilitar la permuta de la titularidad de la v\u00eda.<\/p>\n","protected":false},"excerpt":{"rendered":"La Diputaci\u00f3n de C\u00f3rdoba, a trav\u00e9s de la Delegaci\u00f3n de Infraestructuras, Sostenibilidad y Agricultura, ha destinado un total&hellip;\n","protected":false},"author":2,"featured_media":152563,"comment_status":"","ping_status":"","sticky":false,"template":"","format":"standard","meta":{"footnotes":""},"categories":[5],"tags":[17,18,25,24,13,14,11,19,20,9,10,15,16,23,12,21,22],"class_list":{"0":"post-152562","1":"post","2":"type-post","3":"status-publish","4":"format-standard","5":"has-post-thumbnail","7":"category-titulares","8":"tag-breaking-news","9":"tag-breakingnews","10":"tag-es","11":"tag-espana","12":"tag-featured-news","13":"tag-featurednews","14":"tag-headlines","15":"tag-latest-news","16":"tag-latestnews","17":"tag-news","18":"tag-noticias","19":"tag-noticias-destacadas","20":"tag-noticiasdestacadas","21":"tag-spain","22":"tag-titulares","23":"tag-ultimas-noticias","24":"tag-ultimasnoticias"},"share_on_mastodon":{"url":"","error":""},"_links":{"self":[{"href":"https:\/\/www.europesays.com\/es\/wp-json\/wp\/v2\/posts\/152562","targetHints":{"allow":["GET"]}}],"collection":[{"href":"https:\/\/www.europesays.com\/es\/wp-json\/wp\/v2\/posts"}],"about":[{"href":"https:\/\/www.europesays.com\/es\/wp-json\/wp\/v2\/types\/post"}],"author":[{"embeddable":true,"href":"https:\/\/www.europesays.com\/es\/wp-json\/wp\/v2\/users\/2"}],"replies":[{"embeddable":true,"href":"https:\/\/www.europesays.com\/es\/wp-json\/wp\/v2\/comments?post=152562"}],"version-history":[{"count":0,"href":"https:\/\/www.europesays.com\/es\/wp-json\/wp\/v2\/posts\/152562\/revisions"}],"wp:featuredmedia":[{"embeddable":true,"href":"https:\/\/www.europesays.com\/es\/wp-json\/wp\/v2\/media\/152563"}],"wp:attachment":[{"href":"https:\/\/www.europesays.com\/es\/wp-json\/wp\/v2\/media?parent=152562"}],"wp:term":[{"taxonomy":"category","embeddable":true,"href":"https:\/\/www.europesays.com\/es\/wp-json\/wp\/v2\/categories?post=152562"},{"taxonomy":"post_tag","embeddable":true,"href":"https:\/\/www.europesays.com\/es\/wp-json\/wp\/v2\/tags?post=152562"}],"curies":[{"name":"wp","href":"https:\/\/api.w.org\/{rel}","templated":true}]}}