{"id":152566,"date":"2025-10-02T10:58:09","date_gmt":"2025-10-02T10:58:09","guid":{"rendered":"https:\/\/www.europesays.com\/es\/152566\/"},"modified":"2025-10-02T10:58:09","modified_gmt":"2025-10-02T10:58:09","slug":"un-jose-enrique-fraile-de-valdefresno-y-un-loreto-charro-para-el-11-de-octubre-en-alba-de-tormes-salamancartv-al-dia","status":"publish","type":"post","link":"https:\/\/www.europesays.com\/es\/152566\/","title":{"rendered":"Un Jos\u00e9 Enrique Fraile de Valdefresno y un Loreto Charro para el 11 de octubre en Alba de Tormes &#8211; SALAMANCArtv AL D\u00cdA"},"content":{"rendered":"<p class=\"prip\">La villa ducal de <strong>Alba de Tormes<\/strong> ya ha puesto en marcha la cuenta atr\u00e1s para uno de sus eventos taurinos m\u00e1s esperados del a\u00f1o. El pr\u00f3ximo <strong>11 de octubre<\/strong>, a las cinco de la tarde, las calles se volver\u00e1n a llenar de afici\u00f3n y emoci\u00f3n con la celebraci\u00f3n del tradicional <strong>festejo del toro del caj\u00f3n<\/strong>. Un evento que, un a\u00f1o m\u00e1s, es fruto de la colaboraci\u00f3n entre <strong>el Ayuntamiento de Alba de Tormes<\/strong> y la incansable <strong>Asociaci\u00f3n Taurina 15 de Octubre<\/strong>, cuyo presidente, <strong>Iv\u00e1n Gonz\u00e1lez<\/strong>, ha desvelado en una entrevista para este medio los detalles de una jornada que promete ser memorable.<\/p>\n<p>Dos imponentes astados, de dos ganader\u00edas salmantinas de prestigio, ser\u00e1n los grandes protagonistas. La elecci\u00f3n, seg\u00fan ha explicado Gonz\u00e1lez, no ha sido casual, sino una apuesta por la calidad y la garant\u00eda de espect\u00e1culo. \u00abEs una elecci\u00f3n acertada\u00bb, ha afirmado con convicci\u00f3n, reflejando el optimismo que reina en la organizaci\u00f3n.<\/p>\n<p>Dos hierros de garant\u00eda para un festejo de altura<\/p>\n<p>La asociaci\u00f3n ha puesto su confianza en un toro de la reconocida ganader\u00eda de <strong>Jos\u00e9 Enrique Fraile de Valdefresno<\/strong>. Se trata de <strong>&#8216;Langosto&#8217;<\/strong>, marcado con el n\u00famero 34, guarismo 1, y con un peso de <strong>520 kilos<\/strong>. Este ejemplar, seg\u00fan ha revelado el presidente, tiene un origen que a\u00f1ade un extra de inter\u00e9s: \u00abes uno de los sobreros que le quedaron ah\u00ed de Madrid\u00bb. Este detalle sugiere un toro de trap\u00edo y seriedad, con las hechuras propias de una plaza de primera categor\u00eda, lo que seguro generar\u00e1 una gran expectaci\u00f3n entre los aficionados.<\/p>\n<p>Por su parte, el <strong>Ayuntamiento de Alba de Tormes<\/strong> ha financiado el segundo de los astados, <strong>\u2018Reservado\u2019,<\/strong> un ejemplar de <strong>Loreto Charro<\/strong>. Este toro, herrado con el n\u00famero 13, guarismo 1, y con un peso de <strong>540 kilos<\/strong>, procede de una ganader\u00eda que est\u00e1 en un momento dulce. \u00abEs una ganader\u00eda que est\u00e1 funcionando muy bien tanto en las calles como en las plazas\u00bb, ha comentado Gonz\u00e1lez, subrayando la versatilidad y el buen rendimiento de estos animales. La finca de Loreto Charro, ubicada en <strong>Pe\u00f1a de Cabra<\/strong>, en la carretera de La Alberca, se ha convertido en un referente para los festejos populares por la bravura y el juego que ofrecen sus reses.<\/p>\n<p>Ilusi\u00f3n y respaldo popular<\/p>\n<p>La combinaci\u00f3n de un hierro consolidado como Jos\u00e9 Enrique Fraile de Valdefresno y otro en plena efervescencia como el de Loreto Charro ha creado un cartel muy rematado. \u00abHay ilusi\u00f3n con los dos toros\u00bb, ha confesado el presidente de la asociaci\u00f3n, resumiendo el sentir general. Esta ilusi\u00f3n no solo se percibe en la organizaci\u00f3n, sino tambi\u00e9n en el masivo respaldo del tejido empresarial local. El festejo cuenta con el apoyo de <strong>entre 50 y 60 patrocinadores<\/strong>, una cifra que demuestra la profunda raigambre de este evento en la vida social y cultural de Alba de Tormes.<\/p>\n<p>Adem\u00e1s de los dos toros del caj\u00f3n, la jornada se completar\u00e1 con la <strong>suelta de dos vacas de edad,<\/strong> que tambi\u00e9n ser\u00e1n financiadas por la asociaci\u00f3n. Aunque su procedencia exacta a\u00fan est\u00e1 por cerrar, Gonz\u00e1lez ha adelantado que probablemente pertenecer\u00e1n a las ganader\u00edas de <strong>Juan Luis Fraile o de ToroDuero<\/strong>, garantizando as\u00ed la continuidad del espect\u00e1culo y ofreciendo m\u00e1s oportunidades de disfrute a los corredores y espectadores.<\/p>\n<p>Una asociaci\u00f3n comprometida todo el a\u00f1o<\/p>\n<p>El toro del caj\u00f3n del 11 de octubre es la punta del iceberg del trabajo que la Asociaci\u00f3n Taurina 15 de Octubre realiza a lo largo de todo el a\u00f1o para mantener viva la llama de la tauromaquia en la villa. Su actividad es constante y diversa, abarcando desde la promoci\u00f3n de la cantera hasta la organizaci\u00f3n de eventos culturales.<\/p>\n<p>Entre sus iniciativas m\u00e1s destacadas se encuentran el bols\u00edn taurino, los populares encierros de carretones para los m\u00e1s peque\u00f1os, y una colaboraci\u00f3n activa en la organizaci\u00f3n de los encierros tradicionales y las corridas de toros que se celebran en la localidad. Este compromiso demuestra una visi\u00f3n integral de la fiesta, que va m\u00e1s all\u00e1 de un \u00fanico festejo.<\/p>\n<p>Asimismo, la asociaci\u00f3n tiene en su agenda la celebraci\u00f3n de coloquios y eventos culturales. Este tipo de actividades enriquecen la oferta cultural de Alba de Tormes y consolidan a la asociaci\u00f3n como un motor dinamizador de la afici\u00f3n taurina en la provincia.<\/p>\n<p>Con todos estos ingredientes, Alba de Tormes se prepara para vivir una jornada intensa, donde la pasi\u00f3n por el toro, el esfuerzo de una asociaci\u00f3n comprometida y el apoyo de todo un pueblo se dar\u00e1n la mano para celebrar una de sus tradiciones m\u00e1s queridas.<\/p>\n","protected":false},"excerpt":{"rendered":"La villa ducal de Alba de Tormes ya ha puesto en marcha la cuenta atr\u00e1s para uno de&hellip;\n","protected":false},"author":2,"featured_media":152567,"comment_status":"","ping_status":"","sticky":false,"template":"","format":"standard","meta":{"footnotes":""},"categories":[277],"tags":[9777,373,168,25,24,29564,10,3614,23,167,374,46090],"class_list":{"0":"post-152566","1":"post","2":"type-post","3":"status-publish","4":"format-standard","5":"has-post-thumbnail","7":"category-toreo","8":"tag-alba-de-tormes","9":"tag-bullfighting","10":"tag-deportes","11":"tag-es","12":"tag-espana","13":"tag-festejo-taurino","14":"tag-noticias","15":"tag-salamanca","16":"tag-spain","17":"tag-sports","18":"tag-toreo","19":"tag-toros-del-cajon"},"share_on_mastodon":{"url":"","error":""},"_links":{"self":[{"href":"https:\/\/www.europesays.com\/es\/wp-json\/wp\/v2\/posts\/152566","targetHints":{"allow":["GET"]}}],"collection":[{"href":"https:\/\/www.europesays.com\/es\/wp-json\/wp\/v2\/posts"}],"about":[{"href":"https:\/\/www.europesays.com\/es\/wp-json\/wp\/v2\/types\/post"}],"author":[{"embeddable":true,"href":"https:\/\/www.europesays.com\/es\/wp-json\/wp\/v2\/users\/2"}],"replies":[{"embeddable":true,"href":"https:\/\/www.europesays.com\/es\/wp-json\/wp\/v2\/comments?post=152566"}],"version-history":[{"count":0,"href":"https:\/\/www.europesays.com\/es\/wp-json\/wp\/v2\/posts\/152566\/revisions"}],"wp:featuredmedia":[{"embeddable":true,"href":"https:\/\/www.europesays.com\/es\/wp-json\/wp\/v2\/media\/152567"}],"wp:attachment":[{"href":"https:\/\/www.europesays.com\/es\/wp-json\/wp\/v2\/media?parent=152566"}],"wp:term":[{"taxonomy":"category","embeddable":true,"href":"https:\/\/www.europesays.com\/es\/wp-json\/wp\/v2\/categories?post=152566"},{"taxonomy":"post_tag","embeddable":true,"href":"https:\/\/www.europesays.com\/es\/wp-json\/wp\/v2\/tags?post=152566"}],"curies":[{"name":"wp","href":"https:\/\/api.w.org\/{rel}","templated":true}]}}