{"id":152574,"date":"2025-10-02T11:04:08","date_gmt":"2025-10-02T11:04:08","guid":{"rendered":"https:\/\/www.europesays.com\/es\/152574\/"},"modified":"2025-10-02T11:04:08","modified_gmt":"2025-10-02T11:04:08","slug":"el-imponente-cambio-fisico-de-luka-doncic-para-el-comienzo-de-la-nba","status":"publish","type":"post","link":"https:\/\/www.europesays.com\/es\/152574\/","title":{"rendered":"El imponente cambio f\u00edsico de Luka Doncic para el comienzo de la NBA"},"content":{"rendered":"<p data-gtm-element-container=\"modulo-texto-link\" class=\"paragraph\">Octubre ser\u00e1 el mes del regreso de la <strong><a href=\"https:\/\/www.mundodeportivo.com\/us\/baloncesto\/nba\/20250930\/731641\/revolucion-total-decision-tomo-anthony-davis-mejorar-rendimiento-nba.html\" title=\"Revoluci\u00f3n total: la decisi\u00f3n que tom\u00f3 Anthony Davis para mejorar su rendimiento en la NBA\" rel=\"nofollow noopener\" target=\"_blank\">NBA<\/a><\/strong>, y para ese gran acontecimiento las principales figuras ya piensan en su puesta a punto. Adelant\u00e1ndose a todos, <strong>Luka Doncic experiment\u00f3 un impresionante cambio f\u00edsico<\/strong> marcado por un <strong>incremento de su peso<\/strong>, todo con el fin de encontrar su mejor forma para esta temporada.<\/p>\n<p>NBA: as\u00ed luce Luka Doncic tras su rotundo cambio f\u00edsico<\/p>\n<p data-gtm-element-container=\"modulo-texto-link\" class=\"paragraph\"><strong>Luka Doncic<\/strong> trabaj\u00f3 intensamente este verano para optimizar su rendimiento antes del inicio de la campa\u00f1a con <strong>Los Angeles Lakers<\/strong>, y los resultados son evidentes tanto en las fotograf\u00edas como en su <strong>desempe\u00f1o durante el Eurobasket con Eslovenia<\/strong>, donde destac\u00f3 con <strong>34,7 puntos por partido<\/strong>, liderando el torneo en anotaci\u00f3n.<\/p>\n<blockquote class=\"twitter-tweet\" data-lang=\"es\"><p>\n<a href=\"https:\/\/twitter.com\/Lakers24Ever\/status\/1972877546191798478\" rel=\"nofollow noopener\" target=\"_blank\">\n<\/p><\/blockquote>\n<p data-gtm-element-container=\"modulo-texto-link\" class=\"paragraph\">La franquicia angelina confirm\u00f3 que su figura aument\u00f3 su peso respecto al inicio de la temporada pasada, <strong>pasando de 104,3 kilos, seg\u00fan los Mavericks, a 110,6 kilos<\/strong>. Este cambio se atribuye principalmente a un <strong>aumento de masa muscular<\/strong>, aunque algunos sugieren que el registro anterior pudo no reflejar con exactitud su peso real.<\/p>\n<p data-gtm-element-container=\"modulo-texto-link\" class=\"paragraph\">El propio <strong>Luka Doncic<\/strong> se mostr\u00f3 motivado por superar sus l\u00edmites. \u00abSi me detengo ahora habr\u00e1 sido en vano. <strong>Cada verano me esfuerzo al m\u00e1ximo para trabajar en diferentes cosas<\/strong>. Obviamente, soy muy competitivo\u00bb declar\u00f3 a la revista Men&#8217;s Healt.<\/p>\n<p data-gtm-element-container=\"modulo-texto-link\" class=\"paragraph\">En esa misma entrevista, cuya sesi\u00f3n de fotos fue utilizada para mostrar en la portada una forma m\u00e1s definida, el jugador habl\u00f3 de lo que fue su preparaci\u00f3n: \u00ab<strong>Este verano fue un poco diferente<\/strong>. Me motiv\u00f3 a ser a\u00fan mejor. <strong>Era un ahora o nunca<\/strong>\u00ab.<\/p>\n<p>        Lee tambi\u00e9n<\/p>\n<p>    Yanella Palacios<\/p>\n<p>             <img loading=\"lazy\" decoding=\"async\" data-full-src=\"https:\/\/www.mundodeportivo.com\/us\/uploads\/2025\/10\/01\/68dd21c0af1ec.jpeg\" alt=\"Horizontal\" width=\"334\" height=\"164\" src=\"https:\/\/www.europesays.com\/es\/wp-content\/uploads\/2025\/10\/1759403048_935_68dd21c0af1ec.jpeg\" class=\"lazy\"\/><\/p>\n<p data-gtm-element-container=\"modulo-texto-link\" class=\"paragraph\">En cuanto a lo estrictamente deportivo, los cambios tambi\u00e9n fueron rotundos: durante los partidos de preparaci\u00f3n <strong>mostr\u00f3 m\u00e1s velocidad, movilidad y resistencia<\/strong> durante m\u00e1s de 30 minutos en la cancha, lo que ilusiona a todos los aficionados de <strong>Los Angeles Lakers<\/strong>.<\/p>\n<p><script async src=\"https:\/\/platform.twitter.com\/widgets.js\" charset=\"utf-8\"><\/script><\/p>\n","protected":false},"excerpt":{"rendered":"Octubre ser\u00e1 el mes del regreso de la NBA, y para ese gran acontecimiento las principales figuras ya&hellip;\n","protected":false},"author":2,"featured_media":152575,"comment_status":"","ping_status":"","sticky":false,"template":"","format":"standard","meta":{"footnotes":""},"categories":[269],"tags":[299,298,168,25,24,23,167],"class_list":{"0":"post-152574","1":"post","2":"type-post","3":"status-publish","4":"format-standard","5":"has-post-thumbnail","7":"category-baloncesto","8":"tag-baloncesto","9":"tag-basketball","10":"tag-deportes","11":"tag-es","12":"tag-espana","13":"tag-spain","14":"tag-sports"},"share_on_mastodon":{"url":"","error":""},"_links":{"self":[{"href":"https:\/\/www.europesays.com\/es\/wp-json\/wp\/v2\/posts\/152574","targetHints":{"allow":["GET"]}}],"collection":[{"href":"https:\/\/www.europesays.com\/es\/wp-json\/wp\/v2\/posts"}],"about":[{"href":"https:\/\/www.europesays.com\/es\/wp-json\/wp\/v2\/types\/post"}],"author":[{"embeddable":true,"href":"https:\/\/www.europesays.com\/es\/wp-json\/wp\/v2\/users\/2"}],"replies":[{"embeddable":true,"href":"https:\/\/www.europesays.com\/es\/wp-json\/wp\/v2\/comments?post=152574"}],"version-history":[{"count":0,"href":"https:\/\/www.europesays.com\/es\/wp-json\/wp\/v2\/posts\/152574\/revisions"}],"wp:featuredmedia":[{"embeddable":true,"href":"https:\/\/www.europesays.com\/es\/wp-json\/wp\/v2\/media\/152575"}],"wp:attachment":[{"href":"https:\/\/www.europesays.com\/es\/wp-json\/wp\/v2\/media?parent=152574"}],"wp:term":[{"taxonomy":"category","embeddable":true,"href":"https:\/\/www.europesays.com\/es\/wp-json\/wp\/v2\/categories?post=152574"},{"taxonomy":"post_tag","embeddable":true,"href":"https:\/\/www.europesays.com\/es\/wp-json\/wp\/v2\/tags?post=152574"}],"curies":[{"name":"wp","href":"https:\/\/api.w.org\/{rel}","templated":true}]}}