{"id":152576,"date":"2025-10-02T11:05:08","date_gmt":"2025-10-02T11:05:08","guid":{"rendered":"https:\/\/www.europesays.com\/es\/152576\/"},"modified":"2025-10-02T11:05:08","modified_gmt":"2025-10-02T11:05:08","slug":"las-cuentas-de-la-sub-20-para-pasar-ganar-a-brasil-si-o-si-y-esperar","status":"publish","type":"post","link":"https:\/\/www.europesays.com\/es\/152576\/","title":{"rendered":"Las cuentas de la Sub-20 para pasar: ganar a Brasil s\u00ed o s\u00ed y esperar"},"content":{"rendered":"<p class=\"\"><b>Espa\u00f1a ya ha hecho sus cuentas <\/b>para pasar a octavos de final del Mundial Sub-20. Son f\u00e1ciles:<b> tiene que ganar s\u00ed o s\u00ed a Brasil<\/b>.<a href=\"https:\/\/as.com\/futbol\/internacional\/marruecos-lider-intratable-n\/\" target=\"_self\" rel=\"nofollow noopener\" title=\"https:\/\/as.com\/futbol\/internacional\/marruecos-lider-intratable-n\/\"> La derrota de la canarinha ante Marruecos,<\/a> ya clasificada como primera de grupo tras haber vencido tambi\u00e9n a La Rojita en la primera jornada, obliga a los chicos de Gallardo a intentar asaltar la segunda plaza superando a la selecci\u00f3n brasile\u00f1a y a la mexicana en la \u00faltima jornada. <\/p>\n<p class=\"\"><b>El problema es que La Rojita no depende de s\u00ed misma<\/b> para ser segunda de grupo. <b>Adem\u00e1s de vencer a Brasil, debe esperar que M\u00e9xico no gane a Marruecos<\/b> en el tercer partido. La Tricolor tiene dos puntos tras haber empatado sus dos choques y Espa\u00f1a solo uno. Si los marroqu\u00edes logran puntuar y Espa\u00f1a gana, <b>los chicos de Gallardo se asegurar\u00e1n los octavos de final.<\/b><\/p>\n<p>Pasar como terceros<\/p>\n<p class=\"\"><b>La tercera v\u00eda pasa por ser uno de los mejores terceros de grupo<\/b>, pero es algo que no depende de Espa\u00f1a. Si M\u00e9xico gana su partido y la Sub-20 tambi\u00e9n, La Rojita ser\u00e1 tercera y deber\u00e1 esperar resultados en los dem\u00e1s grupos. Pasan cuatro de los seis. En ese sentido,<b> es importante intentar sacar un resultado amplio ante Brasil <\/b>ya que ahora mismo Espa\u00f1a tiene <a href=\"https:\/\/as.com\/futbol\/internacional\/mazazo-para-empezar-n\/\" target=\"_self\" rel=\"nofollow noopener\" title=\"https:\/\/as.com\/futbol\/internacional\/mazazo-para-empezar-n\/\">un goal average negativo de dos goles.<\/a><\/p>\n<p>Noticias relacionadas<a href=\"https:\/\/as.com\/futbol\/seleccion\/mora-acaba-con-la-rebelion-de-pablo-y-virgili-n\/\" class=\"s_m_w\" title=\"Un doblete de la perla mexicana de 16 a\u00f1os obliga a Espa\u00f1a a ganar a Brasil si quiere clasificarse a los octavos de final. Pablo Garc\u00eda y Virgili, los mejores.\" data-tb-link=\"\" rel=\"nofollow noopener\" target=\"_blank\"><img decoding=\"async\" src=\"https:\/\/www.europesays.com\/es\/wp-content\/uploads\/2025\/10\/Z7YOZC2J5NKRVEON2G54ZBLXOY.jpg\" alt=\"Mora acaba con la rebeli\u00f3n de Pablo y Virgili\" class=\"\" height=\"1\" width=\"1\"   loading=\"lazy\" data-tb-thumbnail=\"\"\/><\/a><a href=\"https:\/\/as.com\/futbol\/internacional\/la-real-esconde-una-perla-en-japon-n\/\" class=\"s_m_w\" title=\"Kita, central de la Real B, es indiscutible con la selecci\u00f3n japonesa en el Mundial Sub-20, donde su equipo cuenta los partidos por victorias sin encajar gol.\" data-tb-link=\"\" rel=\"nofollow noopener\" target=\"_blank\"><img decoding=\"async\" src=\"https:\/\/www.europesays.com\/es\/wp-content\/uploads\/2025\/10\/KYR66N27XVPSPLGDA7GLNGGNX4.jpg\" alt=\"La Real \u2018esconde\u2019 una perla en Jap\u00f3n\" class=\"\" height=\"1\" width=\"1\"   loading=\"lazy\" data-tb-thumbnail=\"\"\/><\/a><\/p>\n<p class=\"\"><b>Si Espa\u00f1a pierde estar\u00e1 matem\u00e1ticamente eliminada y si empata, de forma virtual<\/b>. Necesitar\u00eda que Marruecos ganase por m\u00e1s de dos goles a M\u00e9xico para ser tercera (Brasil tiene mejor diferencia de goles y la conservar\u00eda con el empate), pero con solo dos puntos y una diferencia de goles negativas ser\u00eda un milagro pasar de ronda. <\/p>\n<p class=\"\"><b>\u00a1Tus opiniones importan!<\/b> Comenta en los art\u00edculos y suscr\u00edbete gratis a nuestra <a href=\"https:\/\/asfan.as.com\/newsletters\/\" target=\"_blank\" rel=\"nofollow noopener\" title=\"https:\/\/asfan.as.com\/newsletters\/\">newsletter<\/a> y a las alertas informativas en la <a href=\"https:\/\/as.com\/aplicacion-de-as-n\/\" target=\"_blank\" rel=\"nofollow noopener\" title=\"https:\/\/as.com\/aplicacion-de-as-n\/\">App<\/a> o el canal de <a href=\"https:\/\/www.whatsapp.com\/channel\/0029VaAasdA7j6g745nz9M10\" target=\"_blank\" rel=\"nofollow noopener\" title=\"https:\/\/www.whatsapp.com\/channel\/0029VaAasdA7j6g745nz9M10\">WhatsApp<\/a>. \u00bfBuscas licenciar contenido? Haz clic <a href=\"https:\/\/profesional.elpais.com\/soluciones-sindicacion?utm_medium=interno&amp;utm_source=crosslinking&amp;utm_campaign=sindicacion_as_pie_articulos\" target=\"_blank\" rel=\"nofollow noopener\" title=\"https:\/\/profesional.elpais.com\/soluciones-sindicacion?utm_medium=interno&amp;utm_source=crosslinking&amp;utm_campaign=sindicacion_as_pie_articulos\">aqu\u00ed<\/a><\/p>\n","protected":false},"excerpt":{"rendered":"Espa\u00f1a ya ha hecho sus cuentas para pasar a octavos de final del Mundial Sub-20. Son f\u00e1ciles: tiene&hellip;\n","protected":false},"author":2,"featured_media":152577,"comment_status":"","ping_status":"","sticky":false,"template":"","format":"standard","meta":{"footnotes":""},"categories":[268],"tags":[168,25,24,280,282,281,23,167],"class_list":{"0":"post-152576","1":"post","2":"type-post","3":"status-publish","4":"format-standard","5":"has-post-thumbnail","7":"category-futbol","8":"tag-deportes","9":"tag-es","10":"tag-espana","11":"tag-football","12":"tag-futbol","13":"tag-soccer","14":"tag-spain","15":"tag-sports"},"share_on_mastodon":{"url":"","error":""},"_links":{"self":[{"href":"https:\/\/www.europesays.com\/es\/wp-json\/wp\/v2\/posts\/152576","targetHints":{"allow":["GET"]}}],"collection":[{"href":"https:\/\/www.europesays.com\/es\/wp-json\/wp\/v2\/posts"}],"about":[{"href":"https:\/\/www.europesays.com\/es\/wp-json\/wp\/v2\/types\/post"}],"author":[{"embeddable":true,"href":"https:\/\/www.europesays.com\/es\/wp-json\/wp\/v2\/users\/2"}],"replies":[{"embeddable":true,"href":"https:\/\/www.europesays.com\/es\/wp-json\/wp\/v2\/comments?post=152576"}],"version-history":[{"count":0,"href":"https:\/\/www.europesays.com\/es\/wp-json\/wp\/v2\/posts\/152576\/revisions"}],"wp:featuredmedia":[{"embeddable":true,"href":"https:\/\/www.europesays.com\/es\/wp-json\/wp\/v2\/media\/152577"}],"wp:attachment":[{"href":"https:\/\/www.europesays.com\/es\/wp-json\/wp\/v2\/media?parent=152576"}],"wp:term":[{"taxonomy":"category","embeddable":true,"href":"https:\/\/www.europesays.com\/es\/wp-json\/wp\/v2\/categories?post=152576"},{"taxonomy":"post_tag","embeddable":true,"href":"https:\/\/www.europesays.com\/es\/wp-json\/wp\/v2\/tags?post=152576"}],"curies":[{"name":"wp","href":"https:\/\/api.w.org\/{rel}","templated":true}]}}