{"id":152582,"date":"2025-10-02T11:08:19","date_gmt":"2025-10-02T11:08:19","guid":{"rendered":"https:\/\/www.europesays.com\/es\/152582\/"},"modified":"2025-10-02T11:08:19","modified_gmt":"2025-10-02T11:08:19","slug":"antonio-mercero-desafia-a-las-leyes-del-marketing-con-esta-lloviendo-y-te-quiero","status":"publish","type":"post","link":"https:\/\/www.europesays.com\/es\/152582\/","title":{"rendered":"Antonio Mercero desaf\u00eda a las leyes del marketing con \u2018Est\u00e1 lloviendo y te quiero\u2019"},"content":{"rendered":"<p class=\"\"><b>Todo parte de un reloj<\/b> que, por cierto, sigue a la venta en Wallapop. Se trata de una pieza realizada por Ram\u00f3n Mercero, tatarabuelo del <b>Antonio Mercero<\/b>, quien se ha apoyado en \u00e9l para <b>construir <\/b><b>Est\u00e1 lloviendo y te quiero<\/b><b> (Planeta, a la venta desde hoy, 1 de octubre), su primera historia en solitario despu\u00e9s del \u00e9xito obtenido bajo el paraguas de Carmen Mola<\/b>, junto Jorge D\u00edaz y Agust\u00edn Mart\u00ednez. <\/p>\n<p class=\"\">Desafiando las leyes del marketing y sin repetir la f\u00f3rmula de Carmen Mola, la suya es una novela \u00e9pica e \u00edntima a la vez que bebe de su propia historia familiar para tejer un emocionante viaje por la memoria personal y colectiva. A trav\u00e9s de un antiguo reloj de pared bautizado como El Incomprendido, que guarda un misterioso mensaje \u2014\u201cEst\u00e1 lloviendo y te quiero\u201d\u2014, <b>Mercero reconstruye el destino de la familia Yarza, cuatro generaciones marcadas por la Guerra Civil, la posguerra, el franquismo y la transici\u00f3n<\/b>. Un relato cargado de emoci\u00f3n y verdad que muestra c\u00f3mo los secretos, las pasiones y las renuncias del pasado siguen resonando en nuestro presente.<\/p>\n<p class=\"\">Y es que Mercero confiesa en la presentaci\u00f3n en Madrid haber querido alejarse \u201cpor un rato\u201d de Carmen Mola, un poco m\u00e1s incluso que sus dos compa\u00f1eros en sus respectivas obras publicadas este a\u00f1o. \u201c<b>El t\u00edtulo est\u00e1 ya en las ant\u00edpodas de Carmen Mola.<\/b> Es el <b>t\u00edtulo de un guion in\u00e9dito de mi padre<\/b> [el cineasta Antonio Mercero]. Le pes\u00f3 mucho no sacar adelante ese guion. Es un <b>homenaje<\/b> que yo al menos d\u00e9 a conocer un poquito esta historia\u201d.<\/p>\n<p><img decoding=\"async\" src=\"https:\/\/www.europesays.com\/es\/wp-content\/uploads\/2025\/10\/AFPQHY6O7NA57AM5ZMASRHPXQI.jpg\" alt=\"\" class=\"mm__img\"   width=\"4480\" height=\"6720\" loading=\"lazy\"\/><\/p>\n<p>Ampliar<\/p>\n<p class=\"\">Sin embargo, tambi\u00e9n hay espacio para la intriga, que aparece enseguida y gira en torno a esa frase que est\u00e1 alojada en el mecanismo del reloj. Entre la ficci\u00f3n y la historia familiar, ese mensaje se encontrar\u00eda en una pieza que \u00e9l vio de su tatarabuelo a la venta en Wallapop (en el libro se salta una generaci\u00f3n y es su bisabuelo). <b>\u201cRegate\u00e9 y fui un rato al no comprarlo. Pero se me qued\u00f3 alojado en la cabeza\u201d<\/b>, y entonces sigui\u00f3 el consejo de su editora: \u201cBusca una historia que puedas escribir con las tripas\u201d.<\/p>\n<p class=\"\">Y <b>de ah\u00ed parti\u00f3, de Lasarte como un \u201clugar m\u00e1gico\u201d<\/b>, alojamiento de reyes y arist\u00f3cratas al lado de Oria, nido de comunista. Desde esa localidad, busca contar la historia de una familia y tambi\u00e9n de su contexto seg\u00fan pasan las generaciones. \u201cLa clave de esta historia est\u00e1 contada desde esta aldea. <b>Espero que haga de caja de resonancia del pa\u00eds entero<\/b>\u201d.<\/p>\n<p class=\"\">Lasarte es el pueblo de su padre, y Valladolid, por donde tambi\u00e9n transcurre la historia, all\u00ed donde este fue a estudiar y conoci\u00f3 a su madre. Un <b>c\u00famulo de lugares y relatos que dan como resultado una narraci\u00f3n cargada de emociones<\/b>: \u201cLa sent\u00eda muy personal\u201d, confiesa.<\/p>\n<p class=\"\">Posdata: <b>para los amantes de Carmen<\/b>, el tr\u00edo est\u00e1 trabajando en algo para el pr\u00f3ximo a\u00f1o, 2026.<\/p>\n<p>Noticias relacionadas<a href=\"https:\/\/as.com\/meristation\/libros\/vicente-valles-se-pasa-a-la-novela-el-periodista-publica-la-caza-del-ejecutor-n\/\" class=\"mm__wr\" title=\"El 1 de octubre saldr\u00e1 a la venta este \u2018thriller\u2019 de espionaje que lleva la firma del presentador del informativo nocturno de Antena 3. \" data-tb-link=\"\" rel=\"nofollow noopener\" target=\"_blank\"><img decoding=\"async\" src=\"https:\/\/www.europesays.com\/es\/wp-content\/uploads\/2025\/10\/V4UYO3FC35F5HIFKZ24HUWB3HQ.jpg\" alt=\"Vicente Vall\u00e9s tiene nueva novela: el periodista publica \u2018La caza del ejecutor\u2019\" class=\"mm__img\" height=\"9\" width=\"16\"   loading=\"lazy\" data-tb-thumbnail=\"\"\/><\/a><a href=\"https:\/\/as.com\/meristation\/libros\/vuelve-john-boyne-el-aclamado-autor-de-el-nino-con-el-pijama-de-rayas-la-ia-nunca-reemplazara-la-imaginacion-de-un-ser-humano-n\/\" class=\"mm__wr\" title=\"El escritor acaba de publicar \u2018Una escalera hacia el cielo\u2019, una novela ambientada en el mundo editorial con una mirada mordaz hacia lo que significa la gloria literaria.\" data-tb-link=\"\" rel=\"nofollow noopener\" target=\"_blank\"><img decoding=\"async\" src=\"https:\/\/www.europesays.com\/es\/wp-content\/uploads\/2025\/10\/3VQSU6NBQZFALG7HVO2QMORKJU.jpeg\" alt=\"Vuelve John Boyne, el aclamado autor de \u2018El ni\u00f1o con el pijama de rayas\u2019: \u201cLa IA nunca reemplazar\u00e1 la imaginaci\u00f3n de un ser humano\u201d\" class=\"mm__img\" height=\"9\" width=\"16\"   loading=\"lazy\" data-tb-thumbnail=\"\"\/><\/a><\/p>\n<p class=\"\">Suscr\u00edbete al <a href=\"https:\/\/www.youtube.com\/@meristation\" target=\"_self\" rel=\"nofollow noopener\" title=\"https:\/\/www.youtube.com\/@meristation\">canal de MeriStation en YouTube<\/a>, tu web de videojuegos y entretenimiento para conocer todas las noticias y novedades sobre el mundo del videojuego, cine, series, manga y anime. An\u00e1lisis, entrevistas, tr\u00e1ileres, gameplays, p\u00f3dcast y mucho m\u00e1s. Tambi\u00e9n te animamos a seguir <a href=\"https:\/\/www.tiktok.com\/@meristation\" rel=\"nofollow noopener\" title=\"https:\/\/www.tiktok.com\/@meristation\" target=\"_blank\">nuestra cuenta de TikTok<\/a>. <\/p>\n<p class=\"\">\u00a1S\u00edguenos en ambas y, si est\u00e1s interesado en licenciar este contenido, pincha <a href=\"https:\/\/profesional.elpais.com\/soluciones-sindicacion?utm_medium=interno&amp;utm_source=crosslinking&amp;utm_campaign=sindicacion_as_pie_articulos\" target=\"_blank\" rel=\"nofollow noopener\" title=\"https:\/\/profesional.elpais.com\/soluciones-sindicacion?utm_medium=interno&amp;utm_source=crosslinking&amp;utm_campaign=sindicacion_as_pie_articulos\">aqu\u00ed<\/a>!<\/p>\n<p><script async src=\"\/\/www.tiktok.com\/embed.js\"><\/script><\/p>\n","protected":false},"excerpt":{"rendered":"Todo parte de un reloj que, por cierto, sigue a la venta en Wallapop. Se trata de una&hellip;\n","protected":false},"author":2,"featured_media":152583,"comment_status":"","ping_status":"","sticky":false,"template":"","format":"standard","meta":{"footnotes":""},"categories":[172],"tags":[224,146,147,25,24,225,23],"class_list":{"0":"post-152582","1":"post","2":"type-post","3":"status-publish","4":"format-standard","5":"has-post-thumbnail","7":"category-libros","8":"tag-books","9":"tag-entertainment","10":"tag-entretenimiento","11":"tag-es","12":"tag-espana","13":"tag-libros","14":"tag-spain"},"share_on_mastodon":{"url":"","error":""},"_links":{"self":[{"href":"https:\/\/www.europesays.com\/es\/wp-json\/wp\/v2\/posts\/152582","targetHints":{"allow":["GET"]}}],"collection":[{"href":"https:\/\/www.europesays.com\/es\/wp-json\/wp\/v2\/posts"}],"about":[{"href":"https:\/\/www.europesays.com\/es\/wp-json\/wp\/v2\/types\/post"}],"author":[{"embeddable":true,"href":"https:\/\/www.europesays.com\/es\/wp-json\/wp\/v2\/users\/2"}],"replies":[{"embeddable":true,"href":"https:\/\/www.europesays.com\/es\/wp-json\/wp\/v2\/comments?post=152582"}],"version-history":[{"count":0,"href":"https:\/\/www.europesays.com\/es\/wp-json\/wp\/v2\/posts\/152582\/revisions"}],"wp:featuredmedia":[{"embeddable":true,"href":"https:\/\/www.europesays.com\/es\/wp-json\/wp\/v2\/media\/152583"}],"wp:attachment":[{"href":"https:\/\/www.europesays.com\/es\/wp-json\/wp\/v2\/media?parent=152582"}],"wp:term":[{"taxonomy":"category","embeddable":true,"href":"https:\/\/www.europesays.com\/es\/wp-json\/wp\/v2\/categories?post=152582"},{"taxonomy":"post_tag","embeddable":true,"href":"https:\/\/www.europesays.com\/es\/wp-json\/wp\/v2\/tags?post=152582"}],"curies":[{"name":"wp","href":"https:\/\/api.w.org\/{rel}","templated":true}]}}