{"id":152594,"date":"2025-10-02T11:14:08","date_gmt":"2025-10-02T11:14:08","guid":{"rendered":"https:\/\/www.europesays.com\/es\/152594\/"},"modified":"2025-10-02T11:14:08","modified_gmt":"2025-10-02T11:14:08","slug":"ana-mena-sorprende-con-una-foto-desnuda-en-instagram-y-un-importante-anuncio","status":"publish","type":"post","link":"https:\/\/www.europesays.com\/es\/152594\/","title":{"rendered":"Ana Mena sorprende con una foto desnuda en Instagram y un importante anuncio"},"content":{"rendered":"<p class=\"v-mdl-ath__p v-mdl-ath__p--6\">\nJueves, 2 de octubre 2025, 12:44<\/p>\n<p>| Actualizado 12:51h.<\/p>\n<p class=\"v-p\">Ana Mena ha sorprendido este jueves con una fotograf\u00eda desnuda en su perfil de Instagram. La cantante malague\u00f1a ha compartido una imagen con una sugerente pose en la que aparece de perfil y sin ropa, acompa\u00f1ada de una carta en la que reflexiona sobre sus sentimientos y su trayectoria musical.<\/p>\n<p class=\"v-p\">\u00abHe so\u00f1ado toda mi vida con la m\u00fasica, con cantar, y he luchado por hacerme con un huequito en lo que m\u00e1s me apasiona desde que era una ni\u00f1a. En los \u00faltimos nueve a\u00f1os, he trabajado sin descanso, y no he parado de dejarme la vida en esto porque me encanta lo que hago. Con sus momentos maravillosos y sus \u00e9pocas duras\u00bb, comienza diciendo la artista.<\/p>\n<p class=\"v-p\">La cantante, actual pareja de \u00d3scar Casas, se ha sincerado con sus 14 millones de seguidores en Instagram y ha confesado que necesitaba parar. A sus 28 a\u00f1os, atraviesa por el mejor momento de su carrera y el \u00faltimo a\u00f1o ha sido especialmente importante para ella, pero el \u00e9xito a veces juega malas pasadas. Sin embargo, ha visto la necesidad de ponerle freno y descansar de cara a preparar su pr\u00f3ximo \u00e1lbum. \u00abA\u00fan no s\u00e9 qu\u00e9 color tendr\u00e1 ni c\u00f3mo lo vamos a vestir, pero lo que s\u00ed s\u00e9 es que va a ser m\u00e1s aut\u00e9ntico y m\u00e1s de verdad que nunca y que no veo la hora de que pod\u00e1is conocerme m\u00e1s a trav\u00e9s de todas las letras\u00bb, ha se\u00f1alado.<\/p>\n<p class=\"v-p\">La int\u00e9rprete de \u00e9xitos como &#8216;A un paso de la luna&#8217; o &#8216;M\u00fasica ligera&#8217; asegura que ha vivido un \u00aba\u00f1o agotador\u00bb, lo que le ha pasado factura tanto a nivel f\u00edsico como mental. \u00abY de repente, necesitaba respirar\u00bb. \u00abTener tiempo para ver a mis padres, pasar semanas largas en casa, irme de viaje, escribir canciones sin presi\u00f3n ni prisas, encontrar lo que me gusta, probar, borrar, empezar otro tema, estar con amigos, tener vacaciones, tener vida de persona, volverme a enamorar&#8230; No sab\u00e9is cu\u00e1nto lo necesitaba, me encontraba realmente agotado\u00bb, ha escrito.<\/p>\n<p>Reporta un error<\/p>\n","protected":false},"excerpt":{"rendered":"Jueves, 2 de octubre 2025, 12:44 | Actualizado 12:51h. Ana Mena ha sorprendido este jueves con una fotograf\u00eda&hellip;\n","protected":false},"author":2,"featured_media":152595,"comment_status":"","ping_status":"","sticky":false,"template":"","format":"standard","meta":{"footnotes":""},"categories":[91],"tags":[683,28395,146,147,25,24,19676,4536,4718,28018,22248,6924,23],"class_list":{"0":"post-152594","1":"post","2":"type-post","3":"status-publish","4":"format-standard","5":"has-post-thumbnail","7":"category-entretenimiento","8":"tag-ana","9":"tag-desnuda","10":"tag-entertainment","11":"tag-entretenimiento","12":"tag-es","13":"tag-espana","14":"tag-foto","15":"tag-instagram","16":"tag-mario-casas","17":"tag-mena","18":"tag-oscar-casas","19":"tag-sorprende","20":"tag-spain"},"share_on_mastodon":{"url":"","error":""},"_links":{"self":[{"href":"https:\/\/www.europesays.com\/es\/wp-json\/wp\/v2\/posts\/152594","targetHints":{"allow":["GET"]}}],"collection":[{"href":"https:\/\/www.europesays.com\/es\/wp-json\/wp\/v2\/posts"}],"about":[{"href":"https:\/\/www.europesays.com\/es\/wp-json\/wp\/v2\/types\/post"}],"author":[{"embeddable":true,"href":"https:\/\/www.europesays.com\/es\/wp-json\/wp\/v2\/users\/2"}],"replies":[{"embeddable":true,"href":"https:\/\/www.europesays.com\/es\/wp-json\/wp\/v2\/comments?post=152594"}],"version-history":[{"count":0,"href":"https:\/\/www.europesays.com\/es\/wp-json\/wp\/v2\/posts\/152594\/revisions"}],"wp:featuredmedia":[{"embeddable":true,"href":"https:\/\/www.europesays.com\/es\/wp-json\/wp\/v2\/media\/152595"}],"wp:attachment":[{"href":"https:\/\/www.europesays.com\/es\/wp-json\/wp\/v2\/media?parent=152594"}],"wp:term":[{"taxonomy":"category","embeddable":true,"href":"https:\/\/www.europesays.com\/es\/wp-json\/wp\/v2\/categories?post=152594"},{"taxonomy":"post_tag","embeddable":true,"href":"https:\/\/www.europesays.com\/es\/wp-json\/wp\/v2\/tags?post=152594"}],"curies":[{"name":"wp","href":"https:\/\/api.w.org\/{rel}","templated":true}]}}