{"id":152612,"date":"2025-10-02T11:26:09","date_gmt":"2025-10-02T11:26:09","guid":{"rendered":"https:\/\/www.europesays.com\/es\/152612\/"},"modified":"2025-10-02T11:26:09","modified_gmt":"2025-10-02T11:26:09","slug":"sainz-rebaja-expectativas-para-singapur-y-habla-de-uno-de-sus-momentos-mas-duros","status":"publish","type":"post","link":"https:\/\/www.europesays.com\/es\/152612\/","title":{"rendered":"Sainz rebaja expectativas para Singapur y habla de uno de sus \u00abmomentos m\u00e1s duros\u00bb"},"content":{"rendered":"<p>            <img decoding=\"async\" width=\"1200\" height=\"801\" src=\"https:\/\/www.europesays.com\/es\/wp-content\/uploads\/2025\/10\/11906.jpg\" class=\"attachment-full size-full wp-post-image\" alt=\"\" loading=\"lazy\"\/><\/p>\n<p style=\"display:none\">Sainz rebaja expectativas para Singapur y habla de uno de sus \u00abmomentos m\u00e1s duros\u00bb<\/p>\n<p style=\"display:none\">Carlos Sainz llega al Gran Premio de Singapur con m\u00e1xima motivaci\u00f3n despu\u00e9s de su inesperado podio en el Gran Premio de Azerbaiy\u00e1n, un subid\u00f3n de moral tanto en lo personal como en lo colectivo c&#8230;<\/p>\n<p>\n            Carlos Sainz llega al Gran Premio de Singapur con m\u00e1xima motivaci\u00f3n despu\u00e9s de su inesperado podio en el Gran Premio de Azerbaiy\u00e1n, un subid\u00f3n de moral tanto en lo personal como en lo colectivo como equipo, que adem\u00e1s confirm\u00f3 que las buenas sensaciones del madrile\u00f1o simplemente se estaban frenando por problemas de fiabilidad y errores mayormente fuera de su control.<br \/>Sin embargo, el &#8230;<a class=\"more\" href=\"https:\/\/es.motorsport.com\/f1\/news\/sainz-declaraciones-jueves-singapur-2025\/10764024\/?utm_source=RSS&amp;utm_medium=referral&amp;utm_campaign=RSS-ALL&amp;utm_term=News&amp;utm_content=es\" rel=\"nofollow noopener\" target=\"_blank\">Sigue leyendo<\/a><\/p>\n<p>Fuente: <a target=\"_blank\" href=\"https:\/\/es.motorsport.com\/f1\/news\/sainz-declaraciones-jueves-singapur-2025\/10764024\/?utm_source=RSS&amp;utm_medium=referral&amp;utm_campaign=RSS-ALL&amp;utm_term=News&amp;utm_content=es\" rel=\"nofollow noopener\">https:\/\/es.motorsport.com\/f1\/news\/sainz-declaraciones-jueves-singapur-2025\/10764024\/?utm_source=RSS&amp;utm_medium=referral&amp;utm_campaign=RSS-ALL&amp;utm_term=News&amp;utm_content=es<\/a><\/p>\n","protected":false},"excerpt":{"rendered":"Sainz rebaja expectativas para Singapur y habla de uno de sus \u00abmomentos m\u00e1s duros\u00bb Carlos Sainz llega al&hellip;\n","protected":false},"author":2,"featured_media":152613,"comment_status":"","ping_status":"","sticky":false,"template":"","format":"standard","meta":{"footnotes":""},"categories":[270],"tags":[168,25,24,306,271,272,23,167],"class_list":{"0":"post-152612","1":"post","2":"type-post","3":"status-publish","4":"format-standard","5":"has-post-thumbnail","7":"category-formula-1","8":"tag-deportes","9":"tag-es","10":"tag-espana","11":"tag-f1","12":"tag-formula-1","13":"tag-formula1","14":"tag-spain","15":"tag-sports"},"share_on_mastodon":{"url":"","error":""},"_links":{"self":[{"href":"https:\/\/www.europesays.com\/es\/wp-json\/wp\/v2\/posts\/152612","targetHints":{"allow":["GET"]}}],"collection":[{"href":"https:\/\/www.europesays.com\/es\/wp-json\/wp\/v2\/posts"}],"about":[{"href":"https:\/\/www.europesays.com\/es\/wp-json\/wp\/v2\/types\/post"}],"author":[{"embeddable":true,"href":"https:\/\/www.europesays.com\/es\/wp-json\/wp\/v2\/users\/2"}],"replies":[{"embeddable":true,"href":"https:\/\/www.europesays.com\/es\/wp-json\/wp\/v2\/comments?post=152612"}],"version-history":[{"count":0,"href":"https:\/\/www.europesays.com\/es\/wp-json\/wp\/v2\/posts\/152612\/revisions"}],"wp:featuredmedia":[{"embeddable":true,"href":"https:\/\/www.europesays.com\/es\/wp-json\/wp\/v2\/media\/152613"}],"wp:attachment":[{"href":"https:\/\/www.europesays.com\/es\/wp-json\/wp\/v2\/media?parent=152612"}],"wp:term":[{"taxonomy":"category","embeddable":true,"href":"https:\/\/www.europesays.com\/es\/wp-json\/wp\/v2\/categories?post=152612"},{"taxonomy":"post_tag","embeddable":true,"href":"https:\/\/www.europesays.com\/es\/wp-json\/wp\/v2\/tags?post=152612"}],"curies":[{"name":"wp","href":"https:\/\/api.w.org\/{rel}","templated":true}]}}