{"id":152614,"date":"2025-10-02T11:27:11","date_gmt":"2025-10-02T11:27:11","guid":{"rendered":"https:\/\/www.europesays.com\/es\/152614\/"},"modified":"2025-10-02T11:27:11","modified_gmt":"2025-10-02T11:27:11","slug":"valencia-basket-resultado-cronica-y-resumen-del-partido-de-euroliga","status":"publish","type":"post","link":"https:\/\/www.europesays.com\/es\/152614\/","title":{"rendered":"Valencia Basket: resultado, cr\u00f3nica y resumen del partido de Euroliga"},"content":{"rendered":"<p>El Valencia Basket es el \u00fanico equipo espa\u00f1ol que ha sumado una victoria en la primera jornada de la Euroliga. El conjunto taronja logr\u00f3 imponerse al Asvel Villeurbanne por <strong>77 a 80<\/strong> en un partido muy apretado en el que los de Pedro Mart\u00ednez gestionaron mejor los \u00faltimos minutos para llevarse el triunfo.<\/p>\n<p><a href=\"https:\/\/www.gigantes.com\/tienda\/ultimos-numeros\/guia-euroliga-2025-26-no-1-561b-octubre-2025\/\" rel=\"nofollow noopener\" target=\"_blank\">Hazte con tu Gu\u00eda de la Euroliga: disponible en formato digital o en papel<\/a><\/p>\n<p>La primera parte estuvo marcada por la igualdad con el Valencia Basket aguantando y teniendo ligeras ventajas en el primer cuarto gracias al acierto de Nate Reuvers, pero pagando sus errores en el segundo cuarto. Las p\u00e9rdidas (11) y la acumulaci\u00f3n de faltas personales evapor\u00f3 r\u00e1pidamente la ventaja taronja. El Asvel acab\u00f3 la segunda parte yendo a m\u00e1s y con una m\u00ednima ventaja en el marcador (35-34).<\/p>\n<blockquote class=\"twitter-tweet\">\n<p dir=\"ltr\" lang=\"es\">\ud83c\udfaf <a href=\"https:\/\/twitter.com\/NateSestina23?ref_src=twsrc%5Etfw\" rel=\"nofollow noopener\" target=\"_blank\">@NateSestina23<\/a> empieza a disparar.<\/p>\n<p>Valencia Basket anota tres triples seguidos para sacar ventaja.<a href=\"https:\/\/t.co\/4MJLrByACF\" rel=\"nofollow\">pic.twitter.com\/4MJLrByACF<\/a><\/p>\n<p>\u2014 Gigantes del Basket (@GIGANTESbasket) <a href=\"https:\/\/twitter.com\/GIGANTESbasket\/status\/1973459322706469325?ref_src=twsrc%5Etfw\" rel=\"nofollow noopener\" target=\"_blank\">October 1, 2025<\/a><\/p>\n<\/blockquote>\n<p>El intercambio de canastas se mantuvo durante buena parte de la segunda mitad con momentos de brillantez por parte de Asvel y del Valencia Basket sin que ninguno de los dos conjuntos lograse abrir brecha en el marcador entrando con empate a 71 en los \u00faltimos 4 minutos de juego. Un triple de Darius Thompson y un mate de Puerto pon\u00eda a Valencia Basket con +4 y r\u00e1pidamente el Asvel contestaba haciendo da\u00f1o en el rebote ofensivo. Los de Pedro Mart\u00ednez gestionaron mejor su corta renta en los instantes decisivos con dos tapones de Pradilla y el buen hacer de Omari Moore para estrenar la temporada en Euroliga con un triunfo por <strong>77 a 80<\/strong>.<\/p>\n<p><strong>Darius Thompson\u00a0<\/strong>termin\u00f3 el encuentro siendo el m\u00e1ximo anotador del Valencia Basket aunque el trabajo de Nate Reuvers con 13 puntos, 6 rebotes y 18 de valoraci\u00f3n fue clave en la primera mitad. Matt Costello firm\u00f3 un doble-doble (13 puntos y 10 rebotes) y el mejor de los taronjas en el partido fue <strong>Omari Moore con 12 puntos, 10 asistencias y 8 rebotes para 23 de valoraci\u00f3n<\/strong>.<\/p>\n<p>ASVEL vs Valencia Basket: Resultado y marcador de la Jornada 1 de Euroliga<\/p>\n<tr>\n<td><strong>Equipo<\/strong><\/td>\n<td><strong>1C<\/strong><\/td>\n<td><strong>2C<\/strong><\/td>\n<td><strong>3C<\/strong><\/td>\n<td><strong>4C<\/strong><\/td>\n<td><strong>Final<\/strong><\/td>\n<\/tr>\n<tr>\n<td>ASVEL<\/td>\n<td>18<\/td>\n<td>17<\/td>\n<td>26<\/td>\n<td>16<\/td>\n<td>77<\/td>\n<\/tr>\n<tr>\n<td>Valencia Basket<\/td>\n<td>19<\/td>\n<td>15<\/td>\n<td>26<\/td>\n<td>20<\/td>\n<td>80<\/td>\n<\/tr>\n<p style=\"text-align: right;\">Foto: Getty Images<\/p>\n<p><img decoding=\"async\" src=\"https:\/\/www.europesays.com\/es\/wp-content\/uploads\/2025\/10\/1759404428_829_mtracking.gif\" alt=\"Etiquetas de Mautic\" style=\"display:none;\"\/><\/p>\n<p><a href=\"https:\/\/www.gigantes.com\/tienda\/hemeroteca\/guia-de-la-liga-endesa-2025-26-no-1-560-septiembre-2025\/\" rel=\"nofollow noopener\" target=\"_blank\"><img loading=\"lazy\" decoding=\"async\" class=\"alignnone size-large wp-image-756436\" src=\"https:\/\/www.europesays.com\/es\/wp-content\/uploads\/2025\/09\/1759141930_498_WhatsApp-Image-2025-09-01-at-17.56.05-1024x1024.jpeg.webp.webp\" alt=\"\" width=\"680\" height=\"680\"  \/><\/a><\/p>\n<p>\t\t\t\t\t<img loading=\"lazy\" decoding=\"async\" src=\"https:\/\/www.europesays.com\/es\/wp-content\/uploads\/2025\/09\/1759141930_387_mano.png\" width=\"60\" height=\"60\" alt=\"Deliza hacia abajo\"\/>Sigue deslizando hacia abajo para ver m\u00e1s contenidos<\/p>\n<p>                <script async src=\"https:\/\/platform.twitter.com\/widgets.js\" charset=\"utf-8\"><\/script><\/p>\n","protected":false},"excerpt":{"rendered":"El Valencia Basket es el \u00fanico equipo espa\u00f1ol que ha sumado una victoria en la primera jornada de&hellip;\n","protected":false},"author":2,"featured_media":152615,"comment_status":"","ping_status":"","sticky":false,"template":"","format":"standard","meta":{"footnotes":""},"categories":[269],"tags":[46095,299,298,168,25,24,833,23,167,2916],"class_list":{"0":"post-152614","1":"post","2":"type-post","3":"status-publish","4":"format-standard","5":"has-post-thumbnail","7":"category-baloncesto","8":"tag-asvel","9":"tag-baloncesto","10":"tag-basketball","11":"tag-deportes","12":"tag-es","13":"tag-espana","14":"tag-euroliga","15":"tag-spain","16":"tag-sports","17":"tag-valencia-basket"},"share_on_mastodon":{"url":"","error":""},"_links":{"self":[{"href":"https:\/\/www.europesays.com\/es\/wp-json\/wp\/v2\/posts\/152614","targetHints":{"allow":["GET"]}}],"collection":[{"href":"https:\/\/www.europesays.com\/es\/wp-json\/wp\/v2\/posts"}],"about":[{"href":"https:\/\/www.europesays.com\/es\/wp-json\/wp\/v2\/types\/post"}],"author":[{"embeddable":true,"href":"https:\/\/www.europesays.com\/es\/wp-json\/wp\/v2\/users\/2"}],"replies":[{"embeddable":true,"href":"https:\/\/www.europesays.com\/es\/wp-json\/wp\/v2\/comments?post=152614"}],"version-history":[{"count":0,"href":"https:\/\/www.europesays.com\/es\/wp-json\/wp\/v2\/posts\/152614\/revisions"}],"wp:featuredmedia":[{"embeddable":true,"href":"https:\/\/www.europesays.com\/es\/wp-json\/wp\/v2\/media\/152615"}],"wp:attachment":[{"href":"https:\/\/www.europesays.com\/es\/wp-json\/wp\/v2\/media?parent=152614"}],"wp:term":[{"taxonomy":"category","embeddable":true,"href":"https:\/\/www.europesays.com\/es\/wp-json\/wp\/v2\/categories?post=152614"},{"taxonomy":"post_tag","embeddable":true,"href":"https:\/\/www.europesays.com\/es\/wp-json\/wp\/v2\/tags?post=152614"}],"curies":[{"name":"wp","href":"https:\/\/api.w.org\/{rel}","templated":true}]}}