{"id":152618,"date":"2025-10-02T11:29:09","date_gmt":"2025-10-02T11:29:09","guid":{"rendered":"https:\/\/www.europesays.com\/es\/152618\/"},"modified":"2025-10-02T11:29:09","modified_gmt":"2025-10-02T11:29:09","slug":"salgo-dos-o-tres-dias-a-la-semana-a-andar-a-buen-ritmo-unos-10-kilometros","status":"publish","type":"post","link":"https:\/\/www.europesays.com\/es\/152618\/","title":{"rendered":"Salgo dos o tres d\u00edas a la semana a andar a buen ritmo unos 10 kil\u00f3metros"},"content":{"rendered":"<p data-journey-content=\"true\" data-node-id=\"3\" class=\"css-6wxqfj emevuu60\"><strong data-node-id=\"3.0\">Nuria Roca<\/strong> sabe que<strong data-node-id=\"3.2\"> cuidarse f\u00edsicamente a partir de los 50 es indispensable<\/strong>, y es que el inicio de la <strong data-node-id=\"3.4\">madurez <\/strong>supone muchos <strong data-node-id=\"3.6\">cambios f\u00edsicos y hormonales<\/strong> que no se pueden pasar por alto, porque pasan factura: <strong data-node-id=\"3.8\">disminuci\u00f3n de la densidad de los huesos, p\u00e9rdida de masa muscular y menor producci\u00f3n de estr\u00f3genos<\/strong> hacen que el cuerpo empiece ya con los <strong data-node-id=\"3.10\">primeros achaques<\/strong>, que hay que atajar cuanto antes si no queremos que den mayores problemas en un<strong data-node-id=\"3.12\"> futuro no muy lejano<\/strong>. Ella tiene su propio secreto para estar en forma a sus <strong data-node-id=\"3.14\">53 a\u00f1os,<\/strong> pero no es la \u00fanica. La experta en deporte aplicado a la mejora de la salud en mujeres<strong data-node-id=\"3.16\"> Tina Tang<\/strong> -de 54 a\u00f1os-, es una <a href=\"https:\/\/www.diezminutos.es\/salud-bienestar\/a68144374\/consejos-fortalecer-musculos-a-partir-50-anos-experta-entrenadora-personal\/\" target=\"_blank\" data-vars-ga-outbound-link=\"https:\/\/www.diezminutos.es\/salud-bienestar\/a68144374\/consejos-fortalecer-musculos-a-partir-50-anos-experta-entrenadora-personal\/\" data-vars-ga-ux-element=\"Hyperlink\" data-vars-ga-call-to-action=\"gran defensora de los ejercicios de fuerza a partir de los 50\" data-node-id=\"3.18\" class=\"body-link css-177bzfx emevuu60\" rel=\"nofollow noopener\"><strong data-node-id=\"3.18.0\">g<\/strong><strong data-node-id=\"3.18.1\">ran defensora de los ejercicios de fuerza a partir de los 50<\/strong><\/a>, pero tambi\u00e9n de cualquier tipo de ejercicio en general: \u00ab<strong data-node-id=\"3.20\">No necesitas un gimnasio ni equipos sofisticados<\/strong>\u00ab, se\u00f1ala.<\/p>\n<p><img draggable=\"true\" alt=\"nuria roca y su marido, juan del val, son muy fans de salir a caminar varios kilometros diarios por los alrededores de su casa en madrid\" title=\"Nuria Roca y su marido, Juan del Val, son muy fans de salir a caminar varios kilometros diarios por los alrededores de su casa en Madrid\" loading=\"lazy\" width=\"3000\" height=\"4559\" decoding=\"async\" data-nimg=\"1\" style=\"color:transparent;width:100%;height:auto;\"   src=\"https:\/\/www.europesays.com\/es\/wp-content\/uploads\/2025\/10\/nuria-roca-juan-del-val-deporte-68de29e04e9ee.jpg\" class=\"css-0 e1g79fud0\"\/>Gtres<\/p>\n<p>Nuria Roca y su marido, Juan del Val, son muy fans de salir a caminar varios kil\u00f3metros diarios por los alrededores de su casa en Madrid.<\/p>\n<p data-journey-content=\"true\" data-node-id=\"7\" class=\"css-6wxqfj emevuu60\">A la presentadora de &#8216;La Roca&#8217; y colaboradora de &#8216;<a href=\"https:\/\/www.diezminutos.es\/el-hormiguero\/\" target=\"_blank\" data-vars-ga-outbound-link=\"https:\/\/www.diezminutos.es\/el-hormiguero\/\" data-vars-ga-ux-element=\"Hyperlink\" data-vars-ga-call-to-action=\"El Hormiguero\" data-node-id=\"7.1\" class=\"body-link css-177bzfx emevuu60\" rel=\"nofollow noopener\">El Hormiguero<\/a>&#8216; una de las cosas que m\u00e1s le gusta es <strong data-node-id=\"7.3\">salir a caminar por la naturaleza<\/strong>, y desde hace unos a\u00f1os, gracias a que vive en el campo,<strong data-node-id=\"7.5\"> <a href=\"https:\/\/www.diezminutos.es\/famosos-corazon\/famosos-espanoles\/a45096410\/nuria-roca-secreto-estar-en-forma-caminar\/\" target=\"_blank\" data-vars-ga-outbound-link=\"https:\/\/www.diezminutos.es\/famosos-corazon\/famosos-espanoles\/a45096410\/nuria-roca-secreto-estar-en-forma-caminar\/\" data-vars-ga-ux-element=\"Hyperlink\" data-vars-ga-call-to-action=\"ha cogido la rutina de calzarse las zapatillas, ponerse ropa c\u00f3moda y andar\" data-node-id=\"7.5.1\" class=\"body-link css-177bzfx emevuu60\" rel=\"nofollow noopener\">ha cogido la rutina de calzarse las zapatillas, ponerse ropa c\u00f3moda y andar<\/a><\/strong>. De hecho, ya hace tiempo cont\u00f3 orgullosa que estaba saliendo \u00ab4 d\u00edas a las semana, 1 hora, a hacer 6 \u00f3 7 kil\u00f3metros\u00bb, y ahora <strong data-node-id=\"7.7\">esa rutina la ha optimizado<\/strong>, porque ya no necesita 4 d\u00edas: actualmente ha confesado que <strong data-node-id=\"7.9\">s<\/strong><strong data-node-id=\"7.10\">ale \u00fanicamente \u00ab2 \u00f3 3\u00bb<\/strong>, pero porque ha mejorado su capacidad de aguante: <strong data-node-id=\"7.12\">\u00abA buen ritmo, unos 10 km\u00bb<\/strong>, ha confesado, algo que ahora <strong data-node-id=\"7.14\">compagina con pilates,<\/strong> otra disciplina tambi\u00e9n <a href=\"https:\/\/www.diezminutos.es\/moda-belleza\/belleza\/a66138679\/recuperar-piel-silueta-septiembre-consejos-experta-belleza-de-cuca-miquel\/\" target=\"_blank\" data-vars-ga-outbound-link=\"https:\/\/www.diezminutos.es\/moda-belleza\/belleza\/a66138679\/recuperar-piel-silueta-septiembre-consejos-experta-belleza-de-cuca-miquel\/\" data-vars-ga-ux-element=\"Hyperlink\" data-vars-ga-call-to-action=\"muy recomendada para mujeres a partir de los 50 a\u00f1os por expertas como Cuca Miquel\" data-node-id=\"7.16\" class=\"body-link css-177bzfx emevuu60\" rel=\"nofollow noopener\"><strong data-node-id=\"7.16.0\">muy recomendada<\/strong> para mujeres a partir de los 50 a\u00f1os por expertas como Cuca Miquel<\/a>: \u00ab<strong data-node-id=\"7.18\">Hago dos d\u00edas de pilates, que me vienen muy bien para estirar el cuerpo y sentirme m\u00e1s \u00e1gil<\/strong>\u00ab.<\/p>\n<p>Beneficios de andar 10 kil\u00f3metros diarios: \u00bfcu\u00e1ntas calor\u00edas se queman caminando?<\/p>\n<p data-journey-content=\"true\" data-node-id=\"11\" class=\"css-6wxqfj emevuu60\">Como dice la entrenadora personal Tina Tang, <strong data-node-id=\"11.1\">no es necesario apuntarse a un gimnasio ni tener material<\/strong> para poder mantenerse m\u00ednimamente en forma. Ya s\u00f3lo <strong data-node-id=\"11.3\">caminando 10 kil\u00f3metros diarios a buen ritmo<\/strong> (es decir, que no haga sudar un poquito), como hace Nuria Roca, <strong data-node-id=\"11.5\">se pueden quemar entre 500 y 700 calor\u00edas<\/strong>. Adem\u00e1s, andar tiene multitud de <strong data-node-id=\"11.7\">beneficios <\/strong>para la salud cardiovascular, <strong data-node-id=\"11.9\">fortalece m\u00fasculos y huesos, reduce el estr\u00e9s<\/strong><strong data-node-id=\"11.10\"> y la ansiedad<\/strong> -mejorando, as\u00ed, el estado de \u00e1nimo al segregar serotonina y las funciones cerebrales-, y, a pesar de que cansa, tambi\u00e9n <strong data-node-id=\"11.12\">mejora los niveles de energ\u00eda<\/strong>, por lo que hacerlo por la ma\u00f1ana te activar\u00e1 para el resto del d\u00eda. Incluso ayuda a <strong data-node-id=\"11.14\">controlar la hipertensi\u00f3n<\/strong> y a <strong data-node-id=\"11.16\">prevenir enfermedades cr\u00f3nicas<\/strong>, como la diabetes tipo 2.<\/p>\n<p data-journey-content=\"true\" data-node-id=\"15\" class=\"css-6wxqfj emevuu60\">Eso s\u00ed, lo indispensable, adem\u00e1s ropa deportiva c\u00f3moda que permita movimientos sin esfuerzo, son unas <strong data-node-id=\"15.1\">buenas zapatillas para no causar da\u00f1os en los pies<\/strong>, y ya te adelanto que <strong data-node-id=\"15.3\">no hace falta gastarse mucho dinero<\/strong>. Algunas est\u00e1n hechas espec\u00edficamente para caminar largas distancias al estar hechas de <strong data-node-id=\"15.5\">materiales flexibles, transpirables y ligeros<\/strong>, sin demasiadas costuras para <strong data-node-id=\"15.7\">evitar las rozaduras,<\/strong> como estas <strong data-node-id=\"15.9\">Skechers Summit<\/strong>, que ahora est\u00e1n<strong data-node-id=\"15.11\"> r<\/strong><strong data-node-id=\"15.12\">ebajadas un 37% en Amazon<\/strong>, de 69,95\u20ac a 43,95\u20ac.<\/p>\n<p>Skechers Zapatillas de deporte para mujer de malla Summit, color negro<\/p>\n<p><a target=\"_blank\" rel=\"nofollow noopener\" data-theme-key=\"product-image-wrapper\" href=\"https:\/\/www.amazon.es\/dp\/B07LGB98MP?tag=diezminutosspain-21\" aria-label=\"44\u00a0\u20ac en Amazon for Zapatillas de deporte para mujer de malla Summit, color negro\" data-href=\"https:\/\/www.amazon.es\/dp\/B07LGB98MP\" data-product-url=\"https:\/\/www.amazon.es\/dp\/B07LGB98MP\" data-affiliate=\"true\" data-affiliate-url=\"https:\/\/www.amazon.es\/dp\/B07LGB98MP?tag=diezminutosspain-21\" data-affiliate-network=\"{&quot;site_id&quot;:&quot;b22e688a-7e22-416b-81d8-c6bfbd6717c5&quot;,&quot;metadata&quot;:{&quot;links&quot;:{&quot;default&quot;:&quot;https:\/\/www.amazon.es\/dp\/B07LGB98MP?tag=diezminutosspain-21&quot;}},&quot;network&quot;:{&quot;name&quot;:&quot;Amazon&quot;},&quot;product_metadata&quot;:null,&quot;afflink_redirect&quot;:&quot;\/_p\/afflink\/yLtm\/amazon-skechers-summits-zapatillas-de-deporte&quot;}\" data-vars-ga-call-to-action=\"44\u00a0\u20ac en Amazon\" data-vars-ga-media-role=\"\" data-vars-ga-media-type=\"Single Product Embed\" data-vars-ga-outbound-link=\"https:\/\/www.amazon.es\/dp\/B07LGB98MP\" data-vars-ga-product-brand=\"Skechers\" data-vars-ga-product-id=\"01e8564d-6b78-4a3a-81f4-f349d0d2041d\" data-vars-ga-product-price=\"43,95\u00a0\u20ac\" data-vars-ga-product-retailer-id=\"8d664440-c80e-45dd-8b3b-406ad7d670f3\" data-vars-ga-product-sem3-brand=\"Skechers\" data-vars-ga-link-treatment=\"sale | (not set)\" data-vars-ga-sku=\"B07LGB98MP\" data-vars-ga-magento-tracking=\"1\" class=\"product-image-link ebgq4gw2 e1b8bpvs0 css-1b9n4r1 e1c1bym14\"><img  alt=\"Zapatillas de deporte para mujer de malla Summit, color negro\" title=\"Zapatillas de deporte para mujer de malla Summit, color negro\" src=\"https:\/\/www.europesays.com\/es\/wp-content\/uploads\/2025\/10\/1684765426-71rgoVXpuvL.jpg\" width=\"2034\" height=\"1226\" decoding=\"async\" loading=\"lazy\"\/><\/a><\/p>\n","protected":false},"excerpt":{"rendered":"Nuria Roca sabe que cuidarse f\u00edsicamente a partir de los 50 es indispensable, y es que el inicio&hellip;\n","protected":false},"author":2,"featured_media":152619,"comment_status":"","ping_status":"","sticky":false,"template":"","format":"standard","meta":{"footnotes":""},"categories":[174],"tags":[1655,255,253,146,147,25,24,256,23],"class_list":{"0":"post-152618","1":"post","2":"type-post","3":"status-publish","4":"format-standard","5":"has-post-thumbnail","7":"category-famosos","8":"tag-afiliacion","9":"tag-celebrities","10":"tag-discover","11":"tag-entertainment","12":"tag-entretenimiento","13":"tag-es","14":"tag-espana","15":"tag-famosos","16":"tag-spain"},"share_on_mastodon":{"url":"","error":""},"_links":{"self":[{"href":"https:\/\/www.europesays.com\/es\/wp-json\/wp\/v2\/posts\/152618","targetHints":{"allow":["GET"]}}],"collection":[{"href":"https:\/\/www.europesays.com\/es\/wp-json\/wp\/v2\/posts"}],"about":[{"href":"https:\/\/www.europesays.com\/es\/wp-json\/wp\/v2\/types\/post"}],"author":[{"embeddable":true,"href":"https:\/\/www.europesays.com\/es\/wp-json\/wp\/v2\/users\/2"}],"replies":[{"embeddable":true,"href":"https:\/\/www.europesays.com\/es\/wp-json\/wp\/v2\/comments?post=152618"}],"version-history":[{"count":0,"href":"https:\/\/www.europesays.com\/es\/wp-json\/wp\/v2\/posts\/152618\/revisions"}],"wp:featuredmedia":[{"embeddable":true,"href":"https:\/\/www.europesays.com\/es\/wp-json\/wp\/v2\/media\/152619"}],"wp:attachment":[{"href":"https:\/\/www.europesays.com\/es\/wp-json\/wp\/v2\/media?parent=152618"}],"wp:term":[{"taxonomy":"category","embeddable":true,"href":"https:\/\/www.europesays.com\/es\/wp-json\/wp\/v2\/categories?post=152618"},{"taxonomy":"post_tag","embeddable":true,"href":"https:\/\/www.europesays.com\/es\/wp-json\/wp\/v2\/tags?post=152618"}],"curies":[{"name":"wp","href":"https:\/\/api.w.org\/{rel}","templated":true}]}}