{"id":152636,"date":"2025-10-02T11:40:10","date_gmt":"2025-10-02T11:40:10","guid":{"rendered":"https:\/\/www.europesays.com\/es\/152636\/"},"modified":"2025-10-02T11:40:10","modified_gmt":"2025-10-02T11:40:10","slug":"cuatro-heridos-por-un-ataque-en-el-exterior-de-una-sinagoga-en-manchester","status":"publish","type":"post","link":"https:\/\/www.europesays.com\/es\/152636\/","title":{"rendered":"Cuatro heridos por un ataque en el exterior de una sinagoga en M\u00e1nchester"},"content":{"rendered":"<p>    <img src=\"https:\/\/www.europesays.com\/es\/wp-content\/uploads\/2025\/10\/2025-10-02T113A073A28Z-90103904.jpg\" width=\"1024\" height=\"682\" alt=\"\" loading=\"eager\" decoding=\"sync\" fetchpriority=\"high\"\/><\/p>\n<p>            afp_tickers        <\/p>\n<p>        Este contenido fue publicado en    <\/p>\n<p>        02 octubre 2025 &#8211; 13:07\n<\/p>\n<p>Cuatro personas resultaron heridas el jueves en M\u00e1nchester, al norte de Inglaterra, el d\u00eda de la festividad jud\u00eda del Yom Kipur, en un ataque frente a una sinagoga, considerado \u00abterrorista\u00bb por la polic\u00eda, que dispar\u00f3 al sospechoso.\u00a0<\/p>\n<p>La polic\u00eda se\u00f1al\u00f3 en la red social X que fue informada hacia las 9H30 locales (8H30 GMT) de un ataque frente a la sinagoga de Heaton Park, situada en el barrio de Crumpsall, en el norte de la ciudad, despu\u00e9s de que un testigo viera \u00abun veh\u00edculo arrollar a personas y a un hombre ser apu\u00f1alado\u00bb.<\/p>\n<p>Los servicios de emergencia desplegados en el lugar estaban atendiendo a \u00abcuatro personas con heridas causadas tanto por el veh\u00edculo como por apu\u00f1alamientos\u00bb, precis\u00f3 la polic\u00eda del Gran M\u00e1nchester.<\/p>\n<p>La polic\u00eda a\u00f1adi\u00f3 que dispar\u00f3 contra el sospechoso pero sin precisar si sobrevivi\u00f3, aunque el alcalde del Gran M\u00e1nchester, Andy Burnham, dijo a la BBC que el \u00abpeligro inmediato parece haber pasado\u00bb.<\/p>\n<p>Seg\u00fan los testigos que contactaron a la polic\u00eda, \u00abun agente de seguridad fue atacado con un cuchillo\u00bb, precis\u00f3 esta \u00faltima.<\/p>\n<p>El alcalde del Gran M\u00e1nchester pidi\u00f3 a la gente \u00abno especular en las redes sociales\u00bb y felicit\u00f3 a la polic\u00eda por su intervenci\u00f3n \u00abr\u00e1pida\u00bb.<\/p>\n<p>El primer ministro brit\u00e1nico, Keir Starmer, decidi\u00f3 acortar, debido a este ataque, su presencia en la cumbre europea de Copenhague, seg\u00fan una fuente gubernamental brit\u00e1nica.<\/p>\n<p>\u00abEstoy horrorizado por el ataque a la sinagoga de Crumpsall\u00bb, al norte de M\u00e1nchester, escribi\u00f3 el jefe del gobierno en X.<\/p>\n<p>\u00abEl hecho de que esto haya ocurrido en el d\u00eda de Yom Kipur, el d\u00eda m\u00e1s sagrado del calendario jud\u00edo, hace que sea a\u00fan m\u00e1s horrible\u00bb, agreg\u00f3.<\/p>\n<p>El d\u00eda de la festividad jud\u00eda de Yom Kipur los creyentes suelen acudir varias veces a la sinagoga para orar.<\/p>\n<p>El incidente tambi\u00e9n sucede a pocos d\u00edas del tercer aniversario del ataque mortal de Ham\u00e1s en el sur de Israel, el 7 de octubre de 2023, que dej\u00f3 1.219 muertos, en su mayor\u00eda civiles, seg\u00fan un balance elaborado por AFP a partir de datos oficiales.<\/p>\n<p>ctx-mhc-psr\/pb<\/p>\n","protected":false},"excerpt":{"rendered":"afp_tickers Este contenido fue publicado en 02 octubre 2025 &#8211; 13:07 Cuatro personas resultaron heridas el jueves en&hellip;\n","protected":false},"author":2,"featured_media":152637,"comment_status":"","ping_status":"","sticky":false,"template":"","format":"standard","meta":{"footnotes":""},"categories":[42],"tags":[25887,12354,17,18,11892,13,14,11,61,62,63,64,46098,19,20,7657,17067,9,10,15,16,1384,5603,90,12,21,22,65,66,67],"class_list":{"0":"post-152636","1":"post","2":"type-post","3":"status-publish","4":"format-standard","5":"has-post-thumbnail","7":"category-internacional","8":"tag-assault-general","9":"tag-belief-faith","10":"tag-breaking-news","11":"tag-breakingnews","12":"tag-crime","13":"tag-featured-news","14":"tag-featurednews","15":"tag-headlines","16":"tag-internacional","17":"tag-international","18":"tag-international-news","19":"tag-internationalnews","20":"tag-judaism","21":"tag-latest-news","22":"tag-latestnews","23":"tag-law-and-order","24":"tag-law-enforcement","25":"tag-news","26":"tag-noticias","27":"tag-noticias-destacadas","28":"tag-noticiasdestacadas","29":"tag-police","30":"tag-religion","31":"tag-ticker","32":"tag-titulares","33":"tag-ultimas-noticias","34":"tag-ultimasnoticias","35":"tag-world","36":"tag-world-news","37":"tag-worldnews"},"share_on_mastodon":{"url":"","error":""},"_links":{"self":[{"href":"https:\/\/www.europesays.com\/es\/wp-json\/wp\/v2\/posts\/152636","targetHints":{"allow":["GET"]}}],"collection":[{"href":"https:\/\/www.europesays.com\/es\/wp-json\/wp\/v2\/posts"}],"about":[{"href":"https:\/\/www.europesays.com\/es\/wp-json\/wp\/v2\/types\/post"}],"author":[{"embeddable":true,"href":"https:\/\/www.europesays.com\/es\/wp-json\/wp\/v2\/users\/2"}],"replies":[{"embeddable":true,"href":"https:\/\/www.europesays.com\/es\/wp-json\/wp\/v2\/comments?post=152636"}],"version-history":[{"count":0,"href":"https:\/\/www.europesays.com\/es\/wp-json\/wp\/v2\/posts\/152636\/revisions"}],"wp:featuredmedia":[{"embeddable":true,"href":"https:\/\/www.europesays.com\/es\/wp-json\/wp\/v2\/media\/152637"}],"wp:attachment":[{"href":"https:\/\/www.europesays.com\/es\/wp-json\/wp\/v2\/media?parent=152636"}],"wp:term":[{"taxonomy":"category","embeddable":true,"href":"https:\/\/www.europesays.com\/es\/wp-json\/wp\/v2\/categories?post=152636"},{"taxonomy":"post_tag","embeddable":true,"href":"https:\/\/www.europesays.com\/es\/wp-json\/wp\/v2\/tags?post=152636"}],"curies":[{"name":"wp","href":"https:\/\/api.w.org\/{rel}","templated":true}]}}