{"id":152640,"date":"2025-10-02T11:42:28","date_gmt":"2025-10-02T11:42:28","guid":{"rendered":"https:\/\/www.europesays.com\/es\/152640\/"},"modified":"2025-10-02T11:42:28","modified_gmt":"2025-10-02T11:42:28","slug":"el-trafico-se-mantendra-abierto-en-independencia-durante-las-fiestas-del-pilar-salvo-momentos-o-dias-concretos-como-el-pregon-o-la-ofrenda","status":"publish","type":"post","link":"https:\/\/www.europesays.com\/es\/152640\/","title":{"rendered":"El tr\u00e1fico se mantendr\u00e1 abierto en Independencia durante las Fiestas del Pilar salvo momentos o d\u00edas concretos, como el Preg\u00f3n o la Ofrenda"},"content":{"rendered":"<p>      Cuerpo de la noticia<\/p>\n<p>El Ayuntamiento de Zaragoza, a trav\u00e9s del \u00e1rea de Medio Ambiente y Movilidad, ha dise\u00f1ado un <strong>amplio dispositivo durante las Fiestas del Pilar con el objetivo de facilitar los desplazamientos y mantener la limpieza de la ciudad a lo largo de los pr\u00f3ximos d\u00edas<\/strong>.<\/p>\n<p>En lo que respecta a Movilidad, ha sido organizado en <strong>colaboraci\u00f3n con la Polic\u00eda Local<\/strong>, que podr\u00e1 introducir algunos cambios en momentos concretos si la aglomeraci\u00f3n de personas o cualquier otra circunstancia as\u00ed lo aconsejara.<\/p>\n<p>La alcaldesa de Zaragoza, <strong>Natalia Chueca<\/strong>, ha detallado hoy junto a la consejera de Medio Ambiente y Movilidad, Tatiana Gaudes, estos preparativos que suponen \u00abseguramente, el mayor despliegue de medios y personas realizado en los \u00faltimos a\u00f1os. En esta edici\u00f3n -ha explicado- se ha hecho un an\u00e1lisis a\u00fan m\u00e1s exhaustivo en relaci\u00f3n con el programa final de Fiestas, de manera que toda la ciudad est\u00e9 atendida, de modo que \u00a0la ciudad ofrezca su mejor imagen en unos d\u00edas en los que Zaragoza no es s\u00f3lo disfrutada por quienes vivimos en ella, sino por muchos miles de visitantes\u00bb.<\/p>\n<p>Natalia Chueca ha hecho un llamamiento \u00aba la colaboraci\u00f3n ciudadana, porque s\u00f3lo entre todos podremos conseguir que la ciudad est\u00e9 limpia. Por ejemplo -ha explicado- habr\u00e1 contenedores y cubos en todos los recintos y plazas donde se celebren actuaciones. Usarlos es siempre una buena pr\u00e1ctica que facilitar\u00e1 y agilizar\u00e1 los trabajos de limpieza posterior\u00bb. Del mismo modo, \u00abes recomendable intentar usar lo menor posible el veh\u00edculo privado, sobre todo en desplazamientos dentro de la ciudad. El refuerzo del transporte p\u00fablico intentar\u00e1 cubrir todas las necesidades y, en caso necesario, es siempre mejor caminar un rato que verse envuelto en un atasco\u00bb.\u00a0<\/p>\n<p>La alcaldesa ha llamado, asimismo,\u00a0\u00aba un uso responsable de los veh\u00edculos y a estar vigilantes en materia de seguridad vial. Evitar el alcohol, evidentemente, si se conduce, pero tambi\u00e9n conducir con especial atenci\u00f3n y ser pacientes en caso de que el tr\u00e1fico sea m\u00e1s intenso de lo normal\u00bb.<\/p>\n<p>La principal novedad en lo que respecta a la Movilidad, este a\u00f1o, es que <strong>el Paseo Independencia se mantendr\u00e1 abierto a la circulaci\u00f3n salvo en aquellos momentos en los que acoja actos festivos <\/strong>(Preg\u00f3n, Ofrenda, etc\u00e9tera)<strong> o si, en circunstancias concretas, la Polic\u00eda Local decide limitar el paso por cualquier circunstancia<\/strong>.\u00a0<\/p>\n<p><strong>S\u00ed ser\u00e1n peatonales tanto el Puente de Piedra como Don Jaime<\/strong>, debido al alto n\u00famero de personas que se acumulan en esa conexi\u00f3n con la Margen Izquierda durante estos d\u00edas.<\/p>\n<p><strong>\u00a0 \u00a0 \u00a0 \u00a0CORTES PARCIALES EN INDEPENDENCIA<\/strong><br \/>\u00a0 \u00a0 \u00a0 \u00a0Como se dec\u00eda anteriormente, y a diferencia el a\u00f1o pasado, en estas Fiestas <strong>el Paseo Independencia se mantendr\u00e1 abierto al tr\u00e1fico y s\u00f3lo se cortar\u00e1 en momentos concretos<\/strong>, coincidiendo con la celebraci\u00f3n de distintos actos:<\/p>\n<p>\u00a0 \u00a0 \u00a0 \u00a0&#8211; 4 de octubre, desde las 15,30 horas hasta las 24,00 horas.<br \/>\u00a0 \u00a0 \u00a0 \u00a0&#8211; 9 de octubre, de 18,30 horas hasta las 21,00 horas.<br \/>\u00a0 \u00a0 \u00a0 \u00a0&#8211; 10 de octubre, desde las 18,30 horas hasta las 24,00 horas.<br \/>\u00a0 \u00a0 \u00a0 \u00a0&#8211; 11 de octubre, desde las 18,30 hasta las 24,00 horas.<br \/>\u00a0 \u00a0 \u00a0 \u00a0&#8211; 12 de octubre, desde las 00,00 horas hasta las 24,00 horas.<br \/>\u00a0 \u00a0 \u00a0 \u00a0&#8211; 13 de octubre, desde las 00,00 horas hasta las 24,00 horas.<br \/>\u00a0 \u00a0 \u00a0 \u00a0<br \/>\u00a0 \u00a0 \u00a0 \u00a0Durante los periodos de corte, el acceso a garajes a los que habitualmente se accede desde el Paseo de la Independencia (calles Albareda, Bruil, Sanclemente y San Miguel) se habilitar\u00e1 por el extremo contrario de la calle en la que est\u00e9 ubicado, estableciendo en cada caso doble sentido de circulaci\u00f3n.<\/p>\n<p>\u00a0 \u00a0 \u00a0 \u00a0Cuando est\u00e9 cortada la calle del Coso desde San Vicente de Pa\u00fal, se permitir\u00e1 el giro a la izquierda para acceder desde el Coso a la Calle Josefa Amar y Borb\u00f3n a aquellos veh\u00edculos autorizados a girar a la derecha desde San Vicente de Pa\u00fal bien por ser residentes o bien por acudir en taxi a dicha calle. Tambi\u00e9n se permitir\u00e1 acceder desde San Vicente de Pa\u00fal y Coso al estacionamiento de Puerta Cinegia y a los badenes de la Calle Cinco de Marzo.<br \/>\u00a0 \u00a0 \u00a0 \u00a0<br \/><strong>\u00a0 \u00a0 \u00a0 \u00a0DESV\u00cdOS DE AUTOB\u00daS POR CORTE DEL PASEO INDEPENDENCIA<\/strong><br \/>\u00a0 \u00a0 \u00a0 \u00a0El corte del Paseo Independencia, cuando \u00e9ste se produjera, afectar\u00e1 a las siguientes l\u00edneas: <strong>21, 22, 30, 32, 35, 38, 40, N1, N2, N5 y N7<\/strong>.<br \/>\u00a0 \u00a0 \u00a0 \u00a0El recorrido alternativo para las l\u00edneas 21, 22, 30, 32, 35, 38,N1 y N5 en sentido Plaza Espa\u00f1a ser\u00e1 por Paseo Constituci\u00f3n y Paseo de la Mina a retomar su recorrido habitual.<br \/>\u00a0 \u00a0 \u00a0 \u00a0El recorrido alternativo para las l\u00edneas 21, 22, 32, 35, 38, 40, N1, N2 y N7 sentido Plaza Arag\u00f3n ser\u00e1 por Paseo de la Mina y Paseo Constituci\u00f3n a retomar su recorrido habitual.<br \/>\u00a0 \u00a0 \u00a0 \u00a0<br \/><strong>\u00a0 \u00a0 \u00a0 \u00a0CORTE DEL PUENTE DE PIEDRA Y DON JAIME<\/strong><br \/>\u00a0 \u00a0 \u00a0 \u00a0Por otro lado, para facilitar <strong>el acceso peatonal desde la Margen Izquierda al Centro se deber\u00e1 cortar el tr\u00e1fico en el Puente de Piedra y en la calle Don Jaime entre las 16:30 del d\u00eda 3 de octubre y las 23:45 del d\u00eda 13 de octubre<\/strong>.<br \/>\u00a0 \u00a0 \u00a0 \u00a0Este corte afectar\u00e1 a las l\u00edneas<strong> 28, 29, 35, 36, 39, N1, N2 y N7<\/strong>, que realizar\u00e1n los siguientes desv\u00edos:<br \/>\u00a0 \u00a0 \u00a0 \u00a0&#8211; L\u00edneas 35 y N2: desde San Juan de la Pe\u00f1a por Valle de Zuriza, Muel, Avenida Puente del Pilar, Echegaray y Caballero, San Vicente de Pa\u00fal, Coso a Plaza de Espa\u00f1a.<br \/>\u00a0 \u00a0 \u00a0 \u00a0&#8211; L\u00ednea 36: Desde San Juan de la Pe\u00f1a por Valle de Zuriza, Muel, Avenida Puente del Pilar a Echegaray y Caballero.<br \/>\u00a0 \u00a0 \u00a0 \u00a0&#8211; L\u00edneas 28, 39, N1 y N7: Desde Avenida Catalu\u00f1a por Muel, Avenida Puente del Pilar, Echegaray y Caballero, San Vicente de Pa\u00fal, Coso a sus recorridos habituales.<br \/>\u00a0 \u00a0 \u00a0 \u00a0&#8211; La l\u00ednea 28 realizar\u00e1 el terminal en Coso, 118.<br \/>\u00a0 \u00a0 \u00a0 \u00a0&#8211; L\u00ednea 29: Desde Echegaray y Caballero continuar\u00e1 por Echegaray y Caballero, San Vicente de Pa\u00fal a Plaza San Miguel. Este desv\u00edo se realizar\u00e1 independientemente de estar Don Jaime abierta al tr\u00e1fico rodado.<br \/>\u00a0 \u00a0 \u00a0 \u00a0 \u00a0 \u00a0 \u00a0 \u00a0 \u00a0 \u00a0<br \/><strong>\u00a0 \u00a0 \u00a0 \u00a0REFUERZOS EN EL AUTOB\u00daS URBANO Y EN EL TRANV\u00cdA<\/strong><br \/>\u00a0 \u00a0 \u00a0 \u00a0Como es habitual,<strong> todas las l\u00edneas de bus urbano de Zaragoza funcionar\u00e1n, incluso en s\u00e1bados y festivos, con cuadros de marcha de d\u00eda laborables<\/strong>, y tendr\u00e1n <strong>refuerzo nocturno<\/strong> (Verbenas) <strong>las l\u00edneas 21, 23, 25, 28, 29, 30, 32, 33, 34, 35, 36, 38, 39, 40, 41, 43, 52, Ci3 y Ci4<\/strong>.<\/p>\n<p>\u00a0 \u00a0 \u00a0 \u00a0Se pondr\u00e1n en servicio <strong>dos lanzaderas<\/strong>, \u00a0como es tambi\u00e9n habitual, desde el entorno de la Puerta del Carmen y desde Constituci\u00f3n, respectivamente, hacia el recinto de Valdespartera:<\/p>\n<p>\u00a0 \u00a0 \u00a0 \u00a0<strong>La V1, con una dotaci\u00f3n de hasta 20 autobuses<\/strong> (se va graduando en funci\u00f3n del d\u00eda y del tramo horario), <strong>entre la Puerta del Carmen y el Recinto Ferial<\/strong>, a partir de las 20,30 horas. Su trayecto es Hern\u00e1n Cortes, Paseo Teruel, Avenida Valencia, San Juan Bosco, Avenida G\u00f3mez Laguna, Avenida del S\u00e9ptimo Arte, Cantando Bajo La Lluvia, Los Siete Samur\u00e1is a Un Americano en Par\u00eds 55.<br \/>\u00a0 \u00a0 \u00a0 \u00a0<strong>La V4, con una dotaci\u00f3n de hasta 8 veh\u00edculos, entre Constituci\u00f3n y el Recinto Ferial<\/strong> (a partir de las 18,00 horas). Su recorrido parte de Paseo Constituci\u00f3n (parada especial para la l\u00ednea, justo donde se hace el cambio de sentido para volver por Constituci\u00f3n) por Gran V\u00eda, Paseo Fernando El Cat\u00f3lico, Paseo Isabel La Cat\u00f3lica, V\u00eda Ib\u00e9rica, Volver a Empezar, El Maquinista de la General, Los P\u00e1jaros, Cantando Bajo La Lluvia, La lista de Schindler a La Isla del Tesoro.<\/p>\n<p>\u00a0 \u00a0 \u00a0 \u00a0<strong>La l\u00ednea 34 tambi\u00e9n se reforzar\u00e1 para atender la demanda de la Feria de la Cerveza del Parque de Atracciones<\/strong>, en horario nocturno, con hasta 5 autobuses m\u00e1s.<\/p>\n<p>\u00a0 \u00a0 \u00a0 <strong>\u00a0Los B\u00fahos N1, N3, N5 y N6 tendr\u00e1n dotaci\u00f3n doble,<\/strong> mientras que los N2, N4 y N7 dispondr\u00e1n (todos los d\u00edas de las fiestas) de dotaci\u00f3n normal.<\/p>\n<p>\u00a0 \u00a0 \u00a0 \u00a0Tambi\u00e9n<strong> se reforzar\u00e1 el servicio especial para Personas con Movilidad Reducida<\/strong> (PMRs, los \u00abautobuses amarillos\u00bb).<\/p>\n<p>\u00a0 \u00a0 \u00a0 \u00a0La informaci\u00f3n actualizada de estos desv\u00edos estar\u00e1 disponible en la <a href=\"https:\/\/zaragoza.avanzagrupo.com\/alteraciones-del-servicio\/\" rel=\"nofollow noopener\" target=\"_blank\"><strong>web de Avanza Zaragoz<\/strong>a<\/a>.<br \/>\u00a0 \u00a0 \u00a0 \u00a0<br \/><strong>\u00a0 \u00a0 \u00a0 \u00a0TRANV\u00cdA LAS 24 HORAS<\/strong><br \/>\u00a0 \u00a0 \u00a0 \u00a0Respecto al tranv\u00eda, se repiten los servicios especiales de las Fiestas del Pilar, con <strong>tranv\u00eda las 24 horas del d\u00eda del 4 al 13 de octubre<\/strong>. <strong>Las frecuencias de paso desde la madrugada ser\u00e1n de 4,5 minutos<\/strong>, adaptada al horario de finalizaci\u00f3n de las actividades en Valdespartera (a partir de las 4,30 horas los d\u00edas 6, 7, 8; desde las 5,00 horas los d\u00edas 4, 5, 9, 10, 11, 12).<\/p>\n<p>\u00a0 \u00a0 \u00a0 \u00a0Durante la jornada, esa frecuencia de 4,5 minutos se repetir\u00e1 en las horas punta habituales de ma\u00f1ana y mediod\u00eda, adapt\u00e1ndose en otros horarios a la demanda ya estudiada en a\u00f1os anteriores. Se dispondr\u00e1n validadoras exteriores en Gran V\u00eda y parada de Murallas\/Plaza del Pilar, Un Americano en Par\u00eds y mago de Oz, para facilitar el acceso y la seguridad.\u00a0<\/p>\n<p>\u00a0 \u00a0 \u00a0 \u00a0Como es inevitable, <strong>habr\u00e1 que tener en cuenta los cortes obligados por la celebraci\u00f3n de actos en la parte central del recorrido, momentos en los que se circular\u00e1 en bucle<\/strong>.<\/p>\n<p>\u00a0 \u00a0 \u00a0 \u00a0&#8211; 4 de octubre, la Carrera de la Polic\u00eda Nacional y el Preg\u00f3n (de 15,30 a 00,00 horas)<br \/>\u00a0 \u00a0 \u00a0 \u00a0&#8211; 9 de octubre, Marat\u00f3n de Charangas ,de 18,30 horas hasta las 21,00 horas.<br \/>\u00a0 \u00a0 \u00a0 \u00a0&#8211; 10 y 11 de octubre, de 18,30 a 00,00 horas, ante la previsible presencia de peatones en el Coso y alrededores.<br \/>\u00a0 \u00a0 \u00a0 \u00a0&#8211; 12 de octubre, todo el d\u00eda, por la Ofrenda de Flores.<br \/>\u00a0 \u00a0 \u00a0 \u00a0&#8211; 13 de octubre, en tres momentos: Ofrenda de Frutos, Rosario de Cristal y Fuegos Artificiales de final de Fiestas.<\/p>\n<p>\u00a0 \u00a0 \u00a0 \u00a0La informaci\u00f3n actualizada de estos desv\u00edos estar\u00e1 disponible en la<a href=\"https:\/\/www.tranviasdezaragoza.es\/noticias\/\" rel=\"nofollow noopener\" target=\"_blank\"><strong> web de Los Tranv\u00edas de Zaragoza<\/strong><\/a>.<br \/>\u00a0<\/p>\n<p><strong>\u00a0 \u00a0 \u00a0 \u00a0CONEXI\u00d3N CON LOS BARRIOS RURALES<\/strong><br \/>\u00a0 \u00a0 \u00a0\u00a0\u00a0Se recomienda, asimismo, informarse de los posibles desv\u00edos de los autobuses de los barrios rurales y otros, gestionados desde el <a href=\"https:\/\/www.consorciozaragoza.es\/\" rel=\"nofollow noopener\" target=\"_blank\"><strong>Consorcio de Transportes del \u00c1rea de Zaragoza, a trav\u00e9s de su we<\/strong>b<\/a>. Adem\u00e1s, est\u00e1n previstos <strong>refuerzos en las l\u00edneas del Zorongo, San Juan de Mozarrifar, Movera, Movera-Pastriz-Villamayor, Casetas, Monzalbarba-Alfocea-Utebo y Garrapinilos<\/strong>.<\/p>\n<p>\u00a0 \u00a0 \u00a0 \u00a0Se han dise\u00f1ado tambi\u00e9n <strong>servicios especiales desde Cuarte de Huerva, Cadrete, \u00a0Mar\u00eda de Huerva y La Muela los d\u00edas 4, 10, 11 y 12 de octubre, con paradas provisionales en Avenida de S\u00e9ptimo Arte (Valdespartera)<\/strong>.<br \/>\u00a0 \u00a0 \u00a0 \u00a0<br \/><strong>\u00a0 \u00a0 \u00a0 \u00a0SERVICIO DE TAXI<\/strong><br \/>\u00a0 \u00a0 \u00a0 \u00a0El servicio de Taxi ha recibido <strong>autorizaci\u00f3n por parte del Ayuntamiento para reforzar su dotaci\u00f3n en la calle en los momentos clave de estas fiestas<\/strong>, de manera que se llegar\u00e1 incluso a <strong>duplicar la oferta habitual<\/strong> disponible respecto a un d\u00eda cualquiera.<\/p>\n<p>\u00a0 \u00a0 \u00a0 \u00a0Habr\u00e1 una <strong>parada de taxis se\u00f1alizada en la entrada principal del Recinto Ferial de Valdespartera<\/strong>, con amplia capacidad y con vigilancia policial en las horas de mayor afluencia -como en a\u00f1os anteriores-.\u00a0<\/p>\n<p>\u00a0 \u00a0 \u00a0 \u00a0Asimismo, se permitir\u00e1 la salida de taxis durante las 24 horas desde la entrada principal del Recinto Ferial hacia la Avenida del S\u00e9ptimo Arte, mediante la debida se\u00f1alizaci\u00f3n. Se habilitar\u00e1n los mismos itinerarios y accesos que en a\u00f1os anteriores.<\/p>\n<p>\u00a0 \u00a0 \u00a0 \u00a0Durante la Ofrenda, se permitir\u00e1 a los taxis ocupados el acceso al Coso (tramo desde Espartero a Plaza de Espa\u00f1a), permitiendo su salida por Amar y Borb\u00f3n.<br \/>\u00a0<\/p>\n<p><strong>\u00a0 \u00a0 \u00a0 \u00a0DESV\u00cdO HABITUAL EN EL ENTORNO DEL FERIAL DE VALDESPARTERA<\/strong><br \/>\u00a0 \u00a0 \u00a0 \u00a0Finalmente, y con motivo de la celebraci\u00f3n de los actos programados en el <strong>Recinto Ferial de Valdespartera<\/strong>, y siguiendo la pauta de a\u00f1os anteriores, <strong>recordamos que se modificar\u00e1 temporalmente la circulaci\u00f3n en su entorno <\/strong>del siguiente modo:<\/p>\n<p>\u00a0 \u00a0 \u00a0 \u00a0\u2022 <strong>Calles Salom\u00f3n y la Reina de Saba<\/strong>: Cambio en la ordenaci\u00f3n del vial, que pasa a ser de sentido \u00fanico y doble carril de circulaci\u00f3n desde Avenida de Casablanca hasta calle Centauros del Desierto. Esta ordenaci\u00f3n se mantendr\u00e1 desde el d\u00eda 3 al 20 de octubre, ambos inclusive y de forma ininterrumpida.<br \/>\u00a0 \u00a0 \u00a0 \u00a0\u2022 <strong>Avenida de Casablanca<\/strong>: se cortar\u00e1 al tr\u00e1fico para veh\u00edculos particulares en sentido desde Salom\u00f3n y la Reina de Saba hacia la Avenida del S\u00e9ptimo Arte. El corte se situar\u00e1 a la altura de la entrada principal del recinto ferial, en la intersecci\u00f3n de Avenida de Casablanca y la calle Los Siete Samur\u00e1is. El tr\u00e1fico desviado en este punto seguir\u00e1 la ruta calles Siete Samur\u00e1is, Diligencia y Un Americano en Par\u00eds.\u00a0<\/p>\n<p>\u00a0 \u00a0 \u00a0 \u00a0El tr\u00e1fico general de salida del barrio (Valdespartera) se concentrar\u00e1 en el eje de la calle Un Americano en Par\u00eds.<br \/>\u00a0 \u00a0 \u00a0 \u00a0La ruta de salida habitual del barrio por la Avenida de Casablanca estar\u00e1 disponible \u00fanicamente para transporte p\u00fablico, es decir autobuses y taxis, las 24 horas del d\u00eda. Esta modificaci\u00f3n estar\u00e1 vigente al igual que el anterior, del 3 al 20 de octubre. Todos los cortes y desv\u00edos estar\u00e1n se\u00f1alizados convenientemente.\u00a0<\/p>\n<p>\u00a0 \u00a0 \u00a0 <strong>\u00a0En cualquier caso, queda a criterio de la Polic\u00eda Local la implementaci\u00f3n y modificaci\u00f3n de los cortes en funci\u00f3n de las circunstancias que en cada momento se puedan presentar.<\/strong><\/p>\n<p><strong>AMPLIO DISPOSITIVO DE LIMPIEZA EN TODA LA CIUDAD<\/strong><\/p>\n<p>El <strong>Servicio de Limpieza P\u00fablica y Gesti\u00f3n de Residuos<\/strong> ha dise\u00f1ado, asimismo, una serie de<strong> refuerzos y servicios especiales<\/strong> para garantizar un normal desarrollo de las Fiestas del Pilar en este \u00e1mbito. Adem\u00e1s de los servicios habituales de cualquier otra jornada del a\u00f1o, habr\u00e1 <strong>13 brigadas que desarrollar\u00e1n su labor de manera diaria en otras tantas zonas asignadas, con horarios repartidos a lo largo de las 24 horas del d\u00eda en funci\u00f3n de las necesidades previstas en cada una de ellas<\/strong>.<\/p>\n<p>De manera general, y a modo de resumen, esas 13 brigadas se distribuyen en estas zonas:<\/p>\n<p>\u00a0 \u00a0 \u2022 Valdespartera (viales del barrio)<br \/>\u00a0 \u00a0 \u2022 Gran V\u00eda, Paseo Pamplona, Salamero y zona centro.<br \/>\u00a0 \u00a0 \u2022 Plaza del Pilar, Echegaray (entre Plaza de Europa y Puente de Piedra), Plaza de Espa\u00f1a y zonas del Casco Hist\u00f3rico.<br \/>\u00a0 \u00a0 \u2022 Plaza de San Miguel, Los Sitios, Independencia\u2026<br \/>\u00a0 \u00a0 \u2022 Casco Hist\u00f3rico, en zonas de ocio como calle del Temple, Plaza del Justicia, Plaza de San Felipe\u2026<br \/>\u00a0 \u00a0 \u2022 Francisco de Vitoria, Le\u00f3n XIII, Constituci\u00f3n.<br \/>\u00a0 \u00a0 \u2022 Plaza de Toros, Portillo, Conde Aranda, Paseo Mar\u00eda Agust\u00edn.<br \/>\u00a0 \u00a0 \u2022 Moncasi, Sagasta, Goya, Doctor Cerrada, etc\u00e9tera.<br \/>\u00a0 \u00a0 \u2022 Alrededores del Auditorio de Zaragoza<br \/>\u00a0 \u00a0 \u2022 Hero\u00edsmo, Plazas de la Seo y San Bruno, Echegaray (Puente de Piedra hacia Puente de Las Fuentes)<br \/>\u00a0 \u00a0 \u2022 Riberas del Ebro<br \/>\u00a0 \u00a0 \u2022 Y dos brigadas espec\u00edficas para Valdespartera, tanto para el Recinto Ferial como al Espacio Zity.<\/p>\n<p>Todas estas brigadas funcionar\u00e1n de manera flexible, de manera que, si se termina pronto en alguna de sus zonas, podr\u00edan desplazarse a otras pr\u00f3ximas para colaborar en las tareas de limpieza que resulten m\u00e1s complicadas.<\/p>\n<p>Adem\u00e1s,<strong> se ha seleccionado una docena de actividades concretas que tendr\u00e1n servicios de limpieza espec\u00edficos antes y despu\u00e9s de su celebraci\u00f3n<\/strong>, sean actos puntuales o escenarios donde est\u00e1n previstas actuaciones:<\/p>\n<p>&#8211; Preg\u00f3n de las Pe\u00f1as y Preg\u00f3n Oficial, en todo el recorrido.<br \/>&#8211; La Ofrenda, durante todo el d\u00eda y a lo largo de todo su recorrido, desde la madrugada hasta la noche, con al menos 8 brigadas que mantendr\u00e1n limpio el recorrido, se ocupar\u00e1n de recoger el celof\u00e1n de las flores y limpiar\u00e1n tambi\u00e9n una vez concluya la celebraci\u00f3n.<br \/>&#8211; Diariamente, el entorno de los lanzamientos de fuegos artificiales.<br \/>&#8211; Escenarios de Fuente de Goya y Fuente de la Hispanidad, en la Plaza del Pilar, antes y despu\u00e9s de las actuaciones previstas.<br \/>&#8211; Plaza de Miguel Merino (Auditorio) y su entorno.<br \/>&#8211; Estaci\u00f3n del Norte (tambi\u00e9n ligadas a las actuaciones previstas).<br \/>&#8211; El Homenaje a las Hero\u00ednas de Los Sitios.<br \/>&#8211; Rosario de la Aurora.<br \/>&#8211; Ofrenda de Frutos.<br \/>&#8211; Rosario de Cristal.<br \/>&#8211; Marat\u00f3n de Charangas de Interpe\u00f1as.<\/p>\n<p>A esto hay que sumar el <strong>dispositivo especial que se har\u00e1 desde PARQUES Y JARDINES<\/strong> para mantener limpios los lugares con m\u00e1s actividad: <strong>Rinc\u00f3n de Invierno, Parque de las Marionetas, R\u00edo y Juego<\/strong>, etc\u00e9tera.<br \/>Con este despliegue,<strong> la pr\u00e1ctica totalidad de los efectivos de Limpieza y de Parques van a estar trabajando durante estos d\u00edas<\/strong>.<\/p>\n","protected":false},"excerpt":{"rendered":"Cuerpo de la noticia El Ayuntamiento de Zaragoza, a trav\u00e9s del \u00e1rea de Medio Ambiente y Movilidad, ha&hellip;\n","protected":false},"author":2,"featured_media":152641,"comment_status":"","ping_status":"","sticky":false,"template":"","format":"standard","meta":{"footnotes":""},"categories":[5],"tags":[17,18,25,24,13,14,11,19,20,9,10,15,16,23,12,21,22],"class_list":{"0":"post-152640","1":"post","2":"type-post","3":"status-publish","4":"format-standard","5":"has-post-thumbnail","7":"category-titulares","8":"tag-breaking-news","9":"tag-breakingnews","10":"tag-es","11":"tag-espana","12":"tag-featured-news","13":"tag-featurednews","14":"tag-headlines","15":"tag-latest-news","16":"tag-latestnews","17":"tag-news","18":"tag-noticias","19":"tag-noticias-destacadas","20":"tag-noticiasdestacadas","21":"tag-spain","22":"tag-titulares","23":"tag-ultimas-noticias","24":"tag-ultimasnoticias"},"share_on_mastodon":{"url":"","error":""},"_links":{"self":[{"href":"https:\/\/www.europesays.com\/es\/wp-json\/wp\/v2\/posts\/152640","targetHints":{"allow":["GET"]}}],"collection":[{"href":"https:\/\/www.europesays.com\/es\/wp-json\/wp\/v2\/posts"}],"about":[{"href":"https:\/\/www.europesays.com\/es\/wp-json\/wp\/v2\/types\/post"}],"author":[{"embeddable":true,"href":"https:\/\/www.europesays.com\/es\/wp-json\/wp\/v2\/users\/2"}],"replies":[{"embeddable":true,"href":"https:\/\/www.europesays.com\/es\/wp-json\/wp\/v2\/comments?post=152640"}],"version-history":[{"count":0,"href":"https:\/\/www.europesays.com\/es\/wp-json\/wp\/v2\/posts\/152640\/revisions"}],"wp:featuredmedia":[{"embeddable":true,"href":"https:\/\/www.europesays.com\/es\/wp-json\/wp\/v2\/media\/152641"}],"wp:attachment":[{"href":"https:\/\/www.europesays.com\/es\/wp-json\/wp\/v2\/media?parent=152640"}],"wp:term":[{"taxonomy":"category","embeddable":true,"href":"https:\/\/www.europesays.com\/es\/wp-json\/wp\/v2\/categories?post=152640"},{"taxonomy":"post_tag","embeddable":true,"href":"https:\/\/www.europesays.com\/es\/wp-json\/wp\/v2\/tags?post=152640"}],"curies":[{"name":"wp","href":"https:\/\/api.w.org\/{rel}","templated":true}]}}