{"id":152642,"date":"2025-10-02T11:43:11","date_gmt":"2025-10-02T11:43:11","guid":{"rendered":"https:\/\/www.europesays.com\/es\/152642\/"},"modified":"2025-10-02T11:43:11","modified_gmt":"2025-10-02T11:43:11","slug":"mariano-jimenez-continuara-cuatro-anos-mas-en-la-presidencia-del-cajasol-angel-ximenez","status":"publish","type":"post","link":"https:\/\/www.europesays.com\/es\/152642\/","title":{"rendered":"Mariano Jim\u00e9nez continuar\u00e1 cuatro a\u00f1os m\u00e1s en la presidencia del Cajasol \u00c1ngel Xim\u00e9nez"},"content":{"rendered":"<p class=\"ft-text ft-helper-align-justify\">\u201cTras cumplirse los plazos establecidos con una \u00fanica candidatura presentada, queda proclamada la nueva Junta Directiva del club encabezada por <a class=\"ft-link ft-link--decoration\" href=\"https:\/\/www.diariocordoba.com\/tags\/mariano-jimenez\/\" rel=\"nofollow noopener\" target=\"_blank\">Mariano Jim\u00e9nez<\/a>, que continuar\u00e1 al frente de la presidencia de nuestra entidad hasta 2029\u201d. As\u00ed ha anunciado el <a class=\"ft-link ft-link--decoration\" href=\"https:\/\/www.diariocordoba.com\/tags\/fundacion-cajasol\/\" rel=\"nofollow noopener\" target=\"_blank\">Cajasol <\/a><a class=\"ft-link ft-link--decoration\" href=\"https:\/\/www.diariocordoba.com\/tags\/angel-ximenez\/\" rel=\"nofollow noopener\" target=\"_blank\">\u00c1ngel Xim\u00e9nez <\/a>Puente Genil de balonmano la continuidad en la presidencia de su actual presidente. De esta forma podr\u00eda cumplir 20 a\u00f1os al frente de este club, pues lleg\u00f3 a la presidencia en 2009.<\/p>\n<p class=\"ft-text ft-helper-align-justify\">El actual mandatario ha sido elegido para iniciar su quinto mandato de cuatro a\u00f1os en la direcci\u00f3n del \u00fanico club andaluz de balonmano que milita en la <a class=\"ft-link ft-link--decoration\" href=\"https:\/\/www.diariocordoba.com\/tags\/asobal\/\" rel=\"nofollow noopener\" target=\"_blank\">Asobal.<\/a> Jim\u00e9nez estar\u00e1 acompa\u00f1ado en la Junta Directiva entrante por Jos\u00e9 Torres, Marta S\u00e1nchez, Rafael Avil\u00e9s, Juan Perales, \u00c1ngel Jim\u00e9nez, Jes\u00fas P\u00e9rez, Felipe Juan Trujillo y Antonio Pineda.<\/p>\n<p class=\"ft-text ft-helper-align-justify\">La historia del BM Puente Genil no podr\u00eda escribirse ya sin dedicarle un cap\u00edtulo especial a Mariano Jim\u00e9nez. Hay que recordar que este club compet\u00eda en la Primera Nacional a su llegada al puesto de presidente en 2009. Precisamente, en el 2009 lleg\u00f3 un primer ascenso a Plata, la segunda categor\u00eda nacional.\u00a0Sin embargo, al a\u00f1o siguiente baj\u00f3, por lo que regres\u00f3 a Primera.<\/p>\n<p><img decoding=\"async\" src=\"https:\/\/www.europesays.com\/es\/wp-content\/uploads\/2025\/10\/05c2c08e-36af-4d28-a5cb-1fa01691c333_alta-libre-aspect-ratio_default_0.jpg\" width=\"1200\" height=\"694\" alt=\"Mariano Jim\u00e9nez, segundo derecha, en la presentaci\u00f3n del nuevo patrocinio de la Fundaci\u00f3n Cajasol.\" class=\"ft-helper-img-rd\" loading=\"lazy\" hasdataaida=\"true\"\/><\/p>\n<p class=\"ft-helper-fontColor-quaternary ft-helper-fontSize-body-S ft-helper-spacer-t-xxs\">Mariano Jim\u00e9nez, segundo derecha, en la presentaci\u00f3n del nuevo patrocinio de la Fundaci\u00f3n Cajasol.  \/ bm<\/p>\n<p>Los dos ascensos que llevaron al club a la \u00e9lite<\/p>\n<p class=\"ft-text ft-helper-align-justify\">Un nuevo ascenso del \u00c1ngel Xim\u00e9nez a Plata tuvo lugar en la campa\u00f1a 10-11, entonces con Javier Elvira en el banquillo. Apenas dos a\u00f1os en Plata necesit\u00f3 para ganarse una plaza en la Asobal, una etapa que tuvo como colof\u00f3n aquella fase de ascenso de Ir\u00fan del 2013, pues all\u00ed subieron los pontanes al ganar por 28-26, precisamente al Bidasoa local.<\/p>\n<p class=\"ft-text ft-helper-align-justify\">Trece son los a\u00f1os que ya lleva el \u00c1ngel Xim\u00e9nez en la \u00e9lite, una gesta, calificada por muchos a\u00f1os como milagro, pero que Mariano Jim\u00e9nez ha dicho en muchas ocasiones que sigue alarg\u00e1ndose en el tiempo \u201cpor el trabajo de mucha gente\u201d. <strong>La octava ha sido la mejor plaza ocupada <\/strong>hasta el momento por los pontanos en la Asobal. Mientras, <strong>hasta las semifinales ha llegado en la Copa del Rey.<\/strong><\/p>\n<p class=\"ft-text ft-helper-align-justify\">El club de Puente Genil acaba de iniciar su 13\u00aa temporada consecutiva en la m\u00e1xima categor\u00eda. La permanencia ser\u00e1 de nuevo el objetivo b\u00e1sico de un club que con los a\u00f1os se ha ganado el respeto de todo el balonmano nacional. Ah\u00ed seguir\u00e1 estando Mariano Jim\u00e9nez para gestionar un club con tantos \u00e9xitos acumulados a lo largo de su dilatada historia.<\/p>\n","protected":false},"excerpt":{"rendered":"\u201cTras cumplirse los plazos establecidos con una \u00fanica candidatura presentada, queda proclamada la nueva Junta Directiva del club&hellip;\n","protected":false},"author":2,"featured_media":152643,"comment_status":"","ping_status":"","sticky":false,"template":"","format":"standard","meta":{"footnotes":""},"categories":[278],"tags":[3043,988,2906,376,13973,954,168,25,24,375,11672,3078,23,167],"class_list":{"0":"post-152642","1":"post","2":"type-post","3":"status-publish","4":"format-standard","5":"has-post-thumbnail","7":"category-balonmano","8":"tag-angel-ximenez","9":"tag-anos","10":"tag-asobal","11":"tag-balonmano","12":"tag-continuara","13":"tag-cuatro","14":"tag-deportes","15":"tag-es","16":"tag-espana","17":"tag-handball","18":"tag-jimenez","19":"tag-mariano","20":"tag-spain","21":"tag-sports"},"share_on_mastodon":{"url":"","error":""},"_links":{"self":[{"href":"https:\/\/www.europesays.com\/es\/wp-json\/wp\/v2\/posts\/152642","targetHints":{"allow":["GET"]}}],"collection":[{"href":"https:\/\/www.europesays.com\/es\/wp-json\/wp\/v2\/posts"}],"about":[{"href":"https:\/\/www.europesays.com\/es\/wp-json\/wp\/v2\/types\/post"}],"author":[{"embeddable":true,"href":"https:\/\/www.europesays.com\/es\/wp-json\/wp\/v2\/users\/2"}],"replies":[{"embeddable":true,"href":"https:\/\/www.europesays.com\/es\/wp-json\/wp\/v2\/comments?post=152642"}],"version-history":[{"count":0,"href":"https:\/\/www.europesays.com\/es\/wp-json\/wp\/v2\/posts\/152642\/revisions"}],"wp:featuredmedia":[{"embeddable":true,"href":"https:\/\/www.europesays.com\/es\/wp-json\/wp\/v2\/media\/152643"}],"wp:attachment":[{"href":"https:\/\/www.europesays.com\/es\/wp-json\/wp\/v2\/media?parent=152642"}],"wp:term":[{"taxonomy":"category","embeddable":true,"href":"https:\/\/www.europesays.com\/es\/wp-json\/wp\/v2\/categories?post=152642"},{"taxonomy":"post_tag","embeddable":true,"href":"https:\/\/www.europesays.com\/es\/wp-json\/wp\/v2\/tags?post=152642"}],"curies":[{"name":"wp","href":"https:\/\/api.w.org\/{rel}","templated":true}]}}