{"id":152647,"date":"2025-10-02T11:49:09","date_gmt":"2025-10-02T11:49:09","guid":{"rendered":"https:\/\/www.europesays.com\/es\/152647\/"},"modified":"2025-10-02T11:49:09","modified_gmt":"2025-10-02T11:49:09","slug":"conseguir-un-podio-asi-es-fundamental-como-motivacion-para-mi-y-el-equipo","status":"publish","type":"post","link":"https:\/\/www.europesays.com\/es\/152647\/","title":{"rendered":"Conseguir un podio as\u00ed es fundamental como motivaci\u00f3n para m\u00ed y el equipo"},"content":{"rendered":"<p>\u00a0\u00a0\u00a0MADRID, 2 Oct. (EUROPA PRESS) &#8211; <\/p>\n<p>\u00a0\u00a0\u00a0El piloto espa\u00f1ol de F\u00f3rmula Carlos Sainz (Williams) confes\u00f3 este jueves que conseguir el podio en el GP de Azerbaiy\u00e1n \u00abes fundamental\u00bb para su motivaci\u00f3n y la del equipo, despu\u00e9s de que los resultados no terminaran de llegar pese a trabajar \u00abmucho\u00bb con los de Grove, al mismo tiempo que afirm\u00f3 que Marina Bay \u00abno es una pista mala\u00bb para el equipo ingl\u00e9s.<\/p>\n<p>\u00a0\u00a0\u00a0\u00abConseguir un podio as\u00ed, como motivaci\u00f3n para mi y para el equipo es algo fundamental, que esperemos poder capitalizarlo y seguir hacia adelante con la misma mentalidad\u00bb, dijo el madrile\u00f1o desde Singapur en declaraciones a DAZN recogidas por Europa Press.<\/p>\n<p>\u00a0\u00a0\u00a0Sainz revel\u00f3 que subirse al podio en Bak\u00fa fue \u00abuna sensaci\u00f3n muy buena, sobre todo, a nivel motivacional y a nivel energ\u00eda\u00bb. \u00abEn una segunda mitad de temporada, que seguro que se pod\u00eda hacer larga si no empezaban a llegar resultados&#8230; Al final, he trabajado mucho durante todo el a\u00f1o y los resultados no acaban de llegar\u00bb, agreg\u00f3. <\/p>\n<p>\u00a0\u00a0\u00a0 Ahora, el siguiente paso es Marina Bay, un trazado \u00abbueno\u00bb para Williams, aunque la carga aerodin\u00e1mica puede ser un obst\u00e1culo. \u00abEs un aler\u00f3n trasero muy de alta carga, que a nosotros por alguna raz\u00f3n que todav\u00eda no entendemos, es una de las cosas que queremos mejorar como equipo. Ese aler\u00f3n trasero no nos funciona muy bien. Pero el tipo de curva, en teor\u00eda, no es mala para nosotros\u00bb, concluy\u00f3. <\/p>\n","protected":false},"excerpt":{"rendered":"\u00a0\u00a0\u00a0MADRID, 2 Oct. (EUROPA PRESS) &#8211; \u00a0\u00a0\u00a0El piloto espa\u00f1ol de F\u00f3rmula Carlos Sainz (Williams) confes\u00f3 este jueves que&hellip;\n","protected":false},"author":2,"featured_media":152648,"comment_status":"","ping_status":"","sticky":false,"template":"","format":"standard","meta":{"footnotes":""},"categories":[270],"tags":[168,25,24,306,271,272,23,167],"class_list":{"0":"post-152647","1":"post","2":"type-post","3":"status-publish","4":"format-standard","5":"has-post-thumbnail","7":"category-formula-1","8":"tag-deportes","9":"tag-es","10":"tag-espana","11":"tag-f1","12":"tag-formula-1","13":"tag-formula1","14":"tag-spain","15":"tag-sports"},"share_on_mastodon":{"url":"","error":""},"_links":{"self":[{"href":"https:\/\/www.europesays.com\/es\/wp-json\/wp\/v2\/posts\/152647","targetHints":{"allow":["GET"]}}],"collection":[{"href":"https:\/\/www.europesays.com\/es\/wp-json\/wp\/v2\/posts"}],"about":[{"href":"https:\/\/www.europesays.com\/es\/wp-json\/wp\/v2\/types\/post"}],"author":[{"embeddable":true,"href":"https:\/\/www.europesays.com\/es\/wp-json\/wp\/v2\/users\/2"}],"replies":[{"embeddable":true,"href":"https:\/\/www.europesays.com\/es\/wp-json\/wp\/v2\/comments?post=152647"}],"version-history":[{"count":0,"href":"https:\/\/www.europesays.com\/es\/wp-json\/wp\/v2\/posts\/152647\/revisions"}],"wp:featuredmedia":[{"embeddable":true,"href":"https:\/\/www.europesays.com\/es\/wp-json\/wp\/v2\/media\/152648"}],"wp:attachment":[{"href":"https:\/\/www.europesays.com\/es\/wp-json\/wp\/v2\/media?parent=152647"}],"wp:term":[{"taxonomy":"category","embeddable":true,"href":"https:\/\/www.europesays.com\/es\/wp-json\/wp\/v2\/categories?post=152647"},{"taxonomy":"post_tag","embeddable":true,"href":"https:\/\/www.europesays.com\/es\/wp-json\/wp\/v2\/tags?post=152647"}],"curies":[{"name":"wp","href":"https:\/\/api.w.org\/{rel}","templated":true}]}}