{"id":152649,"date":"2025-10-02T11:50:10","date_gmt":"2025-10-02T11:50:10","guid":{"rendered":"https:\/\/www.europesays.com\/es\/152649\/"},"modified":"2025-10-02T11:50:10","modified_gmt":"2025-10-02T11:50:10","slug":"cazan-a-luka-doncic-en-una-hamburgueseria-de-comida-rapida-durante-la-pretemporada-de-los-lakers","status":"publish","type":"post","link":"https:\/\/www.europesays.com\/es\/152649\/","title":{"rendered":"\u00a1Cazan a Luka Doncic en una hamburgueser\u00eda de comida r\u00e1pida durante la pretemporada de los Lakers!"},"content":{"rendered":"<p class=\"ft-text\"><strong>Luka Don\u010di\u0107 ha sido criticado m\u00faltiples veces por su forma f\u00edsica. <\/strong>Aunque el esloveno, que empez\u00f3 su carrera en el Real Madrid, se convirti\u00f3 r\u00e1pidamente en uno de los<strong> jugadores m\u00e1s populares de la NBA<\/strong>, siendo seleccionado <strong>All-Star cinco veces<\/strong>, muchas veces se le ha acusado de supuesto <strong>sobrepeso<\/strong>, llegando algunas personas a decir que est\u00e1 \u00ab<strong>gordo<\/strong>\u00bb y a cuestionar sus h\u00e1bitos alimenticios ya que, a pesar de su talento, parec\u00eda fuera de forma.<\/p>\n<p class=\"ft-text\"><strong>Pero este verano todo cambi\u00f3. <\/strong>Se someti\u00f3 a un<strong> cambio f\u00edsico descomunal<\/strong>, hasta el punto de convertirse en un<strong> modelo fitness de la revista Men\u2019s Health.\u00a0<\/strong>Pero se ha vuelto a viralizar un video que le puede perjudicar a nivel social. Y es que el jugador de los Lakers, <strong>en pleno inicio de pretemporada, ha sido visto recogiendo un pedido en In-N-Out Burger, una\u00a0cadena estadounidense de restaurantes de comida r\u00e1pida, <\/strong>especializada en hamburguesas y papas fritas.<\/p>\n<p class=\"ft-text\">Las im\u00e1genes se volvieron virales y ha sido bastante criticado, de nuevo, por redes sociales. Sin embargo, eso no quita que <strong>Doncic quiera darse un placer<\/strong> mientras sigue su estricta dieta de deportista.<\/p>\n<p class=\"ft-text\">El esloveno, estrella de Los \u00c1ngeles Lakers,\u00a0afronta una temporada muy ilusionante. El propio jugador ha admitido que fue \u00abcomplicado\u00bb llegar a mitad de temporada el curso pasado y que tener la oportunidad de trabajar junto al resto de sus compa\u00f1eros en la pretemporada va a dar muchos beneficios a su equipo. \u201c<strong>No tuvimos mucho tiempo la temporada pasada, y por eso la pretemporada es importante, para conocer a todos, ver qu\u00e9 le gusta a la gente<\/strong>. Tendremos muchos entrenamientos y estoy ilusionado\u201d, dijo Doncic.<\/p>\n<p class=\"ft-text\">Doncic regres\u00f3 a Los \u00c1ngeles tras su paso por el Eurobasket con Eslovenia e integra un equipo que se reforz\u00f3 con Deandre Ayton y Marcus Smart, entre otros, de cara a la nueva temporada. \u201cA\u00f1adimos buenas piezas, estoy ilusionado. Estoy contento por tener a compa\u00f1eros que fueron rivales duros para m\u00ed en el pasado\u201d, afirm\u00f3.<\/p>\n","protected":false},"excerpt":{"rendered":"Luka Don\u010di\u0107 ha sido criticado m\u00faltiples veces por su forma f\u00edsica. Aunque el esloveno, que empez\u00f3 su carrera&hellip;\n","protected":false},"author":2,"featured_media":152650,"comment_status":"","ping_status":"","sticky":false,"template":"","format":"standard","meta":{"footnotes":""},"categories":[269],"tags":[299,298,24913,168,7426,25,24,12377,46101,46102,10200,23,167],"class_list":{"0":"post-152649","1":"post","2":"type-post","3":"status-publish","4":"format-standard","5":"has-post-thumbnail","7":"category-baloncesto","8":"tag-baloncesto","9":"tag-basketball","10":"tag-cazan","11":"tag-deportes","12":"tag-doncic","13":"tag-es","14":"tag-espana","15":"tag-hamburgueseria","16":"tag-in-fraganti","17":"tag-in-n-out-burguer","18":"tag-luka","19":"tag-spain","20":"tag-sports"},"share_on_mastodon":{"url":"","error":""},"_links":{"self":[{"href":"https:\/\/www.europesays.com\/es\/wp-json\/wp\/v2\/posts\/152649","targetHints":{"allow":["GET"]}}],"collection":[{"href":"https:\/\/www.europesays.com\/es\/wp-json\/wp\/v2\/posts"}],"about":[{"href":"https:\/\/www.europesays.com\/es\/wp-json\/wp\/v2\/types\/post"}],"author":[{"embeddable":true,"href":"https:\/\/www.europesays.com\/es\/wp-json\/wp\/v2\/users\/2"}],"replies":[{"embeddable":true,"href":"https:\/\/www.europesays.com\/es\/wp-json\/wp\/v2\/comments?post=152649"}],"version-history":[{"count":0,"href":"https:\/\/www.europesays.com\/es\/wp-json\/wp\/v2\/posts\/152649\/revisions"}],"wp:featuredmedia":[{"embeddable":true,"href":"https:\/\/www.europesays.com\/es\/wp-json\/wp\/v2\/media\/152650"}],"wp:attachment":[{"href":"https:\/\/www.europesays.com\/es\/wp-json\/wp\/v2\/media?parent=152649"}],"wp:term":[{"taxonomy":"category","embeddable":true,"href":"https:\/\/www.europesays.com\/es\/wp-json\/wp\/v2\/categories?post=152649"},{"taxonomy":"post_tag","embeddable":true,"href":"https:\/\/www.europesays.com\/es\/wp-json\/wp\/v2\/tags?post=152649"}],"curies":[{"name":"wp","href":"https:\/\/api.w.org\/{rel}","templated":true}]}}