{"id":152653,"date":"2025-10-02T11:52:09","date_gmt":"2025-10-02T11:52:09","guid":{"rendered":"https:\/\/www.europesays.com\/es\/152653\/"},"modified":"2025-10-02T11:52:09","modified_gmt":"2025-10-02T11:52:09","slug":"no-era-una-madre-al-uso-no-se-le-daba-bien-la-cocina-no-hacia-conmigo-cosas-de-ninos-de-hecho-hacia-conmigo-cosas-de-adultos","status":"publish","type":"post","link":"https:\/\/www.europesays.com\/es\/152653\/","title":{"rendered":"No era una madre al uso, no se le daba bien la cocina, no hac\u00eda conmigo cosas de ni\u00f1os. De hecho, hac\u00eda conmigo cosas de adultos"},"content":{"rendered":"<p data-journey-content=\"true\" data-node-id=\"3\" class=\"css-6wxqfj emevuu60\"><strong data-node-id=\"3.0\">Pilar Mir\u00f3<\/strong> fue una de las mujeres m\u00e1s importantes en la Transici\u00f3n por su trayectoria en Televisi\u00f3n Espa\u00f1ola y por sus \u00e9xitos en el cine. Lleg\u00f3 a TVE en 1962 y con perseverancia logr\u00f3 hacerse un hueco <strong data-node-id=\"3.2\">en un mundo dominado por hombres. <\/strong>Pero <a href=\"https:\/\/www.diezminutos.es\/teleprograma\/programacion-tv\/a35934105\/el-perro-del-hortelano-lope-de-vega-pelicula-reparto-la2-emma-suarez-carmelo-gomez-pilar-miro\/\" target=\"_blank\" data-vars-ga-outbound-link=\"https:\/\/www.diezminutos.es\/teleprograma\/programacion-tv\/a35934105\/el-perro-del-hortelano-lope-de-vega-pelicula-reparto-la2-emma-suarez-carmelo-gomez-pilar-miro\/\" data-vars-ga-ux-element=\"Hyperlink\" data-vars-ga-call-to-action=\"el cine fue la gran pasi\u00f3n de Pilar Mir\u00f3\" data-node-id=\"3.4\" class=\"body-link css-177bzfx emevuu60\" rel=\"nofollow noopener\">el cine fue la gran pasi\u00f3n de Pilar Mir\u00f3<\/a>, como demostr\u00f3 en &#8216;El crimen de Cuenca&#8217;, una pel\u00edcula censurada y que <strong data-node-id=\"3.6\">casi le cuesta la pena de prisi\u00f3n a Mir\u00f3. <\/strong><\/p>\n<p data-journey-content=\"true\" data-node-id=\"6\" class=\"css-6wxqfj emevuu60\">Felipe Gonz\u00e1lez decide confiar en ella para ocupar <strong data-node-id=\"6.1\">la Direcci\u00f3n General de Cinematograf\u00eda<\/strong>. En esta \u00e9poca volvi\u00f3 a hacer historia, ya que <strong data-node-id=\"6.3\">consigui\u00f3 sacar adelante la Ley Mir\u00f3, que cambi\u00f3 la industria del cine en Espa\u00f1a al modificar el sistema de subvenciones al cine. <\/strong>El siguiente cargo que ocup\u00f3 fue el de <strong data-node-id=\"6.5\">Directora General de Radiotelevisi\u00f3n Espa\u00f1ola en 1986<\/strong>. Fue <strong data-node-id=\"6.7\">la primera mujer en ocupar este puesto<\/strong> y durante su mandato cre\u00f3 una televisi\u00f3n avanzada y moderna.<\/p>\n<p><img draggable=\"true\" alt=\"pilar miro\" title=\"pilar miro\" loading=\"lazy\" width=\"3514\" height=\"2487\" decoding=\"async\" data-nimg=\"1\" style=\"color:transparent;width:100%;height:auto;\"   src=\"https:\/\/www.europesays.com\/es\/wp-content\/uploads\/2025\/10\/dl-a00198224-68de306a200e0.jpg\" class=\"css-0 e1g79fud0\"\/><\/p>\n<p>SFGP<\/p>\n<p>Gonzal\u00f3 Mir\u00f3 se qued\u00f3 hu\u00e9rfano tras la muerte de su madre Pilar a los 57 a\u00f1os<\/p>\n<p data-journey-content=\"true\" data-node-id=\"10\" class=\"css-6wxqfj emevuu60\">En el plano personal, Pilar <strong data-node-id=\"10.1\">arrastraba una insuficiencia cardiaca desde ni\u00f1a<\/strong> y los m\u00e9dicos le aconsejaron que no se quedara embarazada. Pero no les hizo caso y <a href=\"https:\/\/www.diezminutos.es\/famosos-corazon\/famosos-espanoles\/g28229126\/famosos-maternidad-paternidad-solitario\/\" target=\"_blank\" data-vars-ga-outbound-link=\"https:\/\/www.diezminutos.es\/famosos-corazon\/famosos-espanoles\/g28229126\/famosos-maternidad-paternidad-solitario\/\" data-vars-ga-ux-element=\"Hyperlink\" data-vars-ga-call-to-action=\"tuvo a Gonzalo con 41 a\u00f1os\" data-node-id=\"10.3\" class=\"body-link css-177bzfx emevuu60\" rel=\"nofollow noopener\">tuvo a Gonzalo con 41 a\u00f1os<\/a>. \u00abNecesitaba querer a alguien\u00bb, dijo Pilar Mir\u00f3. Pero dos d\u00edas despu\u00e9s de la tarea tit\u00e1nica de dirigir la retransmisi\u00f3n de la boda de la infanta Cristina con I\u00f1aki Urdangarin, la directora falleci\u00f3 de un infarto con solo 57 a\u00f1os.<\/p>\n<p><img draggable=\"true\" alt=\"pilar miro y su hijo gonzalo miro\" title=\"pilar miro y su hijo gonzalo miro\" loading=\"lazy\" width=\"1965\" height=\"1329\" decoding=\"async\" data-nimg=\"1\" style=\"color:transparent;width:100%;height:auto;\"   src=\"https:\/\/www.europesays.com\/es\/wp-content\/uploads\/2025\/10\/sc-pilar-e-hijo-2-68de309297cfb.jpg\" class=\"css-0 e1g79fud0\"\/><\/p>\n<p>AGUST\u00cdN QUEVEDO<\/p>\n<p data-journey-content=\"true\" data-node-id=\"15\" class=\"css-6wxqfj emevuu60\">\u00ab<strong data-node-id=\"15.1\">No era una madre al uso, no se le daba bien la cocina, no hac\u00eda conmigo cosas de ni\u00f1os. De hecho, hac\u00eda conmigo cosas de adultos<\/strong>\u00ab, reconoci\u00f3 <a href=\"https:\/\/www.diezminutos.es\/famosos-corazon\/famosos-espanoles\/a35322081\/gonzalo-miro-entrevista-rosa-villacastin\/\" target=\"_blank\" data-vars-ga-outbound-link=\"https:\/\/www.diezminutos.es\/famosos-corazon\/famosos-espanoles\/a35322081\/gonzalo-miro-entrevista-rosa-villacastin\/\" data-vars-ga-ux-element=\"Hyperlink\" data-vars-ga-call-to-action=\"Gonzalo Mir\u00f3\" data-node-id=\"15.3\" class=\"body-link css-177bzfx emevuu60\" rel=\"nofollow noopener\">Gonzalo Mir\u00f3<\/a> en el programa especial que &#8216;<a href=\"https:\/\/www.diezminutos.es\/teleprograma\/programas-tv\/a36967421\/lazos-de-sangre-tve-cuarta-temporada-estreno-protagonistas\/\" target=\"_blank\" data-vars-ga-outbound-link=\"https:\/\/www.diezminutos.es\/teleprograma\/programas-tv\/a36967421\/lazos-de-sangre-tve-cuarta-temporada-estreno-protagonistas\/\" data-vars-ga-ux-element=\"Hyperlink\" data-vars-ga-call-to-action=\"Lazos de Sangre\" data-node-id=\"15.5\" class=\"body-link css-177bzfx emevuu60\" rel=\"nofollow noopener\">Lazos de Sangre<\/a>&#8216; realiz\u00f3 en el 25 aniversario de su muerte. \u00abYo recuerdo haber ido a la \u00f3pera con 8 a\u00f1os, o haber visto &#8216;El gatopardo&#8217; con 12\u00bb, desvela. <strong data-node-id=\"15.7\">\u00ab<\/strong>Creo que Gonzalo es el hombre de la vida de Pilar Mir\u00f3\u00bb, dice \u00c1ngel Antonio Herrera.  <\/p>\n<p data-journey-content=\"true\" data-node-id=\"17\" class=\"css-6wxqfj emevuu60\">\u00abYo no recuerdo una infancia de estar con mi madre en los sitios t\u00edpicos donde hab\u00eda mas ni\u00f1os. Me crie en un entorno de c\u00e1maras de televisi\u00f3n, plat\u00f3s, sets de rodaje. No s\u00e9 como se lo logr\u00f3, pero consigui\u00f3 dejarme en lugares donde yo me encontraba muy a gusto con gente querida\u00bb, explic\u00f3 Gonzalo, que se qued\u00f3 hu\u00e9rfano con 16 a\u00f1os.<\/p>\n<p><img draggable=\"true\" alt=\"gonzalo miro\" title=\"gonzalo miro\" loading=\"lazy\" width=\"6000\" height=\"4000\" decoding=\"async\" data-nimg=\"1\" style=\"color:transparent;width:100%;height:auto;\"   src=\"https:\/\/www.europesays.com\/es\/wp-content\/uploads\/2025\/10\/gonzalo-miro-68de2dbe9844a.jpg\" class=\"css-0 e1g79fud0\"\/><\/p>\n<p>Jose Ignacio Viseras<\/p>\n<p data-journey-content=\"true\" data-node-id=\"20\" class=\"css-6wxqfj emevuu60\">A pesar de que Pilar Mir\u00f3 fue una mujer que se entreg\u00f3 en su trabajo, su mente solo pod\u00eda pensar en su hijo Gonzalo. \u00abYo entiendo que mi madre quer\u00eda compensar esos momentos de ausencia, en los que ella no pod\u00eda estar conmigo con tenerme contento cuando estaba conmigo. Yo eso lo sab\u00eda y lo utilizaba\u00bb, reconoce ahora el presentador de &#8216;<a href=\"https:\/\/www.diezminutos.es\/teleprograma\/programas-tv\/a65864242\/gonzalo-miro-ficha-rtve-directo-al-grano-marta-flich\/\" target=\"_blank\" data-vars-ga-outbound-link=\"https:\/\/www.diezminutos.es\/teleprograma\/programas-tv\/a65864242\/gonzalo-miro-ficha-rtve-directo-al-grano-marta-flich\/\" data-vars-ga-ux-element=\"Hyperlink\" data-vars-ga-call-to-action=\"Directo al grano\" data-node-id=\"20.1\" class=\"body-link css-177bzfx emevuu60\" rel=\"nofollow noopener\">Directo al grano<\/a>&#8216;. <\/p>\n<p data-journey-content=\"true\" data-node-id=\"22\" class=\"css-6wxqfj emevuu60\">\u00abJam\u00e1s note una ausencia afectiva que me provocara la necesidad de querer a alguien m\u00e1s a mi lado que no fuera mi madre. Supo perfectamente como entablar una relaci\u00f3n de amistad y no solo de madre e hijo. Los dos pod\u00edamos presumir de eso, ten\u00edamos mucha confianza el uno en el otro\u00bb. <\/p>\n<p><img draggable=\"true\" alt=\"gonzalo miro con premio goya a su madre pilar miro\" title=\"gonzalo miro\" loading=\"lazy\" width=\"2088\" height=\"2998\" decoding=\"async\" data-nimg=\"1\" style=\"color:transparent;width:100%;height:auto;\"   src=\"https:\/\/www.europesays.com\/es\/wp-content\/uploads\/2025\/10\/sc-goya-68de311b78ac5.jpg\" class=\"css-0 e1g79fud0\"\/>Lola Heras _ HF<\/p>\n<p>Gonzalo Mir\u00f3 con premio Goya a su madre Pilar Mir\u00f3<\/p>\n<p data-journey-content=\"true\" data-node-id=\"25\" class=\"css-6wxqfj emevuu60\">Sin embargo, a pesar de ser solo un adolescente, Gonzalo Mir\u00f3 sab\u00eda que la salud de su madre no era la mejor. \u00abYo recuerdo desde muy peque\u00f1o ser consciente de que mi madre ten\u00eda problemas de coraz\u00f3n y eso no lo llevaba bien.   Recuerdo en el silencio de la noche escuchar su coraz\u00f3n, se escuchaba mucho\u00bb.  <\/p>\n<p data-journey-content=\"true\" data-node-id=\"27\" class=\"css-6wxqfj emevuu60\">Pilar Mir\u00f3 muere en 1997 y su hijo es testigo de la muerte. \u00abEra un domingo normal, era media ma\u00f1ana, recuerdo que nos vimos en el desayuno, pero se fue a la habitaci\u00f3n y subi\u00f3 a la planta de arriba al fax. Fue algo fulminante, no hubo tiempo para nada. Yo recuerdo que llam\u00e9 a la polic\u00eda y recuerdo la cara del polic\u00eda cuando la vio. Fue cuando supo que no hab\u00eda nada que hacer. <\/p>\n<p><img src=\"https:\/\/www.europesays.com\/es\/wp-content\/uploads\/2025\/10\/04c0b0af-4dfe-409a-8e0c-876f8f325877_1664867977.file\" alt=\"Headshot of Ignacio Herruzo Mart\u00ednez\" title=\"Headshot of Ignacio Herruzo Mart\u00ednez\" width=\"100%\" height=\"100%\" decoding=\"async\" loading=\"lazy\" class=\"css-o0wq4v ev8dhu53\"\/><\/p>\n<p>Ignacio es experto en cultura, pero desde hace m\u00e1s de 10 a\u00f1os se ha especializado en cine y series, tanto las que se estrenan en la gran pantalla como en las plataformas de streaming. Lo mismo te habla de los estrenos de Netflix, HBO Max o Amazon Prime Video, como que te cuenta la \u00faltima hora de \u2018Masterchef\u2019 o de cualquier otro programa de televisi\u00f3n. \u00a0\u00a0<\/p>\n<p>Con ya una larga experiencia como cr\u00edtico, conoce las mejores series y pel\u00edculas y le encanta verlas antes que t\u00fa para poder decirte si merecen la pena o no. Conoce todos los estrenos de la semana y le encanta recomendar series y pel\u00edculas a sus amigos, familiares y a los lectores, algo que ha ido haciendo en diferentes blogs personales y a trav\u00e9s de las redes sociales. Le gusta todo: sigue a grandes directores como Martin Scorsese, Quentin Tarantino o Steven Spielberg, y se sabe de memoria todo el universo de Marvel, Star Wars, El se\u00f1or de los anillos y el mundo Disney. \u00a0\u00a0\u00a0<\/p>\n<p>La cultura es su principal hobby y aunque se considera un cin\u00e9filo, tambi\u00e9n le encanta la m\u00fasica, sobre todo internacional, y los videojuegos, a los que dedica todo el tiempo que le deja el cine y las series, claro. El deporte es su otra pasi\u00f3n, que desarroll\u00f3 en sus inicios en el diario deportivo MARCA. \u00a0\u00a0Ignacio Herruzo es Graduado en Periodismo por la Universidad Rey Juan Carlos en 2012. Desde entonces no ha parado de escribir desde que comenz\u00f3 en 2013 en el grupo Hearst, donde ha ejercido de redactor en diferentes webs y revistas como Teleprograma, Supertele y Diez Minutos. \u00a0<\/p>\n","protected":false},"excerpt":{"rendered":"Pilar Mir\u00f3 fue una de las mujeres m\u00e1s importantes en la Transici\u00f3n por su trayectoria en Televisi\u00f3n Espa\u00f1ola&hellip;\n","protected":false},"author":2,"featured_media":152654,"comment_status":"","ping_status":"","sticky":false,"template":"","format":"standard","meta":{"footnotes":""},"categories":[174],"tags":[255,253,146,147,25,24,256,23],"class_list":{"0":"post-152653","1":"post","2":"type-post","3":"status-publish","4":"format-standard","5":"has-post-thumbnail","7":"category-famosos","8":"tag-celebrities","9":"tag-discover","10":"tag-entertainment","11":"tag-entretenimiento","12":"tag-es","13":"tag-espana","14":"tag-famosos","15":"tag-spain"},"share_on_mastodon":{"url":"","error":""},"_links":{"self":[{"href":"https:\/\/www.europesays.com\/es\/wp-json\/wp\/v2\/posts\/152653","targetHints":{"allow":["GET"]}}],"collection":[{"href":"https:\/\/www.europesays.com\/es\/wp-json\/wp\/v2\/posts"}],"about":[{"href":"https:\/\/www.europesays.com\/es\/wp-json\/wp\/v2\/types\/post"}],"author":[{"embeddable":true,"href":"https:\/\/www.europesays.com\/es\/wp-json\/wp\/v2\/users\/2"}],"replies":[{"embeddable":true,"href":"https:\/\/www.europesays.com\/es\/wp-json\/wp\/v2\/comments?post=152653"}],"version-history":[{"count":0,"href":"https:\/\/www.europesays.com\/es\/wp-json\/wp\/v2\/posts\/152653\/revisions"}],"wp:featuredmedia":[{"embeddable":true,"href":"https:\/\/www.europesays.com\/es\/wp-json\/wp\/v2\/media\/152654"}],"wp:attachment":[{"href":"https:\/\/www.europesays.com\/es\/wp-json\/wp\/v2\/media?parent=152653"}],"wp:term":[{"taxonomy":"category","embeddable":true,"href":"https:\/\/www.europesays.com\/es\/wp-json\/wp\/v2\/categories?post=152653"},{"taxonomy":"post_tag","embeddable":true,"href":"https:\/\/www.europesays.com\/es\/wp-json\/wp\/v2\/tags?post=152653"}],"curies":[{"name":"wp","href":"https:\/\/api.w.org\/{rel}","templated":true}]}}