{"id":152657,"date":"2025-10-02T11:55:08","date_gmt":"2025-10-02T11:55:08","guid":{"rendered":"https:\/\/www.europesays.com\/es\/152657\/"},"modified":"2025-10-02T11:55:08","modified_gmt":"2025-10-02T11:55:08","slug":"es-del-creador-de-peaky-blinders-y-es-la-mejor-serie-que-vas-a-ver-en-2025-son-8-episodios-d-okdiario","status":"publish","type":"post","link":"https:\/\/www.europesays.com\/es\/152657\/","title":{"rendered":"Es del creador de \u2018Peaky Blinders\u2019 y es la mejor serie que vas a ver en 2025: son 8 episodios d&#8230; &#8211; OkDiario"},"content":{"rendered":"<ol>\n<li><a href=\"https:\/\/news.google.com\/rss\/articles\/CBMivwFBVV95cUxNYXI3TEEwQUV1WmNINVZ5UHc5aEVYZUhTSm41LS1nak42RmJlYmdRNW1vc0oybjBZRlhobGpYSGJQSnRsbTRxanA2UmdzZ0J3OXlpUG9XVmZDWGQ1RHoxckNLcTM1N0lGVnBwcHZIUWw5ZTlndjhhRnp1SE9WaUJ3OGlZdGhPbWpHUjJWSHY5b1R5UWt2Z3BqbjJheDA3VVYwT0M0eFg4Wlh2LWphdmZFelZSbENSdHpxRjFUdjFjNNIBxAFBVV95cUxQR2JOWl9Vb3FGSVNYNFlqQUcwQVlibUg4b3RUamZWRWhzSjNkTGlaMFByNHFBSFRlWGRmOVhnXzF2dEg1V18zcHF4T21xNWFqa05OV3dLRzFNdFU0U3NqLXFFZElFbFN2Yl9pOFFEWElhOVdLcDNYTG1qSHpkd25OUVVUME1ySThrQVRKOG1qZDJnOFN1Z0NmWTEtNGgwaVJvaGVWRXFTbkNyTUFlZ1RXVnFtOWE5QmRLTkJJeDM2UkVMUWts?oc=5\" target=\"_blank\" rel=\"nofollow noopener\">Es del creador de \u2018Peaky Blinders\u2019 y es la mejor serie que vas a ver en 2025: son 8 episodios d&#8230;<\/a>&nbsp;&nbsp;OkDiario<\/li>\n<li><a href=\"https:\/\/news.google.com\/rss\/articles\/CBMimwFBVV95cUxQb2ZFSXlXakMyLUdzdmtBZWtXbEVVb2ZYR1RqYnZyaTRtc1NGT3k1bUFVclNtSG9HUzNEdjk5Z1VwbDJnV3lLV1BfdkJFX01rcVdva3BTSFAtMEpxWENGOS1rd3lobElpaHhZTjg1aFBmRUJZNzNySXl1d1pOMnJRRHdqUjd1eVJ4WmpsQ1ZXOE5idnBGaTVuSElYNA?oc=5\" target=\"_blank\" rel=\"nofollow noopener\">D\u00f3nde est\u00e1n ahora los miembros de la familia Guinness: as\u00ed ha continuado la saga de la adictiva y emocionante serie de \u00e9poca de Netflix &#8216;La casa Guinness&#8217;<\/a>&nbsp;&nbsp;ELLE<\/li>\n<li><a href=\"https:\/\/news.google.com\/rss\/articles\/CBMiqgFBVV95cUxNYzRXcVRET24zR3ZUQzl5ZGVpeENDU1k5OFVGOXh0Z2tQc3NlTXZTUmlfSzlVWXRyZkkyanFaaEJyV09ybEUyWk1WdnFwTFpyYVlUUEVKN2NXRk1YakV0M3oyVXR6MUtWZTg4U2hVaGZ2UDdlUnNwQ3k0T0M3dDkyakthbERZMnhNZ1hTZWxIR096TEFBaU1BU1BDdUJVbWhSdkg2ZnFub2ZEdw?oc=5\" target=\"_blank\" rel=\"nofollow noopener\">Acaba de llegar a Netflix una estupenda serie de \u00e9poca brit\u00e1nica basada en hechos reales, de s\u00f3lo 8 cap\u00edtulos y que ya est\u00e1 entre lo m\u00e1s visto en Espa\u00f1a<\/a>&nbsp;&nbsp;Cosmopolitan<\/li>\n<li><a href=\"https:\/\/news.google.com\/rss\/articles\/CBMipAFBVV95cUxNUXZjNFV6M2tqRkxDWW9jUC1KdnhOREtmNXVQRmJiOHItT0hya1dMWnBvNVprSHdtVGVnMlBsQVJOOHdxaWJ5MnZ6MmtnbjA3X3FQM09oVE5wUzR0ZkVmVnp4UGtYQTJMbzN6NThvZkRWeWxUV3ZhOFBJLXp0MDdfajZadjR6V1NPcGtBVExlcVVLeVlSZ2E4Zm1Wa0R6azhoNGY1OQ?oc=5\" target=\"_blank\" rel=\"nofollow noopener\">\u201cSi hubiese sido pobre, habr\u00eda sido feliz\u201d: asesinatos, sobredosis y accidentes de coche, la \u201cmaldici\u00f3n familiar\u201d de la dinast\u00eda de los Guinness<\/a>&nbsp;&nbsp;Vanity Fair Espa\u00f1a<\/li>\n<li><a href=\"https:\/\/news.google.com\/rss\/articles\/CBMiqwFBVV95cUxNZFBsd3VhbGpSQzVHdlFLM0Vzdm4tNTM5Rm1JNGRHakVudjk2TTZOeDdmcnJFXzQyZl9EWHdEMmNObi1ZQks2MGw2b3V3Y0NOa1VtaWpQZ1F4T3dTU0VtbFlWQzBjSUFSXzZ2aTcxUE1DanJya1ZvUE9GQnRLazY0SGo3M3FLVFp2X2NGUS0tRVBVc3FjUW9LMV9xN2tDb2JjazJQZEVGVWllM1E?oc=5\" target=\"_blank\" rel=\"nofollow noopener\">La maldici\u00f3n Guinness: el lado oscuro de la dinast\u00eda que Netflix no se ha atrevido a retratar<\/a>&nbsp;&nbsp;ABC<\/li>\n<\/ol>\n","protected":false},"excerpt":{"rendered":"Es del creador de \u2018Peaky Blinders\u2019 y es la mejor serie que vas a ver en 2025: son&hellip;\n","protected":false},"author":2,"featured_media":152658,"comment_status":"","ping_status":"","sticky":false,"template":"","format":"standard","meta":{"footnotes":""},"categories":[171],"tags":[146,147,25,24,23,214],"class_list":{"0":"post-152657","1":"post","2":"type-post","3":"status-publish","4":"format-standard","5":"has-post-thumbnail","7":"category-tv","8":"tag-entertainment","9":"tag-entretenimiento","10":"tag-es","11":"tag-espana","12":"tag-spain","13":"tag-tv"},"share_on_mastodon":{"url":"","error":""},"_links":{"self":[{"href":"https:\/\/www.europesays.com\/es\/wp-json\/wp\/v2\/posts\/152657","targetHints":{"allow":["GET"]}}],"collection":[{"href":"https:\/\/www.europesays.com\/es\/wp-json\/wp\/v2\/posts"}],"about":[{"href":"https:\/\/www.europesays.com\/es\/wp-json\/wp\/v2\/types\/post"}],"author":[{"embeddable":true,"href":"https:\/\/www.europesays.com\/es\/wp-json\/wp\/v2\/users\/2"}],"replies":[{"embeddable":true,"href":"https:\/\/www.europesays.com\/es\/wp-json\/wp\/v2\/comments?post=152657"}],"version-history":[{"count":0,"href":"https:\/\/www.europesays.com\/es\/wp-json\/wp\/v2\/posts\/152657\/revisions"}],"wp:featuredmedia":[{"embeddable":true,"href":"https:\/\/www.europesays.com\/es\/wp-json\/wp\/v2\/media\/152658"}],"wp:attachment":[{"href":"https:\/\/www.europesays.com\/es\/wp-json\/wp\/v2\/media?parent=152657"}],"wp:term":[{"taxonomy":"category","embeddable":true,"href":"https:\/\/www.europesays.com\/es\/wp-json\/wp\/v2\/categories?post=152657"},{"taxonomy":"post_tag","embeddable":true,"href":"https:\/\/www.europesays.com\/es\/wp-json\/wp\/v2\/tags?post=152657"}],"curies":[{"name":"wp","href":"https:\/\/api.w.org\/{rel}","templated":true}]}}