{"id":152659,"date":"2025-10-02T11:57:09","date_gmt":"2025-10-02T11:57:09","guid":{"rendered":"https:\/\/www.europesays.com\/es\/152659\/"},"modified":"2025-10-02T11:57:09","modified_gmt":"2025-10-02T11:57:09","slug":"mirad-bien-los-russos-estan-jugando-con-los-fans-de-marvel-una-nueva-imagen-da-pistas-sobre-la-trama-de-vengadores-doomsday","status":"publish","type":"post","link":"https:\/\/www.europesays.com\/es\/152659\/","title":{"rendered":"\u00abMirad bien\u00bb. Los Russos est\u00e1n jugando con los fans de Marvel. Una nueva imagen da pistas sobre la trama de &#8216;Vengadores: Doomsday&#8217;"},"content":{"rendered":"<p>Se est\u00e1 fraguando a fuego lento el hype con <a class=\"text-outboundlink\" href=\"https:\/\/www.espinof.com\/todo-lo-que-sabemos\/vengadores-5-fecha-estreno-trailer-reparto-pelicula-superheroes-marvel\" data-vars-post-title=\"&#039;Vengadores: Doomsday&#039;, todo lo que sabemos de la pel\u00edcula de superh\u00e9roes de Marvel con el regreso de Robert Downey Jr y los hermanos Russo\" data-vars-post-url=\"https:\/\/www.espinof.com\/todo-lo-que-sabemos\/vengadores-5-fecha-estreno-trailer-reparto-pelicula-superheroes-marvel\" rel=\"nofollow noopener\" target=\"_blank\">&#8216;Vengadores: Doomsday&#8217;<\/a>. Hace ya m\u00e1s de un a\u00f1o que supimos de la vuelta de Robert Downey Jr. y de los Russo al universo Marvel. El primero interpretar\u00e1 al villano Dr. Doom (en un movimiento con el que muchos a\u00fan creen que hay gato encerrado multiversal) y los segundos se encargar\u00e1n de dirigir tanto esta como la siguiente entrega del grupo superher\u00f3ico. Desde entonces, no es que hayamos sabido mucho m\u00e1s.<\/p>\n<p><strong>Ayer los Russo quisieron animar un poco la conversaci\u00f3n, a la vez que eran incre\u00edblemente opacos<\/strong>. Compartieron en instagram <a rel=\"noopener, noreferrer nofollow\" href=\"https:\/\/www.instagram.com\/p\/DPO6-MniMAa\/?utm_source=ig_embed&amp;ig_rid=959e398c-56fe-4fe7-9efd-50d67d766791\" target=\"_blank\">una imagen<\/a> del set de &#8216;Doomsday&#8217; que de primeras no es m\u00e1s que cualquier otro set de Marvel para rodaje de escenas CGI, y hac\u00edan una invitaci\u00f3n a los fans: \u00abMirad bien\u00bb. No faltaron chistes de que ah\u00ed no se ve\u00eda nada: o como mucho, se ve\u00edan superh\u00e9roes \u00abinvisibles\u00bb: \u00ab\u00a1Tener a Sue, Drax y John Cena en una misma foto es una locura!\u00bb, bromeaba alguien.<\/p>\n<p>                   <img class=\"centro_sinmarco\" height=\"583\" width=\"1406\" loading=\"lazy\" decoding=\"async\"  fetchpriority=\"high\"  src=\"https:\/\/www.europesays.com\/es\/wp-content\/uploads\/2025\/10\/1759406229_958_450_1000.jpeg\" alt=\"X Men\"\/><\/p>\n<p>        Fuente: therussobrothers en Instagram<\/p>\n<p>Claro que los fans m\u00e1s dedicados s\u00ed han visto probablemente <a rel=\"noopener, noreferrer nofollow\" href=\"https:\/\/www.inverse.com\/entertainment\/avengers-doomsday-set-photo-avengers-vs-xmen\" target=\"_blank\">las pistas<\/a> a las que se est\u00e1n refiriendo. <strong>La decoraci\u00f3n del set es sospechosa<\/strong>, a la izquierda se puede apreciar lo que parece una \u00abA\u00bb de \u00abAvengers\u00bb, mientras que a la derecha, algo m\u00e1s complicado de detectar, los andamios forman muchas \u00abX\u00bb, que inmediatamente hacen pensar en los \u00abX-Men\u00bb.<\/p>\n<p>Ya nos hab\u00edan confirmado que los mutantes aparecer\u00edan en esta pel\u00edcula de un modo u otro gracias a aquel v\u00eddeo del <a class=\"text-outboundlink\" href=\"https:\/\/www.espinof.com\/actores-y-actrices\/marvel-desvela-mayor-secreto-vengadores-doomsday-este-reparto-principal-proximo-gran-evento-superheroes\" data-vars-post-title=\"&#039;Vengadores 5&#039; confirma a los X-Men. Marvel desvela el mega reparto de su pr\u00f3ximo gran evento de superh\u00e9roes\" data-vars-post-url=\"https:\/\/www.espinof.com\/actores-y-actrices\/marvel-desvela-mayor-secreto-vengadores-doomsday-este-reparto-principal-proximo-gran-evento-superheroes\" rel=\"nofollow noopener\" target=\"_blank\">mega reparto<\/a>, pero no estaba a\u00fan claro c\u00f3mo encajar\u00edan en la trama. Este posicionamiento de las iniciales, sin embargo, \u00abA y X\u00bb, parece apelar al diminutivo <strong>&#8216;<\/strong><strong>AvX<\/strong><strong>&#8216;<\/strong>, uno de los eventos m\u00e1s grandes en la historia reciente de los comics de Marvel, en el que la amenaza de Fuerza F\u00e9nix (una entidad c\u00f3smica relacionada con Jean Grey) crea toda una guerra civil superher\u00f3ica entre los Vengadores, que creen que puede suponer el final de la humanidad, y los mutantes, para los cuales puede suponer el renacimiento de su especie.<\/p>\n<p>\u00bf<strong>C\u00f3mo encaja esto con una pel\u00edcula llamada &#8216;Doomsday&#8217;<\/strong> y con todo el embrollo multiversal que lleva haciendo Marvel un tiempo? Esa es la pregunta que llevan los fans haci\u00e9ndose desde el a\u00f1o pasado, y hasta hace muy poco estaban convencidos de que una trama inspirada en AvX <a rel=\"noopener, noreferrer nofollow\" href=\"https:\/\/www.reddit.com\/r\/marvelstudios\/comments\/1ee39b0\/doomsday_basically_kills_all_the_avengers_vs_xmen\/\" target=\"_blank\">no podr\u00eda casar<\/a> con una pel\u00edcula que ponga su foco en Doom. Son otros los que han especulado que &#8216;Doomsday&#8217; estar\u00eda directamente inspirada en parte de la etapa de Jonathan Hickman con Los Vengadores, que en los c\u00f3mics acaba derivando en &#8216;Secret Wars&#8217;, y que nada tiene que ver con el conflicto de &#8216;AvX&#8217;.<\/p>\n<p>Como la gran mayor\u00eda de pel\u00edculas del MCU, es de esperar que &#8216;Doomsday&#8217; sea otro c\u00f3ctel de emblem\u00e1ticas tramas comiqueras en lugar de seguir una sola fuente. Ni siquiera cintas como <a class=\"text-outboundlink\" href=\"https:\/\/www.espinof.com\/criticas\/capitan-america-civil-war-la-mejor-pelicula-de-marvel-hasta-ahora\" data-vars-post-title=\"&#039;Capit\u00e1n Am\u00e9rica: Civil War&#039;, la mejor pel\u00edcula de Marvel (hasta ahora)\" data-vars-post-url=\"https:\/\/www.espinof.com\/criticas\/capitan-america-civil-war-la-mejor-pelicula-de-marvel-hasta-ahora\" rel=\"nofollow noopener\" target=\"_blank\">&#8216;Civil War&#8217;<\/a> o <a class=\"text-outboundlink\" href=\"https:\/\/www.espinof.com\/disney-plus\/vengadores-tuvo-su-primera-gran-secuela-hace-decada-espectaculo-barroco-que-nos-temer-incesante-expansion-su-universo\" data-vars-post-title=\"&#039;Los Vengadores&#039; tuvo su primera gran secuela hace una d\u00e9cada. Un espect\u00e1culo barroco que ya nos hac\u00eda temer la incesante expansi\u00f3n de su universo\" data-vars-post-url=\"https:\/\/www.espinof.com\/disney-plus\/vengadores-tuvo-su-primera-gran-secuela-hace-decada-espectaculo-barroco-que-nos-temer-incesante-expansion-su-universo\" rel=\"nofollow noopener\" target=\"_blank\">&#8216;La era de Ultr\u00f3n&#8217;<\/a>, que tienen equivalencia directa con los tebeos, ten\u00edan mucho que ver con ellos. Igual que se hizo con la dupla <a class=\"text-outboundlink\" href=\"https:\/\/www.espinof.com\/criticas\/vengadores-infinity-war-se-queda-cerca-de-convertirse-en-la-aventura-definitiva-de-marvel-critica-sin-spoilers\" data-vars-post-title=\"&#039;Vengadores: Infinity War&#039; se queda cerca de convertirse en la aventura definitiva de Marvel (cr\u00edtica sin spoilers)\" data-vars-post-url=\"https:\/\/www.espinof.com\/criticas\/vengadores-infinity-war-se-queda-cerca-de-convertirse-en-la-aventura-definitiva-de-marvel-critica-sin-spoilers\" rel=\"nofollow noopener\" target=\"_blank\">&#8216;Infinity War&#8217;<\/a> y <a class=\"text-outboundlink\" href=\"https:\/\/www.espinof.com\/criticas\/vengadores-endgame-critica-spoilers-excelente-colofon-para-mcu-puntualmente-innovador-sobrado-epica\" data-vars-post-title=\"&#039;Vengadores: Endgame&#039; (cr\u00edtica sin spoilers): un excelente colof\u00f3n para el MCU, puntualmente innovador pero sobrado de \u00e9pica\" data-vars-post-url=\"https:\/\/www.espinof.com\/criticas\/vengadores-endgame-critica-spoilers-excelente-colofon-para-mcu-puntualmente-innovador-sobrado-epica\" rel=\"nofollow noopener\" target=\"_blank\">&#8216;Endgame&#8217;<\/a>, &#8216;Doomsday&#8217; parece ser la antesala del gran conflicto multiversal que supone &#8216;Secret Wars&#8217;, trayendo de forma definitiva al universo Fox y entrent\u00e1ndolo con el MCU.<\/p>\n<p>En Espinof | <a class=\"text-outboundlink\" href=\"https:\/\/www.espinof.com\/actores-y-actrices\/elizabeth-olsen-no-recuerda-para-nada-haber-actuado-esta-serie-marvel-no-tengo-idea-que-pasa\" data-vars-post-title=\"Elizabeth Olsen no recuerda para nada haber actuado en esta serie de Marvel. &quot;No tengo ni idea de lo que pasa&quot; \" data-vars-post-url=\"https:\/\/www.espinof.com\/actores-y-actrices\/elizabeth-olsen-no-recuerda-para-nada-haber-actuado-esta-serie-marvel-no-tengo-idea-que-pasa\" rel=\"nofollow noopener\" target=\"_blank\">Elizabeth Olsen no recuerda para nada haber actuado en esta serie de Marvel. \u00abNo tengo ni idea de lo que pasa\u00bb<\/a><\/p>\n<p>En Espinof | <a class=\"text-outboundlink\" href=\"https:\/\/www.espinof.com\/actores-y-actrices\/estas-imagenes-rodaje-4-fantasticos-primeros-pasos-muestran-increible-transformacion-ralph-ineson-galactus-regalo-increible-para-actor\" data-vars-post-title=\"Un Galactus real impone m\u00e1s. Estas im\u00e1genes in\u00e9ditas del rodaje muestran al espectacular villano de Marvel: &quot;Es un regalo incre\u00edble para un actor&quot;\" data-vars-post-url=\"https:\/\/www.espinof.com\/actores-y-actrices\/estas-imagenes-rodaje-4-fantasticos-primeros-pasos-muestran-increible-transformacion-ralph-ineson-galactus-regalo-increible-para-actor\" rel=\"nofollow noopener\" target=\"_blank\">Un Galactus real impone m\u00e1s. Estas im\u00e1genes in\u00e9ditas del rodaje muestran al espectacular villano de Marvel: \u00abEs un regalo incre\u00edble para un actor\u00bb<\/a><\/p>\n<p> <script async src=\"\/\/www.instagram.com\/embed.js\"><\/script><\/p>\n","protected":false},"excerpt":{"rendered":"Se est\u00e1 fraguando a fuego lento el hype con &#8216;Vengadores: Doomsday&#8217;. Hace ya m\u00e1s de un a\u00f1o que&hellip;\n","protected":false},"author":2,"featured_media":152660,"comment_status":"","ping_status":"","sticky":false,"template":"","format":"standard","meta":{"footnotes":""},"categories":[169],"tags":[177,146,147,25,24,176,175,23],"class_list":{"0":"post-152659","1":"post","2":"type-post","3":"status-publish","4":"format-standard","5":"has-post-thumbnail","7":"category-cine","8":"tag-cine","9":"tag-entertainment","10":"tag-entretenimiento","11":"tag-es","12":"tag-espana","13":"tag-film","14":"tag-movies","15":"tag-spain"},"share_on_mastodon":{"url":"","error":""},"_links":{"self":[{"href":"https:\/\/www.europesays.com\/es\/wp-json\/wp\/v2\/posts\/152659","targetHints":{"allow":["GET"]}}],"collection":[{"href":"https:\/\/www.europesays.com\/es\/wp-json\/wp\/v2\/posts"}],"about":[{"href":"https:\/\/www.europesays.com\/es\/wp-json\/wp\/v2\/types\/post"}],"author":[{"embeddable":true,"href":"https:\/\/www.europesays.com\/es\/wp-json\/wp\/v2\/users\/2"}],"replies":[{"embeddable":true,"href":"https:\/\/www.europesays.com\/es\/wp-json\/wp\/v2\/comments?post=152659"}],"version-history":[{"count":0,"href":"https:\/\/www.europesays.com\/es\/wp-json\/wp\/v2\/posts\/152659\/revisions"}],"wp:featuredmedia":[{"embeddable":true,"href":"https:\/\/www.europesays.com\/es\/wp-json\/wp\/v2\/media\/152660"}],"wp:attachment":[{"href":"https:\/\/www.europesays.com\/es\/wp-json\/wp\/v2\/media?parent=152659"}],"wp:term":[{"taxonomy":"category","embeddable":true,"href":"https:\/\/www.europesays.com\/es\/wp-json\/wp\/v2\/categories?post=152659"},{"taxonomy":"post_tag","embeddable":true,"href":"https:\/\/www.europesays.com\/es\/wp-json\/wp\/v2\/tags?post=152659"}],"curies":[{"name":"wp","href":"https:\/\/api.w.org\/{rel}","templated":true}]}}