{"id":152663,"date":"2025-10-02T11:59:04","date_gmt":"2025-10-02T11:59:04","guid":{"rendered":"https:\/\/www.europesays.com\/es\/152663\/"},"modified":"2025-10-02T11:59:04","modified_gmt":"2025-10-02T11:59:04","slug":"osakidetza-abre-la-vacunacion-de-la-gripe-el-lunes-para-mayores-de-60-anos-y-poblacion-de-riesgo","status":"publish","type":"post","link":"https:\/\/www.europesays.com\/es\/152663\/","title":{"rendered":"Osakidetza abre la vacunaci\u00f3n de la gripe el lunes para mayores de 60 a\u00f1os y poblaci\u00f3n de riesgo"},"content":{"rendered":"<p>\t\t\t\t\t<img width=\"880\" height=\"495\" src=\"https:\/\/www.europesays.com\/es\/wp-content\/uploads\/2025\/10\/fotonoticia_20251002131023_1920-880x495.jpg\" class=\"attachment-noticia size-noticia wp-post-image\" alt=\"Osakidetza abre la vacunaci\u00f3n de la gripe el lunes para mayores de 60 a\u00f1os y poblaci\u00f3n de riesgo\" decoding=\"async\" fetchpriority=\"high\"  \/>\t\t\t\t<\/p>\n<p>         \t<a href=\"https:\/\/www.caritasbi.org\/cas\/?rp_banner_movil\" target=\"_blank\" rel=\"nofollow noopener\" onclick=\"ga(&#039;send&#039;, &#039;event&#039;, &#039;Publicidad&#039;, &#039;C\u00e1ritas Bizkaia&#039;, &#039;banner_movil&#039;, 1);\"><\/p>\n<p>\t\t\t \t\t\t\t\t \t\t\t\t\t \t<img decoding=\"async\" class=\"d-xl-none mb-3 w-100\" src=\"https:\/\/www.europesays.com\/es\/wp-content\/uploads\/2025\/10\/BANNER-CARITAS-960X300-jpg.webp.webp\" alt=\"Banner de C\u00e1ritas Bizkaia en Bilbao\" width=\"320\" height=\"100\" loading=\"lazy\"\/><\/p>\n<p>\t\t  \t<\/a><\/p>\n<p>\t\t\tInicio de la campa\u00f1a en Euskadi<\/p>\n<p data-start=\"407\" data-end=\"783\">A partir del pr\u00f3ximo <strong data-start=\"428\" data-end=\"450\">lunes 6 de octubre<\/strong>, <a href=\"https:\/\/www.osakidetza.euskadi.eus\/portada\/\" rel=\"nofollow noopener\" target=\"_blank\"><strong data-start=\"452\" data-end=\"466\">Osakidetza<\/strong> <\/a>dar\u00e1 comienzo a la campa\u00f1a de vacunaci\u00f3n de la gripe dirigida a <strong data-start=\"531\" data-end=\"622\">mayores de 60 a\u00f1os, poblaci\u00f3n infantil de entre 6 meses y 5 a\u00f1os y colectivos de riesgo<\/strong> en Euskadi. Entre ellos se incluyen personas con patolog\u00edas cr\u00f3nicas, mujeres embarazadas, personal sanitario, de servicios sociales, educativos y esenciales.<\/p>\n<p>Vacunaci\u00f3n combinada con covid<\/p>\n<p data-start=\"821\" data-end=\"1122\">De manera simult\u00e1nea, las personas de riesgo y los <strong data-start=\"872\" data-end=\"894\">mayores de 75 a\u00f1os<\/strong> podr\u00e1n vacunarse frente al covid. En el caso de los mayores de 80 a\u00f1os, <strong data-start=\"967\" data-end=\"1018\">Osakidetza contactar\u00e1 directamente por tel\u00e9fono<\/strong> para agilizar la cita. El resto de la ciudadan\u00eda podr\u00e1 acceder a la vacunaci\u00f3n a partir de noviembre.<\/p>\n<p>Cobertura del a\u00f1o pasado y objetivos<\/p>\n<p data-start=\"1166\" data-end=\"1490\">El consejero de Salud, <strong data-start=\"1189\" data-end=\"1209\">Alberto Mart\u00ednez<\/strong>, ha recordado que en la campa\u00f1a anterior se alcanz\u00f3 una cobertura del <strong data-start=\"1280\" data-end=\"1311\">57,5% en mayores de 60 a\u00f1os<\/strong> y del <strong data-start=\"1318\" data-end=\"1346\">41% en menores de 5 a\u00f1os<\/strong>, duplicando los resultados del a\u00f1o anterior. En el caso de las embarazadas, la cobertura fue del 52%. Este a\u00f1o se espera superar esas cifras.<\/p>\n<p>Vacuna intranasal para ni\u00f1os<\/p>\n<p data-start=\"1526\" data-end=\"1816\">Por tercer a\u00f1o consecutivo se vacunar\u00e1 a los ni\u00f1os de entre 6 meses y 5 a\u00f1os, con opci\u00f3n de <strong data-start=\"1618\" data-end=\"1643\">vacunaci\u00f3n intranasal<\/strong> desde los 2 a\u00f1os, para evitar molestias. Adem\u00e1s, contin\u00faa la vacunaci\u00f3n contra la bronquiolitis en reci\u00e9n nacidos, prematuros y menores de 2 a\u00f1os con patolog\u00edas cr\u00f3nicas.<\/p>\n<p>M\u00e1s protecci\u00f3n para mayores de 75 a\u00f1os<\/p>\n<p data-start=\"1862\" data-end=\"2151\">Este a\u00f1o se incorpora la <strong data-start=\"1887\" data-end=\"1906\">vacuna adyuvada<\/strong> para todas las personas mayores de 75 a\u00f1os, que ofrece mayor eficacia. En total, se han adquirido <strong data-start=\"2005\" data-end=\"2031\">450.000 dosis est\u00e1ndar<\/strong>, <strong data-start=\"2033\" data-end=\"2056\">35.000 intranasales<\/strong> y <strong data-start=\"2059\" data-end=\"2080\">300.000 adyuvadas<\/strong>, adem\u00e1s de 1.200 para personas al\u00e9rgicas al huevo o aminogluc\u00f3sidos.<\/p>\n<p>Refuerzo del personal sanitario<\/p>\n<p data-start=\"2190\" data-end=\"2542\">Para garantizar el despliegue, Osakidetza ha contratado a <strong data-start=\"2248\" data-end=\"2278\">200 enfermeras adicionales<\/strong>, que se suman al personal habitual, y a <strong data-start=\"2319\" data-end=\"2342\">100 administrativos<\/strong>. Seg\u00fan la subdirectora de Enfermer\u00eda, <strong data-start=\"2381\" data-end=\"2400\">Beatriz Cubeiro<\/strong>, \u201clas enfermeras son un pilar fundamental, ya que no solo administramos vacunas, sino que lideramos, educamos y acompa\u00f1amos en el proceso\u201d.<\/p>\n<p>Recomendaciones de prevenci\u00f3n<\/p>\n<p data-start=\"2579\" data-end=\"2796\">Adem\u00e1s de la vacunaci\u00f3n, Salud insiste en mantener medidas preventivas frente a gripe y covid, como <strong data-start=\"2679\" data-end=\"2793\">higiene de manos, ventilaci\u00f3n de espacios, uso de mascarilla con s\u00edntomas y protecci\u00f3n de personas vulnerables<\/strong>.<\/p>\n","protected":false},"excerpt":{"rendered":"Inicio de la campa\u00f1a en Euskadi A partir del pr\u00f3ximo lunes 6 de octubre, Osakidetza dar\u00e1 comienzo a&hellip;\n","protected":false},"author":2,"featured_media":152664,"comment_status":"","ping_status":"","sticky":false,"template":"","format":"standard","meta":{"footnotes":""},"categories":[92],"tags":[46106,25,24,165,6115,166,23],"class_list":{"0":"post-152663","1":"post","2":"type-post","3":"status-publish","4":"format-standard","5":"has-post-thumbnail","7":"category-salud","8":"tag-campana-de-vacunacion","9":"tag-es","10":"tag-espana","11":"tag-health","12":"tag-osakidetza","13":"tag-salud","14":"tag-spain"},"share_on_mastodon":{"url":"","error":""},"_links":{"self":[{"href":"https:\/\/www.europesays.com\/es\/wp-json\/wp\/v2\/posts\/152663","targetHints":{"allow":["GET"]}}],"collection":[{"href":"https:\/\/www.europesays.com\/es\/wp-json\/wp\/v2\/posts"}],"about":[{"href":"https:\/\/www.europesays.com\/es\/wp-json\/wp\/v2\/types\/post"}],"author":[{"embeddable":true,"href":"https:\/\/www.europesays.com\/es\/wp-json\/wp\/v2\/users\/2"}],"replies":[{"embeddable":true,"href":"https:\/\/www.europesays.com\/es\/wp-json\/wp\/v2\/comments?post=152663"}],"version-history":[{"count":0,"href":"https:\/\/www.europesays.com\/es\/wp-json\/wp\/v2\/posts\/152663\/revisions"}],"wp:featuredmedia":[{"embeddable":true,"href":"https:\/\/www.europesays.com\/es\/wp-json\/wp\/v2\/media\/152664"}],"wp:attachment":[{"href":"https:\/\/www.europesays.com\/es\/wp-json\/wp\/v2\/media?parent=152663"}],"wp:term":[{"taxonomy":"category","embeddable":true,"href":"https:\/\/www.europesays.com\/es\/wp-json\/wp\/v2\/categories?post=152663"},{"taxonomy":"post_tag","embeddable":true,"href":"https:\/\/www.europesays.com\/es\/wp-json\/wp\/v2\/tags?post=152663"}],"curies":[{"name":"wp","href":"https:\/\/api.w.org\/{rel}","templated":true}]}}