{"id":15267,"date":"2025-07-31T02:18:12","date_gmt":"2025-07-31T02:18:12","guid":{"rendered":"https:\/\/www.europesays.com\/es\/15267\/"},"modified":"2025-07-31T02:18:12","modified_gmt":"2025-07-31T02:18:12","slug":"revelan-nuevo-baterista-de-foo-fighters-y-que-pasara-con-el-actual","status":"publish","type":"post","link":"https:\/\/www.europesays.com\/es\/15267\/","title":{"rendered":"Revelan nuevo baterista de Foo Fighters y qu\u00e9 pasar\u00e1 con el actual"},"content":{"rendered":"<p>                                        ENVIAR<\/p>\n<p>                                            <img decoding=\"async\" src=\"https:\/\/www.europesays.com\/es\/wp-content\/uploads\/2025\/07\/ajax-loader.gif\"\/><br \/>\n                                            Enviando correcci\u00f3n, espere un momento&#8230;<\/p>\n<p>                                                \u00d7<\/p>\n<p>                                            <strong>Por favor complete todos los campos y haga check para certificar la veracidad de los datos antes de enviar la correccion.<\/strong>\n                                        <\/p>\n<p>                                                \u00d7<\/p>\n<p>                                            <strong>Por favor ingrese en e-mail valido.<\/strong>\n                                        <\/p>\n<p>                                                \u00d7<\/p>\n<p>Su mensaje fue enviado \u00a1exitosamente!<\/p>\n<p>Atenderemos su correci\u00f3n cuanto antes<\/p>\n<p>            Artes y Cultura<\/p>\n<p>            &gt;<\/p>\n<p>     Noticia<\/p>\n<p>Mi\u00e9rcoles 30 julio de 2025 | 21:01<\/p>\n<p>        <img decoding=\"async\" src=\"https:\/\/www.europesays.com\/es\/wp-content\/uploads\/2025\/07\/984.jpg\" alt=\"\"\/><\/p>\n<p>        <a class=\"nombre\" href=\"https:\/\/www.biobiochile.cl\/lista\/busca-2020\/autores\/Econtreras\" target=\"_blank\" rel=\"nofollow noopener\">Emilio Contreras<\/a><\/p>\n<p class=\"cargo\">Periodista especializado en Cultura. Colaborador de Magazine en BioBioChile<\/p>\n<p>            <img decoding=\"async\" src=\"https:\/\/www.europesays.com\/es\/wp-content\/uploads\/2025\/07\/984.jpg\" alt=\"Foto autor\"\/><\/p>\n<p class=\"nombres\">\n                <a href=\"https:\/\/www.biobiochile.cl\/lista\/autores\/Econtreras\" target=\"_blank\" rel=\"nofollow noopener\">Emilio Contreras<\/a><\/p>\n<p class=\"cargo\">Periodista especializado en Cultura. Colaborador de Magazine en BioBioChile<\/p>\n<p>                <a href=\"https:\/\/www.biobiochile.cl\/noticias\/artes-y-cultura\/musica\/2025\/07\/30\/mailto:econtreras@biobiochile.cl\" rel=\"nofollow noopener\" target=\"_blank\"><\/a><\/p>\n<p>        <img decoding=\"async\" src=\"https:\/\/www.europesays.com\/es\/wp-content\/uploads\/2025\/07\/984.jpg\" alt=\"Foto autor\"\/><\/p>\n<p class=\"nombres\">\n<p><a href=\"https:\/\/www.biobiochile.cl\/lista\/autores\/Econtreras\" target=\"_blank\" rel=\"nofollow noopener\">Emilio Contreras<\/a><\/p>\n<p class=\"cargo\">Periodista especializado en Cultura. Colaborador de Magazine en BioBioChile<\/p>\n<p><a href=\"https:\/\/www.biobiochile.cl\/noticias\/artes-y-cultura\/musica\/2025\/07\/30\/mailto:econtreras@biobiochile.cl\" rel=\"nofollow noopener\" target=\"_blank\"><\/a><\/p>\n<p>            <img decoding=\"async\" class=\"post-image-principal\" src=\"https:\/\/www.europesays.com\/es\/wp-content\/uploads\/2025\/07\/revelan-nombre-nuevo-baterista-foo-fighters-que-pasara-actual-integrante--750x400.jpg\" alt=\"Revelan nombre del nuevo baterista de Foo Fighters y qu\u00e9 pasar\u00e1 con actual integrante\"\/><\/p>\n<p>            <a href=\"https:\/\/media.biobiochile.cl\/wp-content\/uploads\/2025\/07\/social-revelan-nombre-nuevo-baterista-foo-fighters-que-pasara-actual-integrante-.jpg\" target=\"_blank\" rel=\"nofollow noopener\"><\/p>\n<p>            <\/a><\/p>\n<p>                            <img decoding=\"async\" class=\"imagen-icon\" src=\"https:\/\/www.europesays.com\/es\/wp-content\/uploads\/2025\/07\/icon.png\"\/><br \/>\n                             VER RESUMEN<\/p>\n<p>                                Resumen generado con una herramienta de Inteligencia Artificial desarrollada por BioBioChile y revisado por el autor de\u00a0este art\u00edculo.<\/p>\n<p>El nuevo baterista de Foo Fighters es el m\u00fasico estadounidense Ilan Rubin, reconocido por su trabajo en Nine Inch Nails, Angels &amp; Airwaves y Lostprophets. La noticia fue revelada por The Hollywood Reporter, indicando que Rubin reemplaza a Josh Freese, quien se uni\u00f3 al grupo en 2023 tras el fallecimiento de Taylor Hawkins. Rubin, el residente m\u00e1s joven del Sal\u00f3n de la Fama del Rock &amp; Roll, tambi\u00e9n se une a Nine Inch Nails, mientras que Freese se une a esta \u00faltima banda. <\/p>\n<p>Desde Estados Unidos fue revelado el nombre del nuevo baterista de <strong>Foo Fighters <\/strong>: el m\u00fasico estadounidense <strong>Ilan Rubin<\/strong>, reconocido por su trabajo en la banda <strong>Nine Inch Nails<\/strong> adem\u00e1s de <strong>Angels &amp; Airwaves y Lostprophets<\/strong>, entre otros.<\/p>\n<p>La informaci\u00f3n fue revelada por el portal estadounidense <a href=\"https:\/\/www.hollywoodreporter.com\/news\/music-news\/foo-fighters-new-drummer-replacing-josh-freese-1236333764\/?utm_source=instagram&amp;utm_medium=social&amp;utm_campaign=feed\" rel=\"noopener nofollow\" target=\"_blank\">The Hollywood Reporter<\/a>, que cita fuentes al interior del grupo. Con esto<strong>, el residente m\u00e1s joven de la historia del Sal\u00f3n de la Fama del Rock &amp; Roll<\/strong> (por su trabajo con la banda de Trent Reznor) reemplazar\u00e1 a <strong>Josh Freese<\/strong>, quien se uni\u00f3 al grupo en 2023 como sucesor del fallecido <strong>Taylor Hawkins<\/strong>.<\/p>\n<p>Hasta el cierre de esta publicaci\u00f3n, la banda no ha emitido anuncios oficiales al respecto.<\/p>\n<p>Adem\u00e1s de integrar y colaborar en bandas como <strong>Fenix Tx, Lostprophets, Nine Inch Nails, Angels &amp; Airwaves y Paramore<\/strong>, Rubin ha desarrollado una carrera solista que se cristaliz\u00f3 en el proyecto <strong>The New Regime<\/strong> y en una saga de sencillos.<\/p>\n<p>Por otro lado, en una decisi\u00f3n inesperada y tal como cita el mismo informe de THR, el pr\u00f3ximo destino laboral de Josh Freese<strong> ser\u00e1 nada menos que Nine Inch Nails<\/strong>, quien confirm\u00f3 el arribo del m\u00fasico en di\u00e1logo con la publicaci\u00f3n estadounidense.<\/p>\n<p>En las redes sociales del colectivo, a su vez, NIN dio la bienvenida a Freese con una imagen del baterista en blanco y negro y la leyenda \u201cvamos, carajo\u201d.<\/p>\n<blockquote class=\"instagram-media\" data-instgrm-permalink=\"https:\/\/www.instagram.com\/reel\/DHcNkD1pG2S\/?utm_source=ig_embed&amp;utm_campaign=loading\" data-instgrm-version=\"14\" style=\" background:#FFF; border:0; border-radius:3px; box-shadow:0 0 1px 0 rgba(0,0,0,0.5),0 1px 10px 0 rgba(0,0,0,0.15); margin: 1px; max-width:540px; min-width:326px; padding:0; width:99.375%; width:-webkit-calc(100% - 2px); width:calc(100% - 2px);\">\n<\/blockquote>\n<p><img decoding=\"async\" loading=\"lazy\" src=\"https:\/\/www.europesays.com\/es\/wp-content\/uploads\/2025\/07\/josh-freeze--434x768.jpg\" alt=\"Revelan nombre del nuevo baterista de Foo Fighters y qu\u00e9 pasar\u00e1 con actual integrante\" width=\"434\" height=\"768\" class=\"size-large wp-image-6537688\"  \/>Instagram<\/p>\n<p class=\"google-text\">S\u00edguenos en Google News:<\/p>\n<p>                <a href=\"https:\/\/news.google.com\/publications\/CAAqBwgKMOnRrQsw9tzFAw?hl=es-419&amp;gl=CL&amp;ceid=CL%3Aes-419\" target=\"_blank\" rel=\"nofollow noopener\"><br \/>\n                    <img decoding=\"async\" src=\"https:\/\/www.europesays.com\/es\/wp-content\/uploads\/2025\/07\/logo_google_news.png\" alt=\"Logo Google News\"\/><br \/>\n                <\/a><\/p>\n<p>Suscr\u00edbete en nuestro canal de Whatsapp:<\/p>\n<p>                <a href=\"https:\/\/whatsapp.com\/channel\/0029Va59o6M2kNFwxfIND617\" target=\"_blank\" rel=\"nofollow noopener\"><br \/>\n                    <img decoding=\"async\" src=\"https:\/\/www.europesays.com\/es\/wp-content\/uploads\/2025\/07\/logo_whatsapp.png\" alt=\"Logo WhatsApp\"\/><br \/>\n                <\/a><\/p>\n<p>Suscr\u00edbete en nuestro canal de Youtube:<\/p>\n<p>                <a href=\"https:\/\/www.youtube.com\/@BioBioChile\" target=\"_blank\" rel=\"nofollow noopener\"><br \/>\n                    <img decoding=\"async\" src=\"https:\/\/www.europesays.com\/es\/wp-content\/uploads\/2025\/07\/logo_youtube.png\" alt=\"Logo Youtube\"\/><br \/>\n                <\/a><\/p>\n<p>    <a href=\"https:\/\/www.biobiochile.cl\/newsletter\/\" rel=\"nofollow noopener\" target=\"_blank\"><br \/>\n        <img decoding=\"async\" class=\"w-100 my-3\" src=\"https:\/\/www.europesays.com\/es\/wp-content\/uploads\/2025\/07\/escritorio-nota.png\"\/><br \/>\n    <\/a>    <\/p>\n<p>      <img decoding=\"async\" class=\"img-san-gines\" src=\"https:\/\/www.europesays.com\/es\/wp-content\/uploads\/2025\/07\/bg-caja-desktop.png\" alt=\"Img caja San Gin\u00e9s\"\/><br \/>\n      <a href=\"\" class=\"gtm-event-click\" data-gtm-event-source=\"Nota Caja San Gin\u00e9s\"><\/p>\n<p>      <\/a><\/p>\n<p>\n  primary:<br \/>\n  artes-y-cultura<br \/>\n  cultura\n<\/p>\n<p>                    <script async src=\"\/\/www.instagram.com\/embed.js\"><\/script><\/p>\n","protected":false},"excerpt":{"rendered":"ENVIAR Enviando correcci\u00f3n, espere un momento&#8230; \u00d7 Por favor complete todos los campos y haga check para certificar&hellip;\n","protected":false},"author":2,"featured_media":15268,"comment_status":"","ping_status":"","sticky":false,"template":"","format":"standard","meta":{"footnotes":""},"categories":[170],"tags":[10131,146,147,25,24,10132,10133,10134,10135,10136,184,185,10137,10138,1922,10139,10140,23,10141,10142,10143],"class_list":{"0":"post-15267","1":"post","2":"type-post","3":"status-publish","4":"format-standard","5":"has-post-thumbnail","7":"category-musica","8":"tag-angels-airwaves","9":"tag-entertainment","10":"tag-entretenimiento","11":"tag-es","12":"tag-espana","13":"tag-fenix-tx","14":"tag-foo-fighters","15":"tag-ilan-rubin","16":"tag-josh-freese","17":"tag-lostprophets","18":"tag-music","19":"tag-musica","20":"tag-nine-inch-nails","21":"tag-paramore","22":"tag-redes-sociales","23":"tag-salon-de-la-fama-del-rock-roll","24":"tag-seleccion-tendencias","25":"tag-spain","26":"tag-taylor-hawkins","27":"tag-the-hollywood-reporter","28":"tag-the-new-regime"},"share_on_mastodon":{"url":"","error":""},"_links":{"self":[{"href":"https:\/\/www.europesays.com\/es\/wp-json\/wp\/v2\/posts\/15267","targetHints":{"allow":["GET"]}}],"collection":[{"href":"https:\/\/www.europesays.com\/es\/wp-json\/wp\/v2\/posts"}],"about":[{"href":"https:\/\/www.europesays.com\/es\/wp-json\/wp\/v2\/types\/post"}],"author":[{"embeddable":true,"href":"https:\/\/www.europesays.com\/es\/wp-json\/wp\/v2\/users\/2"}],"replies":[{"embeddable":true,"href":"https:\/\/www.europesays.com\/es\/wp-json\/wp\/v2\/comments?post=15267"}],"version-history":[{"count":0,"href":"https:\/\/www.europesays.com\/es\/wp-json\/wp\/v2\/posts\/15267\/revisions"}],"wp:featuredmedia":[{"embeddable":true,"href":"https:\/\/www.europesays.com\/es\/wp-json\/wp\/v2\/media\/15268"}],"wp:attachment":[{"href":"https:\/\/www.europesays.com\/es\/wp-json\/wp\/v2\/media?parent=15267"}],"wp:term":[{"taxonomy":"category","embeddable":true,"href":"https:\/\/www.europesays.com\/es\/wp-json\/wp\/v2\/categories?post=15267"},{"taxonomy":"post_tag","embeddable":true,"href":"https:\/\/www.europesays.com\/es\/wp-json\/wp\/v2\/tags?post=15267"}],"curies":[{"name":"wp","href":"https:\/\/api.w.org\/{rel}","templated":true}]}}