{"id":152671,"date":"2025-10-02T12:03:12","date_gmt":"2025-10-02T12:03:12","guid":{"rendered":"https:\/\/www.europesays.com\/es\/152671\/"},"modified":"2025-10-02T12:03:12","modified_gmt":"2025-10-02T12:03:12","slug":"el-salto-edicion-general-8","status":"publish","type":"post","link":"https:\/\/www.europesays.com\/es\/152671\/","title":{"rendered":"&#8211; El Salto &#8211; Edici\u00f3n General"},"content":{"rendered":"<p>Italia se prepara para un viernes de paralizaci\u00f3n total. El mayor sindicato italiano, la CGIL, <a href=\"https:\/\/www.cgil.it\/ci-occupiamo-di\/politiche-internazionali\/cgil-landini-sciopero-generale-se-bloccano-la-flotilla-difendiamo-diritti-pace-e-palestina-anmlvxr4\" target=\"_blank\" rel=\"nofollow noopener\">ha anunciado la convocatoria de una huelga general<\/a> en se\u00f1al de protesta por el abordaje en alta mar de la Flotilla Global Sumud, que intentaba entregar ayuda humanitaria en la Franja de Gaza. A esta decisi\u00f3n se han sumado otros colectivos, como la central USB, y <a href=\"https:\/\/www.repubblica.it\/cronaca\/2025\/10\/02\/news\/flotilla_sciopero_generale_manifestazioni-424884518\/?ref=RHHD-T3\" target=\"_blank\" rel=\"nofollow noopener\">se espera que la movilizaci\u00f3n afecte<\/a> al transporte, puertos, escuelas y servicios p\u00fablicos en todo el pa\u00eds.<\/p>\n<p>La medida sindical llega como respuesta inmediata al episodio ocurrido durante la madrugada de este jueves: fuerzas israel\u00edes <a href=\"https:\/\/www.elsaltodiario.com\/palestina\/barcos-guerra-israelies-rodean-flotilla-directo\" target=\"_blank\" rel=\"nofollow noopener\">han interceptado ya<\/a> la mayor parte de las embarcaciones de la Flotilla. Los detenidos ser\u00e1n trasladados, seg\u00fan el Estado sionista, al puerto de Ashdod, entre ellos ciudadanos italianos y activistas internacionales, tambi\u00e9n espa\u00f1oles.<\/p>\n<p>Maurizio Landini, secretario general de la CGIL, ha advertido que un ataque israel\u00ed contra la Flotilla ser\u00eda considerado \u201cun acto de guerra\u201d y que este tipo de agresi\u00f3n no podr\u00eda quedar sin respuesta social. En su convocatoria, el sindicato subraya que no se trata de una movilizaci\u00f3n dirigida \u00fanicamente al Gobierno de Israel, sino una protesta en Italia contra lo que considera una \u201cviolaci\u00f3n del derecho internacional y de los derechos humanos.\u201d<\/p>\n<p>Por su parte, la\u00a0Unione Sindacale di Base (USB) reafirm\u00f3 su adhesi\u00f3n a la huelga general y reclam\u00f3 que se rompan las relaciones con Israel, acus\u00e1ndolo de mantener un \u201cestado genocida\u201d sobre Gaza. La protesta fue anunciada incluso antes de la intercepci\u00f3n, como medida preventiva si Israel decid\u00eda actuar contra la flotilla.<\/p>\n<p>Movilizaciones masivas y tensi\u00f3n social<\/p>\n<p>Desde la noche del jueves se han estado produciendo protestas espont\u00e1neas en muchas ciudades italianas. En Roma, m\u00e1s de 15.000 personas se congregaron cerca de la estaci\u00f3n Termini, intentando avanzar hacia el Palazzo Chigi, sede del Gobierno, aunque el camino fue cortado por un fuerte dispositivo policial. En otras ciudades como Mil\u00e1n, N\u00e1poles o G\u00e9nova se registraron bloqueos en estaciones de tren y actos de solidaridad similares.<\/p>\n<p>Partidos de la oposici\u00f3n y movimientos sociales se han sumado al llamamiento. La manifestaci\u00f3n prevista para el s\u00e1bado en Roma mantiene vigilia, con expectativa de nuevas movilizaciones si la huelga no logra frenar la intervenci\u00f3n militar israel\u00ed.<\/p>\n<p>El ministro de Infraestructura y Transporte, Matteo Salvini, rechaz\u00f3 la legitimidad del paro sin aviso previo, advirtiendo que la convocatoria est\u00e1 fuera de los supuestos legales y acus\u00f3 a los sindicatos de \u201cincitar al caos\u201d. Por su parte,\u00a0la presidenta italiana Giorgia Meloni ha dicho que los trabajadores \u201cno quieren la paz\u201d solo \u201cbuscan un fin de semana largo\u201d.<\/p>\n","protected":false},"excerpt":{"rendered":"Italia se prepara para un viernes de paralizaci\u00f3n total. El mayor sindicato italiano, la CGIL, ha anunciado la&hellip;\n","protected":false},"author":2,"featured_media":152672,"comment_status":"","ping_status":"","sticky":false,"template":"","format":"standard","meta":{"footnotes":""},"categories":[42],"tags":[517,17,18,13,14,11,13181,46107,61,62,63,64,19,20,9,10,15,16,12,21,22,65,66,67],"class_list":{"0":"post-152671","1":"post","2":"type-post","3":"status-publish","4":"format-standard","5":"has-post-thumbnail","7":"category-internacional","8":"tag-actualidad","9":"tag-breaking-news","10":"tag-breakingnews","11":"tag-featured-news","12":"tag-featurednews","13":"tag-headlines","14":"tag-huelga","15":"tag-huelga-general","16":"tag-internacional","17":"tag-international","18":"tag-international-news","19":"tag-internationalnews","20":"tag-latest-news","21":"tag-latestnews","22":"tag-news","23":"tag-noticias","24":"tag-noticias-destacadas","25":"tag-noticiasdestacadas","26":"tag-titulares","27":"tag-ultimas-noticias","28":"tag-ultimasnoticias","29":"tag-world","30":"tag-world-news","31":"tag-worldnews"},"share_on_mastodon":{"url":"","error":""},"_links":{"self":[{"href":"https:\/\/www.europesays.com\/es\/wp-json\/wp\/v2\/posts\/152671","targetHints":{"allow":["GET"]}}],"collection":[{"href":"https:\/\/www.europesays.com\/es\/wp-json\/wp\/v2\/posts"}],"about":[{"href":"https:\/\/www.europesays.com\/es\/wp-json\/wp\/v2\/types\/post"}],"author":[{"embeddable":true,"href":"https:\/\/www.europesays.com\/es\/wp-json\/wp\/v2\/users\/2"}],"replies":[{"embeddable":true,"href":"https:\/\/www.europesays.com\/es\/wp-json\/wp\/v2\/comments?post=152671"}],"version-history":[{"count":0,"href":"https:\/\/www.europesays.com\/es\/wp-json\/wp\/v2\/posts\/152671\/revisions"}],"wp:featuredmedia":[{"embeddable":true,"href":"https:\/\/www.europesays.com\/es\/wp-json\/wp\/v2\/media\/152672"}],"wp:attachment":[{"href":"https:\/\/www.europesays.com\/es\/wp-json\/wp\/v2\/media?parent=152671"}],"wp:term":[{"taxonomy":"category","embeddable":true,"href":"https:\/\/www.europesays.com\/es\/wp-json\/wp\/v2\/categories?post=152671"},{"taxonomy":"post_tag","embeddable":true,"href":"https:\/\/www.europesays.com\/es\/wp-json\/wp\/v2\/tags?post=152671"}],"curies":[{"name":"wp","href":"https:\/\/api.w.org\/{rel}","templated":true}]}}