{"id":152673,"date":"2025-10-02T12:04:09","date_gmt":"2025-10-02T12:04:09","guid":{"rendered":"https:\/\/www.europesays.com\/es\/152673\/"},"modified":"2025-10-02T12:04:09","modified_gmt":"2025-10-02T12:04:09","slug":"el-ayuntamiento-de-zaragoza-busca-sumar-nuevos-establecimientos-al-protocolo-municipal-contra-agresiones-sexistas-noticia-ayuntamiento-de-zaragoza","status":"publish","type":"post","link":"https:\/\/www.europesays.com\/es\/152673\/","title":{"rendered":"El Ayuntamiento de Zaragoza busca sumar nuevos establecimientos al protocolo municipal contra agresiones sexistas. Noticia. Ayuntamiento de Zaragoza"},"content":{"rendered":"<p>      Cuerpo de la noticia<\/p>\n<p>El Ayuntamiento de Zaragoza busca sumar nuevos establecimientos al protocolo de actuaci\u00f3n ante agresiones sexistas para convertirlos en lugares seguros y concienciar a la ciudadan\u00eda de que este tipo de actitudes no son aceptables en la ciudad.<\/p>\n<p>Actualmente, hay 135 establecimientos adheridos a este protocolo municipal, entre discotecas, salas de concierto, bares y cafeter\u00edas, adem\u00e1s de las pe\u00f1as, comisiones de fiestas de los barrios y centros deportivos, pero el objetivo es ampliarlo todav\u00eda m\u00e1s y llegar a la mayor\u00eda de bares de la capital aragonesa.<\/p>\n<p><img decoding=\"async\" alt=\"\" class=\"img-responsive\" src=\"https:\/\/www.europesays.com\/es\/wp-content\/uploads\/2025\/10\/REUNION1.jpeg\" style=\"width: 800px; height: 533px;\"\/><\/p>\n<p>Con esta finalidad, la consejera de Pol\u00edticas Sociales, Marian Or\u00f3s, tambi\u00e9n concejal de Igualdad, se ha reunido hoy con representantes de la Asociaci\u00f3n Profesional Caf\u00e9s y Bares, en el Ayuntamiento para avanzar en esta l\u00ednea, coincidiendo con la proximidad de las Fiestas del Pilar, aunque, como ha destacado la edil, es una acci\u00f3n pensada para todo el a\u00f1o.<\/p>\n<p>\u00abCreo que este es un tema de ciudad y que la asociaci\u00f3n &#8216;Caf\u00e9s y bares&#8217; est\u00e9 con nosotros apoyando esta iniciativa es muy importante\u00bb, ha comentado Or\u00f3s, en declaraciones a los medios de comunicaci\u00f3n, momentos antes del encuentro, quien ha se\u00f1alado que esta \u00abrelaci\u00f3n fruct\u00edfera ayuda a sensibilizar y concienciar a la ciudadan\u00eda\u00bb mediante los lemas y distintivos de la campa\u00f1a &#8216;No es no&#8217;.<\/p>\n<p>Adem\u00e1s, en el caso de que se produzca una agresi\u00f3n, los due\u00f1os y profesionales del bar saben c\u00f3mo actuar, tanto hacia el agresor como hacia la v\u00edctima, y acompa\u00f1arla en ese momento, ha a\u00f1adido.<\/p>\n<p>\u00abOcurre que, muchas veces, los peque\u00f1os aut\u00f3nomos no han escuchado hablar de este protocolo y, por eso, que lo conozcan y puedan se\u00f1alizar su bar como espacio adherido es un paso. Lo importante es que se vayan sumando poco a poco para poder ir llegando a m\u00e1s lugares y que las mujeres sepan que esa cafeter\u00eda o ese bar es un espacio seguro\u00bb, ha manifestado.<\/p>\n<p><img decoding=\"async\" alt=\"\" class=\"img-responsive\" src=\"https:\/\/www.europesays.com\/es\/wp-content\/uploads\/2025\/10\/DECLAS.jpeg\" style=\"width: 800px; height: 533px;\"\/><\/p>\n<p>Por su parte, el presidente de la Asociaci\u00f3n Profesional Caf\u00e9s y Bares, Jos\u00e9 Mar\u00eda Marteles, ha valorado esta iniciativa municipal, con la que algunos de sus asociados colaboran, as\u00ed como la oportunidad de ampliarlo a nuevos bares, ya que es una \u00abmedida efectiva\u00bb.<\/p>\n<p>\u00abTenemos que conocer c\u00f3mo actuar ante un caso de agresi\u00f3n sexista en nuestros establecimientos\u00bb, ha apuntado. El protocolo municipal es muy sencillo y recoge indicaciones para actuar tanto con la v\u00edctima como con el agresor.<\/p>\n<p>El Ayuntamiento dispone de material gr\u00e1fico en l\u00ednea con la campa\u00f1a de &#8216;No es NO&#8217;, en los colores amarillo y negro, y distintivos para colocar en el exterior del establecimiento o en otras zonas m\u00e1s sensibles o que pueden entra\u00f1ar m\u00e1s riesgo, como los ba\u00f1os.<\/p>\n<p>\u00a0<\/p>\n<p>Este tipo de carteler\u00eda busca, adem\u00e1s, concienciar y sensibilizar a la ciudadan\u00eda contra este tipo de comportamientos machistas. Adem\u00e1s del protocolo, al que los bares pueden adherirse f\u00e1cilmente a trav\u00e9s de la web municipal, se proporciona una formaci\u00f3n a los establecimientos que lo soliciten por parte del Servicio de Igualdad.<\/p>\n<p>Consulta el protocolo, los establecimientos adheridos y el material gr\u00e1fico en este enlace.<\/p>\n<p>https:\/\/www.zaragoza.es\/sede\/portal\/servicios-sociales\/mujer\/campanas\/servicio\/post\/122\/318329<\/p>\n","protected":false},"excerpt":{"rendered":"Cuerpo de la noticia El Ayuntamiento de Zaragoza busca sumar nuevos establecimientos al protocolo de actuaci\u00f3n ante agresiones&hellip;\n","protected":false},"author":2,"featured_media":152674,"comment_status":"","ping_status":"","sticky":false,"template":"","format":"standard","meta":{"footnotes":""},"categories":[8],"tags":[17,18,25,24,13,14,11,19,20,9,10,15,16,23,12,21,22],"class_list":{"0":"post-152673","1":"post","2":"type-post","3":"status-publish","4":"format-standard","5":"has-post-thumbnail","7":"category-espana","8":"tag-breaking-news","9":"tag-breakingnews","10":"tag-es","11":"tag-espana","12":"tag-featured-news","13":"tag-featurednews","14":"tag-headlines","15":"tag-latest-news","16":"tag-latestnews","17":"tag-news","18":"tag-noticias","19":"tag-noticias-destacadas","20":"tag-noticiasdestacadas","21":"tag-spain","22":"tag-titulares","23":"tag-ultimas-noticias","24":"tag-ultimasnoticias"},"share_on_mastodon":{"url":"","error":""},"_links":{"self":[{"href":"https:\/\/www.europesays.com\/es\/wp-json\/wp\/v2\/posts\/152673","targetHints":{"allow":["GET"]}}],"collection":[{"href":"https:\/\/www.europesays.com\/es\/wp-json\/wp\/v2\/posts"}],"about":[{"href":"https:\/\/www.europesays.com\/es\/wp-json\/wp\/v2\/types\/post"}],"author":[{"embeddable":true,"href":"https:\/\/www.europesays.com\/es\/wp-json\/wp\/v2\/users\/2"}],"replies":[{"embeddable":true,"href":"https:\/\/www.europesays.com\/es\/wp-json\/wp\/v2\/comments?post=152673"}],"version-history":[{"count":0,"href":"https:\/\/www.europesays.com\/es\/wp-json\/wp\/v2\/posts\/152673\/revisions"}],"wp:featuredmedia":[{"embeddable":true,"href":"https:\/\/www.europesays.com\/es\/wp-json\/wp\/v2\/media\/152674"}],"wp:attachment":[{"href":"https:\/\/www.europesays.com\/es\/wp-json\/wp\/v2\/media?parent=152673"}],"wp:term":[{"taxonomy":"category","embeddable":true,"href":"https:\/\/www.europesays.com\/es\/wp-json\/wp\/v2\/categories?post=152673"},{"taxonomy":"post_tag","embeddable":true,"href":"https:\/\/www.europesays.com\/es\/wp-json\/wp\/v2\/tags?post=152673"}],"curies":[{"name":"wp","href":"https:\/\/api.w.org\/{rel}","templated":true}]}}