{"id":152675,"date":"2025-10-02T12:05:14","date_gmt":"2025-10-02T12:05:14","guid":{"rendered":"https:\/\/www.europesays.com\/es\/152675\/"},"modified":"2025-10-02T12:05:14","modified_gmt":"2025-10-02T12:05:14","slug":"el-colegio-de-la-abogacia-de-madrid-presenta-el-7-de-octubre-la-guia-icam-de-buenas-practicas-para-el-uso-de-la-inteligencia-artificial-en-la-abogacia-icam","status":"publish","type":"post","link":"https:\/\/www.europesays.com\/es\/152675\/","title":{"rendered":"El Colegio de la Abogac\u00eda de Madrid presenta el 7 de octubre la Gu\u00eda ICAM de buenas pr\u00e1cticas para el uso de la Inteligencia Artificial en la Abogac\u00eda &#8211; ICAM"},"content":{"rendered":"<p>El Ilustre Colegio de la Abogac\u00eda de Madrid (ICAM) presentar\u00e1 el pr\u00f3ximo <strong>martes 7 de octubre, a las 9:30h<\/strong>, en el <strong>Sal\u00f3n de Actos de su sede de Serrano 9<\/strong>, la <strong>Gu\u00eda ICAM de Buenas Pr\u00e1cticas para el Uso de la Inteligencia Artificial en la Abogac\u00eda<\/strong>.<\/p>\n<p>La irrupci\u00f3n de la inteligencia artificial (IA) est\u00e1 transformando profundamente todos los sectores profesionales, y la abogac\u00eda no es una excepci\u00f3n. La Gu\u00eda ICAM responde a esta transformaci\u00f3n ofreciendo un marco de principios y recomendaciones que permiten integrar la IA en el ejercicio profesional de manera \u00e9tica, segura y eficiente. El documento ha sido elaborado con la participaci\u00f3n de distintos expertos y est\u00e1 basado en criterios de organismos oficiales, convirti\u00e9ndose en un referente pionero en el \u00e1mbito jur\u00eddico.<\/p>\n<p>El acto contar\u00e1 con la intervenci\u00f3n del Decano\u00a0<strong>Eugenio Rib\u00f3n<\/strong>\u00a0y de la Diputada de la Junta de Gobierno responsable de innovaci\u00f3n, tecnolog\u00eda y cultura,<strong>\u00a0Mabel Klimt<\/strong>, impulsora del proyecto, as\u00ed como de un coloquio entre algunos de los expertos que han contribuido a esta publicaci\u00f3n:\u00a0<strong>Santiago Mediano<\/strong>, presidente de la Secci\u00f3n de Rob\u00f3tica, IA y Realidad Aumentada del ICAM, y\u00a0<strong>Alejandro Touri\u00f1o,<\/strong>\u00a0presidente de la Secci\u00f3n TIC del ICAM.<\/p>\n<p>Antes del inicio del evento se ofrecer\u00e1 un <strong>desayuno de bienvenida<\/strong> para los asistentes.<\/p>\n<p>Las inscripciones para asistir a la presentaci\u00f3n pueden realizarse a trav\u00e9s del siguiente enlace:<\/p>\n","protected":false},"excerpt":{"rendered":"El Ilustre Colegio de la Abogac\u00eda de Madrid (ICAM) presentar\u00e1 el pr\u00f3ximo martes 7 de octubre, a las&hellip;\n","protected":false},"author":2,"featured_media":152676,"comment_status":"","ping_status":"","sticky":false,"template":"","format":"standard","meta":{"footnotes":""},"categories":[5],"tags":[17,18,25,24,13,14,11,19,20,9,10,15,16,23,12,21,22],"class_list":{"0":"post-152675","1":"post","2":"type-post","3":"status-publish","4":"format-standard","5":"has-post-thumbnail","7":"category-titulares","8":"tag-breaking-news","9":"tag-breakingnews","10":"tag-es","11":"tag-espana","12":"tag-featured-news","13":"tag-featurednews","14":"tag-headlines","15":"tag-latest-news","16":"tag-latestnews","17":"tag-news","18":"tag-noticias","19":"tag-noticias-destacadas","20":"tag-noticiasdestacadas","21":"tag-spain","22":"tag-titulares","23":"tag-ultimas-noticias","24":"tag-ultimasnoticias"},"share_on_mastodon":{"url":"","error":""},"_links":{"self":[{"href":"https:\/\/www.europesays.com\/es\/wp-json\/wp\/v2\/posts\/152675","targetHints":{"allow":["GET"]}}],"collection":[{"href":"https:\/\/www.europesays.com\/es\/wp-json\/wp\/v2\/posts"}],"about":[{"href":"https:\/\/www.europesays.com\/es\/wp-json\/wp\/v2\/types\/post"}],"author":[{"embeddable":true,"href":"https:\/\/www.europesays.com\/es\/wp-json\/wp\/v2\/users\/2"}],"replies":[{"embeddable":true,"href":"https:\/\/www.europesays.com\/es\/wp-json\/wp\/v2\/comments?post=152675"}],"version-history":[{"count":0,"href":"https:\/\/www.europesays.com\/es\/wp-json\/wp\/v2\/posts\/152675\/revisions"}],"wp:featuredmedia":[{"embeddable":true,"href":"https:\/\/www.europesays.com\/es\/wp-json\/wp\/v2\/media\/152676"}],"wp:attachment":[{"href":"https:\/\/www.europesays.com\/es\/wp-json\/wp\/v2\/media?parent=152675"}],"wp:term":[{"taxonomy":"category","embeddable":true,"href":"https:\/\/www.europesays.com\/es\/wp-json\/wp\/v2\/categories?post=152675"},{"taxonomy":"post_tag","embeddable":true,"href":"https:\/\/www.europesays.com\/es\/wp-json\/wp\/v2\/tags?post=152675"}],"curies":[{"name":"wp","href":"https:\/\/api.w.org\/{rel}","templated":true}]}}